{"id":9434,"date":"2018-03-15T21:38:30","date_gmt":"2018-03-15T20:38:30","guid":{"rendered":"https:\/\/www.partipourladecroissance.net\/?p=9434"},"modified":"2019-03-26T22:02:22","modified_gmt":"2019-03-26T21:02:22","slug":"tous-a-gonesse-dimanche-18-mars-a-partir-de-14h","status":"publish","type":"post","link":"https:\/\/www.partipourladecroissance.net\/?p=9434","title":{"rendered":"Tous \u00e0 Gonesse dimanche 18 mars \u00e0 partir de 14h"},"content":{"rendered":"<p style=\"text-align: center;\"><a href=\"https:\/\/www.partipourladecroissance.net\/?attachment_id=9435\" rel=\"attachment wp-att-9435\"><img loading=\"lazy\" decoding=\"async\" class=\"size-full wp-image-9435 aligncenter\" src=\"https:\/\/www.partipourladecroissance.net\/wp-content\/uploads\/2018\/03\/Un-autre-projet-est-possible.jpg\" alt=\"\" width=\"600\" height=\"192\" srcset=\"https:\/\/www.partipourladecroissance.net\/wp-content\/uploads\/2018\/03\/Un-autre-projet-est-possible.jpg 600w, https:\/\/www.partipourladecroissance.net\/wp-content\/uploads\/2018\/03\/Un-autre-projet-est-possible-300x96.jpg 300w\" sizes=\"auto, (max-width: 600px) 100vw, 600px\" \/><\/a><strong>L&rsquo;\u00c9cho du Triangle du 14 mars 2018<\/strong><br \/>\n<strong> Des l\u00e9gumes menac\u00e9s d\u2019expulsion par r\u00e9f\u00e9r\u00e9 !<\/strong> <a href=\"https:\/\/www.partipourladecroissance.net\/?attachment_id=9433\" rel=\"attachment wp-att-9433\"><img loading=\"lazy\" decoding=\"async\" class=\"size-full wp-image-9433 aligncenter\" src=\"https:\/\/www.partipourladecroissance.net\/wp-content\/uploads\/2018\/03\/0p4yw.jpg\" alt=\"\" width=\"600\" height=\"803\" srcset=\"https:\/\/www.partipourladecroissance.net\/wp-content\/uploads\/2018\/03\/0p4yw.jpg 600w, https:\/\/www.partipourladecroissance.net\/wp-content\/uploads\/2018\/03\/0p4yw-224x300.jpg 224w\" sizes=\"auto, (max-width: 600px) 100vw, 600px\" \/><\/a><!--more--><\/p>\n<p><strong>Suite \u00e0 l\u2019annulation de l\u2019arr\u00eat\u00e9 pr\u00e9fectoral de cr\u00e9ation de la ZAC Triangle de Gonesse, l\u2019\u00c9tablissement public foncier d\u2019Ile-de-France (EPFIF), r\u00e9agit en mauvais perdant.<\/strong><\/p>\n<p>Le CPTG a re\u00e7u par huissier de la part de l\u2019EPFIF une sommation de quitter les lieux, \u00e0 savoir la parcelle du Triangle de Gonesse, o\u00f9 plusieurs centaines de sauveteurs de terre sont venues planter, semer et manifester le 21 mai dernier.<\/p>\n<p>L\u2019EPFIF nous <em>\u00ab fait sommation de proc\u00e9der \u00e0 la suppression, \u00e0 vos frais, des plantations effectu\u00e9es sans droit ni titre sur la parcelle et de fa\u00e7on g\u00e9n\u00e9rale de quitter les lieux de toutes personnes et de tous biens, et ce imm\u00e9diatement et sans frais. \u00bb<\/em><\/p>\n<p>L\u2019EPFIF n\u2019a jamais pris aucun soin de cette parcelle qui peut produire de quoi nourrir la population.<\/p>\n<p><b>Contre les ennemis des terres, le CPTG appelle tout-e-s les sauveteurs de terre \u00e0 venir sur le Triangle, <\/b><b>chemin de la Justice \u00e0 Gonesse, le DIMANCHE 18 MARS \u00c0 14H <\/b><b>avec petites ou grandes pelles, gants, pots, outils de jardin, brouettes et teeshirts \u00ab Sauveteur de Terre \u00bb.<\/b><\/p>\n<p><strong><u>Pour s\u2019y rendre : <\/u><\/strong><\/p>\n<ul>\n<li><strong>RER B Parc des expositions, puis sortie avenue des Nations, bus 20, arr\u00eat le plus proche \u00e0 Gonesse : Carrefour de la Fontaine Cypierre, ou train + v\u00e9lo.<\/strong><\/li>\n<li><strong>ou dans Gonesse aller en haut de l\u2019avenue du 12<sup>\u00e8me<\/sup> R\u00e9giment de Cuirassiers, au giratoire aller tout droit, puis prendre \u00e0 droite Chemin de la Justice.<\/strong><\/li>\n<\/ul>\n<p><strong>Voir plan d&rsquo;acc\u00e8s <a href=\"http:\/\/uy8h.mjt.lu\/lnk\/AMUAAAFMRjcAABK5aYMAAAQWb9QAAAADzCcAAN4-AAXAxQBaqbxWt88-LStMTp6gCRDRHtwgBwAFhGE\/2\/czlfrg6mruR1aTHj-JoF8g\/aHR0cDovL25vbmFldXJvcGFjaXR5LmNvbS93cC1jb250ZW50L3VwbG9hZHMvMjAxNy8wOS9hY2Nlc19wb3RhZ2VyX0dvbmVzc2UucGRm\" data-saferedirecturl=\"https:\/\/www.google.com\/url?hl=fr&amp;q=http:\/\/uy8h.mjt.lu\/lnk\/AMUAAAFMRjcAABK5aYMAAAQWb9QAAAADzCcAAN4-AAXAxQBaqbxWt88-LStMTp6gCRDRHtwgBwAFhGE\/2\/czlfrg6mruR1aTHj-JoF8g\/aHR0cDovL25vbmFldXJvcGFjaXR5LmNvbS93cC1jb250ZW50L3VwbG9hZHMvMjAxNy8wOS9hY2Nlc19wb3RhZ2VyX0dvbmVzc2UucGRm&amp;source=gmail&amp;ust=1521222567061000&amp;usg=AFQjCNEYuodTqp3wb7Z6ULwtojb1ND3Oag\">ICI.<\/a><\/strong><\/p>\n<p>&nbsp;<\/p>\n","protected":false},"excerpt":{"rendered":"<p>L&rsquo;\u00c9cho du Triangle du 14 mars 2018 Des l\u00e9gumes menac\u00e9s d\u2019expulsion par r\u00e9f\u00e9r\u00e9 !<\/p>\n","protected":false},"author":7,"featured_media":0,"comment_status":"open","ping_status":"open","sticky":false,"template":"","format":"standard","meta":{"footnotes":""},"categories":[6,54],"tags":[],"class_list":["post-9434","post","type-post","status-publish","format-standard","hentry","category-agenda-du-p-p-l-d","category-grands-projets-inutiles-et-imposes"],"_links":{"self":[{"href":"https:\/\/www.partipourladecroissance.net\/index.php?rest_route=\/wp\/v2\/posts\/9434","targetHints":{"allow":["GET"]}}],"collection":[{"href":"https:\/\/www.partipourladecroissance.net\/index.php?rest_route=\/wp\/v2\/posts"}],"about":[{"href":"https:\/\/www.partipourladecroissance.net\/index.php?rest_route=\/wp\/v2\/types\/post"}],"author":[{"embeddable":true,"href":"https:\/\/www.partipourladecroissance.net\/index.php?rest_route=\/wp\/v2\/users\/7"}],"replies":[{"embeddable":true,"href":"https:\/\/www.partipourladecroissance.net\/index.php?rest_route=%2Fwp%2Fv2%2Fcomments&post=9434"}],"version-history":[{"count":1,"href":"https:\/\/www.partipourladecroissance.net\/index.php?rest_route=\/wp\/v2\/posts\/9434\/revisions"}],"predecessor-version":[{"id":9436,"href":"https:\/\/www.partipourladecroissance.net\/index.php?rest_route=\/wp\/v2\/posts\/9434\/revisions\/9436"}],"wp:attachment":[{"href":"https:\/\/www.partipourladecroissance.net\/index.php?rest_route=%2Fwp%2Fv2%2Fmedia&parent=9434"}],"wp:term":[{"taxonomy":"category","embeddable":true,"href":"https:\/\/www.partipourladecroissance.net\/index.php?rest_route=%2Fwp%2Fv2%2Fcategories&post=9434"},{"taxonomy":"post_tag","embeddable":true,"href":"https:\/\/www.partipourladecroissance.net\/index.php?rest_route=%2Fwp%2Fv2%2Ftags&post=9434"}],"curies":[{"name":"wp","href":"https:\/\/api.w.org\/{rel}","templated":true}]}}