{"id":9479,"date":"2019-03-09T09:58:53","date_gmt":"2019-03-09T08:58:53","guid":{"rendered":"https:\/\/www.partipourladecroissance.net\/?p=9479"},"modified":"2019-05-15T19:55:22","modified_gmt":"2019-05-15T18:55:22","slug":"appel-a-participation-europe-decroissance-2019","status":"publish","type":"post","link":"https:\/\/www.partipourladecroissance.net\/?p=9479","title":{"rendered":"Appel \u00e0 participation &#8211; Europe D\u00e9croissance 2019"},"content":{"rendered":"<p style=\"text-align: center;\"><strong>Le collectifs \u00ab\u00a0nous sommes Parti-e-s Pour La D\u00e9croissance\u00a0\u00bb soutient<\/strong><\/p>\n<p><a href=\"https:\/\/www.partipourladecroissance.net\/?attachment_id=8063\" rel=\"attachment wp-att-8063\"><img loading=\"lazy\" decoding=\"async\" class=\"alignleft size-full wp-image-8063\" src=\"https:\/\/www.partipourladecroissance.net\/wp-content\/uploads\/2012\/09\/mocppld_x.jpg\" alt=\"\" width=\"200\" height=\"53\" \/><\/a>Sans faire l&rsquo;unanimit\u00e9 parmi les d\u00e9croissants les participations \u00e9lectorales constituent depuis plus de 10 ans un mode d&rsquo;expression pratiqu\u00e9 par certains d&rsquo;entre nous. Ces exp\u00e9rimentations font partie de la diversit\u00e9 des initiatives d\u00e9croissantes, permettent de d\u00e9fricher de nouveaux chemins et rendent possible l&rsquo;appropriation des contraintes et des potentialit\u00e9s offertes par les \u00e9lections.<\/p>\n<p>Au del\u00e0 du consensus d&rsquo;une d\u00e9mocratie directe locale, coh\u00e9rente avec la relocalisation des activit\u00e9s en bio-r\u00e9gions autonomes,\u00a0 nous jugeons important de pr\u00e9ciser les \u00e9tapes de transition vers la soutenabilit\u00e9 des macro-syst\u00e8mes de production et de distribution tr\u00e8s centralis\u00e9s dont d\u00e9pend aujourd&rsquo;hui la vie de millions de personnes.<\/p>\n<p>R\u00e9fl\u00e9chir au pouvoir exclusivement en terme de d\u00e9mocratie locale, au pr\u00e9texte qu&rsquo;elle seule permet\u00a0 un contr\u00f4le direct \u00ab par la base \u00bb, c&rsquo;est s&rsquo;enlever un droit de regard sur la gestion de ces macro-syst\u00e8mes qu&rsquo;on veut voir d\u00e9cro\u00eetre, et laisser le champ libre \u00e0 ceux qui veulent les faire cro\u00eetre encore, jusqu&rsquo;\u00e0 leur effondrement.<\/p>\n<p>C&rsquo;est pourquoi nous proposons, \u00e0 c\u00f4t\u00e9 de nos engagements respectifs, de travailler les 3 prochains mois \u00e0 la m\u00e9diatisation et \u00e0 la visibilit\u00e9 des id\u00e9es de la D\u00e9croissance, de ses acteurs et de ses messagers, autour d&rsquo;une initiative \u00e9lectorale qui laisserait la plus grande place possible au tirage au sort, \u00e0 la d\u00e9mocratie directe et au foisonnement des approches d\u00e9croissantes.<\/p>\n<p>Etant donn\u00e9 les d\u00e9lais et les moyens limit\u00e9s dont nous disposons nous proposons de faire essentiellement une campagne de communication participative et num\u00e9rique afin que la d\u00e9croissance soit pr\u00e9sente \u00e0 l&rsquo;occasion du suffrage universel du 26 mai 2019.<\/p>\n<p>Nous vous proposons de vous inscrire par retour de courriel \u00e0\u00a0<strong><a href=\"mailto:decroissance2019@laposte.net\">decroissance2019@laposte.net<\/a> <u>en soulignant l&rsquo;activit\u00e9<\/u><\/strong> qui vous int\u00e9resse et <strong><u>compl\u00e9tant les renseignements<\/u> <\/strong>ci-dessous. Un cahier des charges est en cours d&rsquo;\u00e9laboration pour les postes sensibles.<\/p>\n<p>Version PDF : <a href=\"https:\/\/www.partipourladecroissance.net\/wp-content\/uploads\/2019\/03\/Appel-\u00e0-participation-v4.pdf\">clic<\/a><br \/>\nVoir aussi : <a href=\"http:\/\/decroissance-elections.fr\/\">http:\/\/decroissance-elections.fr\/<\/a><\/p>\n<p>&#8211;<\/p>\n<p><strong>Je souhaite &#8211; <u>plusieurs choix possibles<\/u> &#8211; \u00eatre\u00a0:<\/strong><!--more--><\/p>\n<p>&#8211; <span style=\"color: #ff6600;\"><strong>candidat simple<\/strong><\/span> &gt; je donne mon nom<br \/>\n&#8211; <span style=\"color: #ff6600;\">candidat actif<\/span> &gt; je donne mon nom, une partie de mon temps et je participe aux r\u00e9unions<br \/>\n&#8211; <span style=\"color: #ff6600;\">porte parole r\u00e9gional ou national<\/span> &gt; je contacte les m\u00e9dia tous les matins, je suis facilement mobilisable et je valorise mes petits camarades<br \/>\n&#8211; <span style=\"color: #ff6600;\">messager<\/span> &gt; je communique sur mes travaux, mes recherches, mes exp\u00e9rimentations mais dans le cadre la campagne<br \/>\n&#8211; <span style=\"color: #ff6600;\">soutien de la liste sans \u00eatre candidat<\/span> &gt; je pr\u00eate mon image et mon nom pour la campagne<br \/>\n&#8211; <span style=\"color: #ff6600;\">facilitateur d&rsquo;organisation<\/span> &gt; je participe aux r\u00e9unions \u00e0 distance, met en place des outils collectifs<br \/>\n&#8211; <span style=\"color: #ff6600;\">administrateur<\/span> &gt; je m&rsquo;occupe des papiers et des d\u00e9marches officielles<br \/>\n&#8211; <span style=\"color: #ff6600;\">r\u00e9dacteur<\/span> &gt; je r\u00e9ponds aux sollicitations, je r\u00e9dige des communiqu\u00e9s de presse, je r\u00e9agis \u00e0 l&rsquo;actualit\u00e9, je propose des slogans, des tweets<br \/>\n&#8211; <span style=\"color: #ff6600;\">cr\u00e9ateur de contenus<\/span> &gt; je relis et met en forme des textes, je r\u00e9alise des dessins, des vid\u00e9os, le clip de campagne, etc.<br \/>\n&#8211; <span style=\"color: #ff6600;\">soutien financier<\/span> &gt; je peux d\u00e9duire de mes imp\u00f4ts les 2\/3 des montants investis<br \/>\n&#8211; <span style=\"color: #ff6600;\">je souhaite m&rsquo;investir sur un autre point :<\/span><\/p>\n<p><strong>Nom, Pr\u00e9nom :<\/strong><\/p>\n<p><strong>N\u00b0 de t\u00e9l\u00e9phone :<\/strong><\/p>\n<p><strong>Courriel :\u00a0<\/strong><\/p>\n<p style=\"text-align: center;\"><strong>Le groupe d&rsquo;initiative Europe D\u00e9croissance 2019<\/strong><\/p>\n<p style=\"text-align: center;\"><a href=\"https:\/\/www.partipourladecroissance.net\/?attachment_id=8063\" rel=\"attachment wp-att-8063\"><img loading=\"lazy\" decoding=\"async\" class=\"size-full wp-image-8063 aligncenter\" src=\"https:\/\/www.partipourladecroissance.net\/wp-content\/uploads\/2012\/09\/mocppld_x.jpg\" alt=\"\" width=\"200\" height=\"53\" \/><\/a><a href=\"http:\/\/decroissance-elections.fr\/\">http:\/\/decroissance-elections.fr\/<\/a><\/p>\n","protected":false},"excerpt":{"rendered":"<p>Le collectifs \u00ab\u00a0nous sommes Parti-e-s Pour La D\u00e9croissance\u00a0\u00bb soutient Sans faire l&rsquo;unanimit\u00e9 parmi les d\u00e9croissants les participations \u00e9lectorales constituent depuis plus de 10 ans un mode d&rsquo;expression pratiqu\u00e9 par certains d&rsquo;entre nous. Ces exp\u00e9rimentations font partie de la diversit\u00e9 des &hellip; <a href=\"https:\/\/www.partipourladecroissance.net\/?p=9479\">Continuer la lecture <span class=\"meta-nav\">&rarr;<\/span><\/a><\/p>\n","protected":false},"author":7,"featured_media":0,"comment_status":"open","ping_status":"open","sticky":false,"template":"","format":"standard","meta":{"footnotes":""},"categories":[32,33],"tags":[],"class_list":["post-9479","post","type-post","status-publish","format-standard","hentry","category-elections","category-soutiens-du-ppld"],"_links":{"self":[{"href":"https:\/\/www.partipourladecroissance.net\/index.php?rest_route=\/wp\/v2\/posts\/9479","targetHints":{"allow":["GET"]}}],"collection":[{"href":"https:\/\/www.partipourladecroissance.net\/index.php?rest_route=\/wp\/v2\/posts"}],"about":[{"href":"https:\/\/www.partipourladecroissance.net\/index.php?rest_route=\/wp\/v2\/types\/post"}],"author":[{"embeddable":true,"href":"https:\/\/www.partipourladecroissance.net\/index.php?rest_route=\/wp\/v2\/users\/7"}],"replies":[{"embeddable":true,"href":"https:\/\/www.partipourladecroissance.net\/index.php?rest_route=%2Fwp%2Fv2%2Fcomments&post=9479"}],"version-history":[{"count":5,"href":"https:\/\/www.partipourladecroissance.net\/index.php?rest_route=\/wp\/v2\/posts\/9479\/revisions"}],"predecessor-version":[{"id":9486,"href":"https:\/\/www.partipourladecroissance.net\/index.php?rest_route=\/wp\/v2\/posts\/9479\/revisions\/9486"}],"wp:attachment":[{"href":"https:\/\/www.partipourladecroissance.net\/index.php?rest_route=%2Fwp%2Fv2%2Fmedia&parent=9479"}],"wp:term":[{"taxonomy":"category","embeddable":true,"href":"https:\/\/www.partipourladecroissance.net\/index.php?rest_route=%2Fwp%2Fv2%2Fcategories&post=9479"},{"taxonomy":"post_tag","embeddable":true,"href":"https:\/\/www.partipourladecroissance.net\/index.php?rest_route=%2Fwp%2Fv2%2Ftags&post=9479"}],"curies":[{"name":"wp","href":"https:\/\/api.w.org\/{rel}","templated":true}]}}